{"id":84810,"date":"2025-12-24T07:36:12","date_gmt":"2025-12-24T07:36:12","guid":{"rendered":"https:\/\/www.europesays.com\/lv\/84810\/"},"modified":"2025-12-24T07:36:12","modified_gmt":"2025-12-24T07:36:12","slug":"polija-oglraktuvju-spradziena-boja-gajusi-divi-kalnraci-upuru-skaits-sogad-sasniedzis-15-lente-lv","status":"publish","type":"post","link":"https:\/\/www.europesays.com\/lv\/84810\/","title":{"rendered":"Polij\u0101 og\u013craktuvju spr\u0101dzien\u0101 boj\u0101 g\u0101ju\u0161i divi kalnra\u010di; upuru skaits \u0161ogad sasniedzis 15\u00a0\u2014\u00a0Lente.lv"},"content":{"rendered":"<p>Met\u0101na spr\u0101dziens Polijas dienvidu og\u013craktuv\u0113<\/p>\n<p>Polijas dienvidos eso\u0161\u0101 og\u013craktuv\u0113 noticis tra\u0123isks met\u0101na spr\u0101dziens, kura rezult\u0101t\u0101 dz\u012bv\u012bbu zaud\u0113ju\u0161i divi kalnra\u010di, pazi\u0146ojis raktuvju uz\u0146\u0113mums JSW. K\u0101 zi\u0146o av\u012bze Diena, negad\u012bjums noticis pirmdienas p\u0113cpusdien\u0101 Pavlovices raktuv\u0113s, kas atrodas aptuveni 900 metru dzi\u013cum\u0101 zem zemes. \u0160is incidents atkal aktualiz\u0113 jaut\u0101jumus par darba dro\u0161\u012bbu dzi\u013curb\u0161anas nozar\u0113 valst\u012b.<\/p>\n<p>Notikuma br\u012bd\u012b spr\u0101dziena tuvum\u0101 str\u0101d\u0101ju\u0161i desmit kalnra\u010di. Pateicoties \u0101trajai reakcijai, asto\u0146iem no vi\u0146iem izdev\u0101s non\u0101kt dro\u0161\u012bb\u0101. Tom\u0113r ar diviem kol\u0113\u0123iem kontakts tika zaud\u0113ts. Gl\u0101b\u0161anas darbi tika uzs\u0101kti nekav\u0113joties, un p\u0113c aptuveni septi\u0146as stundas ilgas mekl\u0113\u0161anas gl\u0101b\u0113ji atrada abus v\u012brie\u0161us. \u0100rsts, ieradoties notikuma viet\u0101, konstat\u0113ja, ka 40 un 41 gada vecum\u0101 eso\u0161ie str\u0101dnieki bija g\u0101ju\u0161i boj\u0101.<\/p>\n<p>Ofici\u0101las amatpersonas pau\u017e l\u012bdzj\u016bt\u012bbu<\/p>\n<p>P\u0113c tra\u0123isko zi\u0146u apstiprin\u0101\u0161anas Polijas augst\u0101k\u0101s amatpersonas izteiku\u0161as dzi\u013cas skumjas par notiku\u0161o. Otrdienas r\u012bt\u0101 Polijas premjerministrs Donalds Tusks soci\u0101laj\u0101 t\u012bkl\u0101 &#8220;X&#8221; izteica l\u012bdzj\u016bt\u012bbu boj\u0101g\u0101ju\u0161o \u0123imen\u0113m. Ar\u012b prezidents Karols Navrockis paudis, ka zi\u0146a par kalnra\u010du n\u0101vi vi\u0146u sagr\u0101busi &#8220;ar liel\u0101m skumj\u0101m&#8221;. \u0160\u0101di notikumi vienm\u0113r rada sp\u0113c\u012bgu emocion\u0101lu atbalsi sabiedr\u012bb\u0101 un raisa diskusijas par risku mazin\u0101\u0161anu smag\u0101s r\u016bpniec\u012bbas nozar\u0113s.<\/p>\n<p>Tra\u0123isko negad\u012bjumu statistika<\/p>\n<p>\u0160is incidents iez\u012bm\u0113 k\u0101rt\u0113jo smago gadu kalnr\u016bpniec\u012bbas nozarei Polij\u0101. Saska\u0146\u0101 ar Valsts kalnr\u016bpniec\u012bbas p\u0101rvaldes (Centralna Komisja Egzaminacyjna, CKE) apkopotajiem datiem, \u0161ogad Polijas kalnr\u016bpniec\u012bbas negad\u012bjumos boj\u0101g\u0101ju\u0161o skaits sasniedzis jau 15 cilv\u0113kus. Lai gan met\u0101na spr\u0101dzieni ir b\u012bstama un, diem\u017e\u0113l, atsevi\u0161\u0137os re\u0123ionos gandr\u012bz ikgad\u0113ja par\u0101d\u012bba, katrs atsevi\u0161\u0137s gad\u012bjums izce\u013c nepiecie\u0161am\u012bbu nep\u0101rtraukti uzlabot dro\u0161\u012bbas standartus un uzraudz\u012bbu raktuvju ekspluat\u0101cij\u0101.<\/p>\n<p>Konteksts un nozares dro\u0161\u012bbas izaicin\u0101jumi<\/p>\n<p>Polija ir viena no Eiropas valst\u012bm ar visliel\u0101ko akme\u0146og\u013cu ieguvi, kas noz\u012bm\u0113, ka t\u016bksto\u0161iem str\u0101dnieku katru dienu veic darbu dzi\u013cum\u0101, pak\u013caujot sevi iev\u0113rojamiem riskiem. Spr\u0101dzienus visbie\u017e\u0101k izraisa met\u0101na koncentr\u0101cijas uzkr\u0101\u0161an\u0101s, kas ir dabisks g\u0101zes veids, kas izdal\u0101s no og\u013cu sl\u0101\u0146iem. Lai gan m\u016bsdienu raktuv\u0113s tiek pielietotas progres\u012bvas ventil\u0101cijas un g\u0101zes monitor\u0113\u0161anas sist\u0113mas, lai izvair\u012btos no spr\u0101dzienb\u012bstamas atmosf\u0113ras veido\u0161an\u0101s, pat vismodern\u0101k\u0101s tehnolo\u0123ijas nesp\u0113j piln\u012bb\u0101 izsl\u0113gt cilv\u0113cisk\u0101 faktora vai tehnisku nepiln\u012bbu rad\u012btos draudus.<\/p>\n<p>Neskatoties uz iepriek\u0161\u0113jiem valsts m\u0113\u0123in\u0101jumiem p\u0101rstruktur\u0113t un pat sl\u0113gt da\u017eas maz\u0101k rentablas un dro\u0161\u012bbas zi\u0146\u0101 riskant\u0101kas raktuves, notiku\u0161ais liecina, ka dro\u0161\u012bbas jaut\u0101jums joproj\u0101m ir kritisks. \u0160\u0101di incidenti bie\u017ei vien noved pie valsts l\u012bme\u0146a diskusij\u0101m par iesp\u0113jamo subs\u012bdiju reformu, kompens\u0101ciju meh\u0101nismiem un raktuvju ilgtsp\u0113j\u012bgas ekspluat\u0101cijas strat\u0113\u0123iju n\u0101kotn\u0113.<\/p>\n","protected":false},"excerpt":{"rendered":"Met\u0101na spr\u0101dziens Polijas dienvidu og\u013craktuv\u0113 Polijas dienvidos eso\u0161\u0101 og\u013craktuv\u0113 noticis tra\u0123isks met\u0101na spr\u0101dziens, kura rezult\u0101t\u0101 dz\u012bv\u012bbu zaud\u0113ju\u0161i divi&hellip;\n","protected":false},"author":2,"featured_media":84811,"comment_status":"","ping_status":"","sticky":false,"template":"","format":"standard","meta":{"footnotes":""},"categories":[14],"tags":[23,57,28,29,32,33,22,21454,30,31,35,39,38,36,37,34,40,21455,20,21453,72,26,27,5981,24,25,54,55,56,21,58],"class_list":{"0":"post-84810","1":"post","2":"type-post","3":"status-publish","4":"format-standard","5":"has-post-thumbnail","7":"category-zinas-no-arvalstim","8":"tag-aktualitates","9":"tag-arvalstim","10":"tag-breaking-news","11":"tag-breakingnews","12":"tag-featured-news","13":"tag-featurednews","14":"tag-headlines","15":"tag-jsw","16":"tag-latest-news","17":"tag-latestnews","18":"tag-latvia","19":"tag-latvian","20":"tag-latviesu","21":"tag-latviesu-valoda","22":"tag-latviesuvaloda","23":"tag-latvija","24":"tag-lv","25":"tag-metans","26":"tag-news","27":"tag-oglraktuve","28":"tag-polija","29":"tag-popularakas-zinas","30":"tag-popularakaszinas","31":"tag-spradziens","32":"tag-top-stories","33":"tag-topstories","34":"tag-world","35":"tag-world-news","36":"tag-worldnews","37":"tag-zinas","38":"tag-zinas-no-arvalstim"},"share_on_mastodon":{"url":"https:\/\/pubeurope.com\/@lv\/115773399672528516","error":""},"_links":{"self":[{"href":"https:\/\/www.europesays.com\/lv\/wp-json\/wp\/v2\/posts\/84810","targetHints":{"allow":["GET"]}}],"collection":[{"href":"https:\/\/www.europesays.com\/lv\/wp-json\/wp\/v2\/posts"}],"about":[{"href":"https:\/\/www.europesays.com\/lv\/wp-json\/wp\/v2\/types\/post"}],"author":[{"embeddable":true,"href":"https:\/\/www.europesays.com\/lv\/wp-json\/wp\/v2\/users\/2"}],"replies":[{"embeddable":true,"href":"https:\/\/www.europesays.com\/lv\/wp-json\/wp\/v2\/comments?post=84810"}],"version-history":[{"count":0,"href":"https:\/\/www.europesays.com\/lv\/wp-json\/wp\/v2\/posts\/84810\/revisions"}],"wp:featuredmedia":[{"embeddable":true,"href":"https:\/\/www.europesays.com\/lv\/wp-json\/wp\/v2\/media\/84811"}],"wp:attachment":[{"href":"https:\/\/www.europesays.com\/lv\/wp-json\/wp\/v2\/media?parent=84810"}],"wp:term":[{"taxonomy":"category","embeddable":true,"href":"https:\/\/www.europesays.com\/lv\/wp-json\/wp\/v2\/categories?post=84810"},{"taxonomy":"post_tag","embeddable":true,"href":"https:\/\/www.europesays.com\/lv\/wp-json\/wp\/v2\/tags?post=84810"}],"curies":[{"name":"wp","href":"https:\/\/api.w.org\/{rel}","templated":true}]}}