{"id":84881,"date":"2025-12-24T09:04:15","date_gmt":"2025-12-24T09:04:15","guid":{"rendered":"https:\/\/www.europesays.com\/lv\/84881\/"},"modified":"2025-12-24T09:04:15","modified_gmt":"2025-12-24T09:04:15","slug":"ainara-mielava-jubilejas-koncerta-ieraksts-65-koncerts-arena-ideals-fons-ziemassvetku-partraukumam-lente-lv-2","status":"publish","type":"post","link":"https:\/\/www.europesays.com\/lv\/84881\/","title":{"rendered":"Ainara Mielava Jubilejas Koncerta Ieraksts &#8220;65 Koncerts Ar\u0113n\u0101&#8221; \u2013 Ide\u0101ls Fons Ziemassv\u0113tku P\u0101rtraukumam\u00a0\u2014\u00a0Lente.lv"},"content":{"rendered":"<p>Jubilejas Atspulgs Digim\u0101laj\u0101 Form\u0101t\u0101<\/p>\n<p>Kad sv\u0113tku mirdzums s\u0101k \u0161\u0137ist nedaudz p\u0101r\u0101k salds un katra roka viesu uzst\u0101\u0161an\u0101s jau kairina nervus, klaus\u012bt\u0101jiem nepiecie\u0161ams kvalitat\u012bvs, neuzkr\u012bto\u0161s muzik\u0101ls papildin\u0101jums. Tie\u0161i \u0161\u0101d\u0101 br\u012bd\u012b pr\u0101t\u0101 n\u0101k lielisks risin\u0101jums \u2013 Ainara Mielava jubilejas koncerta ieraksts &#8220;65 koncerts ar\u0113n\u0101&#8221;. K\u0101 inform\u0113 port\u0101ls NRA, \u0161is ieraksts pied\u0101v\u0101 iesp\u0113ju baud\u012bt m\u0101kslinieka talantu neform\u0101l\u0101, ta\u010du tehniski augstv\u0113rt\u012bg\u0101 veid\u0101, kas lieliski iederas gan mier\u012bgos, gan svin\u012bgos br\u012b\u017eos. Lai gan v\u0113l nesen dzied\u0101t\u0101ja solokarjera tika papildin\u0101ta ar albumu &#8220;220 volti&#8221; (2020. gad\u0101), tie\u0161i \u0161is p\u0113d\u0113j\u0101 lielkoncerta atspulgs \u0161\u0137iet aktu\u0101ls k\u0101 nekad.<\/p>\n<p>Koncerts k\u0101 Tautas Sadzied\u0101\u0161an\u0101s<\/p>\n<p>Albuma pamat\u0101 ir v\u0113rien\u012bgais 2025. gada 25. oktobr\u012b notiku\u0161ais lielkoncerts &#8220;Xiaomi Ar\u0113n\u0101&#8221;, kas bija velt\u012bts Ainaram Mielavam vi\u0146a 65. jubilej\u0101. Pas\u0101kuma koncepcija bija ambicioza un tie\u0161\u0101 veid\u0101 iek\u013c\u0101va publiku \u2013 to d\u0113v\u0113ja par &#8220;tautas sadzied\u0101\u0161anos&#8221;. \u0160is elements veiksm\u012bgi atspogu\u013cojas ar\u012b albuma materi\u0101l\u0101, kur\u0161 saglab\u0101jis koncerta ener\u0123iju un kop\u012bbas saj\u016btu. Koncerta vizu\u0101lais noform\u0113jums paredz\u0113ja visu dziesmu v\u0101rdu projic\u0113\u0161anu uz lielajiem ekr\u0101niem, mudinot katru apmekl\u0113t\u0101ju b\u016bt ne tikai skat\u012bt\u0101jam, bet ar\u012b pilnv\u0113rt\u012bgam dal\u012bbniekam.<\/p>\n<p>Muzik\u0101l\u0101 Eseja: Viesi un Sadarb\u012bba<\/p>\n<p>Koncerts un, attiec\u012bgi, t\u0101 ieraksts nav tikai Mielava soloizr\u0101de. K\u0101 \u012bpa\u0161ie viesi un past\u0101v\u012bgi pavad\u012bt\u0101ji piedal\u012bj\u0101s gan &#8220;Jaunais M\u0113ness&#8221;, gan ar\u012b sen\u0101s m\u016bzikas v\u012bru vok\u0101l\u0101 grupa &#8220;Schola Cantorum Riga&#8221;. \u0160\u012b neparast\u0101 sadarb\u012bba \u2013 rokm\u016bzikas nosta\u013c\u0123ija apvienojum\u0101 ar klasisk\u0101 vok\u0101la dzi\u013cumu \u2013 ir viens no ieraksta centr\u0101lajiem punktiem. Mielava muzik\u0101lais ce\u013c\u0161, kas ietver m\u0101kslas vidusskolas, M\u0101kslas akad\u0113mijas studijas un pat pedago\u0123isko darbu, alla\u017e ir bijis daudzpus\u012bgs, un \u0161is koncerts ir k\u0101 apliecin\u0101jums \u0161ai daudz\u0161\u0137autnain\u012bbai. Dziesmu izlase, protams, aptver visu laiku popul\u0101r\u0101kos hitus, \u013caujot klaus\u012bt\u0101jam v\u0113lreiz izbaud\u012bt paz\u012bstamus melodijas, ta\u010du jaun\u0101 aran\u017eij\u0101 vai vismaz dz\u012bv\u0101 izpild\u012bjuma sp\u0113k\u0101.<\/p>\n<p>Tehnisk\u0101 Kvalit\u0101te un Pieejam\u012bba<\/p>\n<p>J\u0101piebilst, ka publisk\u0101 versija \u0161im ierakstam ir pieejama digit\u0101li, nodro\u0161inot labu ska\u0146as kvalit\u0101ti, piem\u0113ram, FLAC 24 bit \/ 48 kHz form\u0101t\u0101, kas liecina par r\u016bp\u012bgu p\u0113capstr\u0101des procesu. Tas ir b\u016btiski, lai ar\u012b m\u0101j\u0101s var\u0113tu izbaud\u012bt Ar\u0113nas akustiku un muzik\u0101lo bag\u0101t\u012bbu. Interesanti, ka da\u017ei no Mielava jaun\u0101kajiem muzik\u0101lajiem projektiem, piem\u0113ram, kopdarbs ar &#8220;Schola Cantorum Riga&#8221; \u2013 singls &#8220;Aizlaid \u0161aubas negaisam l\u012bdz&#8221;, jau bija pieejams pirms koncerta, radot papildu a\u017eiot\u0101\u017eu pirms liel\u0101s atz\u012bm\u0113\u0161anas.<\/p>\n<p>Nianses un P\u0101rdomas<\/p>\n<p>Apl\u016bkojot publisk\u0101s diskusijas par pa\u0161u koncertu, bie\u017ei vien tiek uzsv\u0113rta Mielava sp\u0113ja saglab\u0101t savu autentiskumu cauri gadiem, vienlaikus izr\u0101dot atkl\u0101t\u012bbu un sp\u0113ju main\u012bties. Koncerta ieraksts kalpo k\u0101 noz\u012bm\u012bgs pagrieziena punkts m\u0101kslinieka dai\u013crades hronik\u0101. Tas nav tikai kompil\u0101cijas albums; tas ir momentuz\u0146\u0113mums no noz\u012bm\u012bga dz\u012bves notikuma, kur\u0101 apkopota vair\u0101ku desmitga\u017eu muzik\u0101l\u0101 pieredze. Nav \u0161aubu, ka &#8220;65 koncerts ar\u0113n\u0101&#8221; k\u013c\u016bs par labu fonu ne tikai decembra beigu ros\u012bbai, bet jebkuram br\u012bdim, kad nepiecie\u0161ama kvalitat\u012bva un emocion\u0101li pies\u0101tin\u0101ta latvie\u0161u m\u016bzika, kas nevien\u0101 br\u012bd\u012b ne\u0161\u0137iet pagaisusi vai novecojusi.<\/p>\n","protected":false},"excerpt":{"rendered":"Jubilejas Atspulgs Digim\u0101laj\u0101 Form\u0101t\u0101 Kad sv\u0113tku mirdzums s\u0101k \u0161\u0137ist nedaudz p\u0101r\u0101k salds un katra roka viesu uzst\u0101\u0161an\u0101s jau&hellip;\n","protected":false},"author":2,"featured_media":84624,"comment_status":"","ping_status":"","sticky":false,"template":"","format":"standard","meta":{"footnotes":""},"categories":[19],"tags":[21358,9392,89,90,21359,35,39,38,194,36,37,34,40,21360],"class_list":{"0":"post-84881","1":"post","2":"type-post","3":"status-publish","4":"format-standard","5":"has-post-thumbnail","7":"category-izklaide","8":"tag-65-koncerts-arena","9":"tag-ainars-mielavs","10":"tag-entertainment","11":"tag-izklaide","12":"tag-jaunais-meness","13":"tag-latvia","14":"tag-latvian","15":"tag-latviesu","16":"tag-latviesu-muzika","17":"tag-latviesu-valoda","18":"tag-latviesuvaloda","19":"tag-latvija","20":"tag-lv","21":"tag-schola-cantorum-riga"},"share_on_mastodon":{"url":"https:\/\/pubeurope.com\/@lv\/115773745740806377","error":""},"_links":{"self":[{"href":"https:\/\/www.europesays.com\/lv\/wp-json\/wp\/v2\/posts\/84881","targetHints":{"allow":["GET"]}}],"collection":[{"href":"https:\/\/www.europesays.com\/lv\/wp-json\/wp\/v2\/posts"}],"about":[{"href":"https:\/\/www.europesays.com\/lv\/wp-json\/wp\/v2\/types\/post"}],"author":[{"embeddable":true,"href":"https:\/\/www.europesays.com\/lv\/wp-json\/wp\/v2\/users\/2"}],"replies":[{"embeddable":true,"href":"https:\/\/www.europesays.com\/lv\/wp-json\/wp\/v2\/comments?post=84881"}],"version-history":[{"count":0,"href":"https:\/\/www.europesays.com\/lv\/wp-json\/wp\/v2\/posts\/84881\/revisions"}],"wp:featuredmedia":[{"embeddable":true,"href":"https:\/\/www.europesays.com\/lv\/wp-json\/wp\/v2\/media\/84624"}],"wp:attachment":[{"href":"https:\/\/www.europesays.com\/lv\/wp-json\/wp\/v2\/media?parent=84881"}],"wp:term":[{"taxonomy":"category","embeddable":true,"href":"https:\/\/www.europesays.com\/lv\/wp-json\/wp\/v2\/categories?post=84881"},{"taxonomy":"post_tag","embeddable":true,"href":"https:\/\/www.europesays.com\/lv\/wp-json\/wp\/v2\/tags?post=84881"}],"curies":[{"name":"wp","href":"https:\/\/api.w.org\/{rel}","templated":true}]}}