{"id":84903,"date":"2025-12-24T09:20:12","date_gmt":"2025-12-24T09:20:12","guid":{"rendered":"https:\/\/www.europesays.com\/lv\/84903\/"},"modified":"2025-12-24T09:20:12","modified_gmt":"2025-12-24T09:20:12","slug":"dod-zalo-gaismu-starptautiskas-studiju-programmas-animacija-izveidei","status":"publish","type":"post","link":"https:\/\/www.europesays.com\/lv\/84903\/","title":{"rendered":"Dod &#8220;za\u013co gaismu&#8221; starptautiskas studiju programmas anim\u0101cij\u0101 izveidei"},"content":{"rendered":"<p class=\"western\">KM port\u0101lu &#8220;Delfi&#8221; inform\u0113ja, ka vald\u012bba izskat\u012bja informat\u012bvo zi\u0146ojumu &#8220;Par anim\u0101cijas studiju programmas izveidi un nodro\u0161in\u0101\u0161anu,&#8221; kur\u0101 rosin\u0101ts veicin\u0101t Latvijas anim\u0101cijas nozares m\u0113r\u0137tiec\u012bgu izaugsmi, konkur\u0113tsp\u0113ju, ilgtsp\u0113ju un starptautisko sadarb\u012bbu, paredzot \u012bstenot risin\u0101jumu augst\u0101k\u0101s izgl\u012bt\u012bbas studiju programmas anim\u0101cij\u0101 izveidei un finans\u0113\u0161anai.<\/p>\n<p class=\"western\">&#8220;Ar\u012b Latvij\u0101 v\u0113rojams augo\u0161s piepras\u012bjums p\u0113c kvalific\u0113tiem anim\u0101cijas profesion\u0101\u013ciem, kuri sp\u0113tu rad\u012bt augstas kvalit\u0101tes saturu da\u017e\u0101d\u0101s jom\u0101s un att\u012bst\u012bt or\u0123in\u0101lus projektus. T\u0101lab pa\u0161laik, kad Latvijas anim\u0101cija ir sasniegusi visaugst\u0101k\u0101s virsotnes, pateicoties anim\u0101cijas filmas &#8220;Straume&#8221; izcilajiem pan\u0101kumiem, ir piem\u0113rots laiks, lai m\u016bsu m\u0101kslu un kult\u016bras augstskolas izveidotu fokus\u0113tu augst\u0101k\u0101s izgl\u012bt\u012bbas studiju programmu, kuras ietvaros b\u016btu iesp\u0113ja sagatavot anim\u0101cijas profesion\u0101\u013cus ar nozares darba tirgum nepiecie\u0161amaj\u0101m prasm\u0113m,&#8221; uzsver ministre.<\/p>\n<p class=\"m-0\">Seko &#8220;Delfi&#8221; ar\u012b  <a target=\"_blank\" href=\"https:\/\/www.instagram.com\/delfi.lv\/\" rel=\"nofollow noopener\">Instagram<\/a>  un <a target=\"_blank\" href=\"https:\/\/www.youtube.com\/channel\/UCw5foWtcJvAbUm64rv7jwUQ\" rel=\"nofollow noopener\">YouTube<\/a>  profil\u0101 \u2013 pievienojies, lai uzzin\u0101tu svar\u012bg\u0101ko un interesant\u0101ko pirmais!<\/p>\n<p>Publik\u0101cijas saturs vai t\u0101s jebk\u0101da apjoma da\u013ca ir aizsarg\u0101ts autorties\u012bbu objekts Autorties\u012bbu likuma izpratn\u0113, un t\u0101 izmanto\u0161ana bez izdev\u0113ja at\u013caujas ir aizliegta. Vair\u0101k lasi  <a target=\"_blank\" href=\"https:\/\/www.delfi.lv\/noteikumi#autortiesibas\" rel=\"nofollow noopener\">\u0161eit<\/a><script async src=\"\/\/www.instagram.com\/embed.js\"><\/script><\/p>\n","protected":false},"excerpt":{"rendered":"KM port\u0101lu &#8220;Delfi&#8221; inform\u0113ja, ka vald\u012bba izskat\u012bja informat\u012bvo zi\u0146ojumu &#8220;Par anim\u0101cijas studiju programmas izveidi un nodro\u0161in\u0101\u0161anu,&#8221; kur\u0101 rosin\u0101ts&hellip;\n","protected":false},"author":2,"featured_media":84904,"comment_status":"","ping_status":"","sticky":false,"template":"","format":"standard","meta":{"footnotes":""},"categories":[12],"tags":[8981,23,28,29,32,33,22,1813,30,31,35,39,38,36,37,34,1224,505,40,5604,20,26,27,24,25,21],"class_list":{"0":"post-84903","1":"post","2":"type-post","3":"status-publish","4":"format-standard","5":"has-post-thumbnail","7":"category-latvija","8":"tag-agnese-lace","9":"tag-aktualitates","10":"tag-breaking-news","11":"tag-breakingnews","12":"tag-featured-news","13":"tag-featurednews","14":"tag-headlines","15":"tag-kulturas-ministrija","16":"tag-latest-news","17":"tag-latestnews","18":"tag-latvia","19":"tag-latvian","20":"tag-latviesu","21":"tag-latviesu-valoda","22":"tag-latviesuvaloda","23":"tag-latvija","24":"tag-latvijas-kulturas-akademija","25":"tag-latvijas-makslas-akademija","26":"tag-lv","27":"tag-ministru-kabinets","28":"tag-news","29":"tag-popularakas-zinas","30":"tag-popularakaszinas","31":"tag-top-stories","32":"tag-topstories","33":"tag-zinas"},"share_on_mastodon":{"url":"https:\/\/pubeurope.com\/@lv\/115773808547856382","error":""},"_links":{"self":[{"href":"https:\/\/www.europesays.com\/lv\/wp-json\/wp\/v2\/posts\/84903","targetHints":{"allow":["GET"]}}],"collection":[{"href":"https:\/\/www.europesays.com\/lv\/wp-json\/wp\/v2\/posts"}],"about":[{"href":"https:\/\/www.europesays.com\/lv\/wp-json\/wp\/v2\/types\/post"}],"author":[{"embeddable":true,"href":"https:\/\/www.europesays.com\/lv\/wp-json\/wp\/v2\/users\/2"}],"replies":[{"embeddable":true,"href":"https:\/\/www.europesays.com\/lv\/wp-json\/wp\/v2\/comments?post=84903"}],"version-history":[{"count":0,"href":"https:\/\/www.europesays.com\/lv\/wp-json\/wp\/v2\/posts\/84903\/revisions"}],"wp:featuredmedia":[{"embeddable":true,"href":"https:\/\/www.europesays.com\/lv\/wp-json\/wp\/v2\/media\/84904"}],"wp:attachment":[{"href":"https:\/\/www.europesays.com\/lv\/wp-json\/wp\/v2\/media?parent=84903"}],"wp:term":[{"taxonomy":"category","embeddable":true,"href":"https:\/\/www.europesays.com\/lv\/wp-json\/wp\/v2\/categories?post=84903"},{"taxonomy":"post_tag","embeddable":true,"href":"https:\/\/www.europesays.com\/lv\/wp-json\/wp\/v2\/tags?post=84903"}],"curies":[{"name":"wp","href":"https:\/\/api.w.org\/{rel}","templated":true}]}}