{"id":84914,"date":"2025-12-24T09:50:11","date_gmt":"2025-12-24T09:50:11","guid":{"rendered":"https:\/\/www.europesays.com\/lv\/84914\/"},"modified":"2025-12-24T09:50:11","modified_gmt":"2025-12-24T09:50:11","slug":"sodien-lielakie-tirdzniecibas-centri-riga-strada-saisinatu-darba-laiku","status":"publish","type":"post","link":"https:\/\/www.europesays.com\/lv\/84914\/","title":{"rendered":"\u0160odien liel\u0101kie tirdzniec\u012bbas centri R\u012bg\u0101 str\u0101d\u0101 sa\u012bsin\u0101tu darba laiku"},"content":{"rendered":"<p>Savuk\u0101rt tirdzniec\u012bbas centr\u0101 eso\u0161\u0101 &#8220;Maxima XXX&#8221; \u0161odien str\u0101d\u0101s no plkst. 8 l\u012bdz 20, 25. decembr\u012b no plkst. 11 l\u012bdz 22, 31. decembr\u012b no plkst. 8 l\u012bdz 20, bet 1. janv\u0101r\u012b veikals b\u016bs sl\u0113gts.<\/p>\n<p>&#8220;Galerija Centrs&#8221; \u0161odien str\u0101d\u0101s no plkst. 10 l\u012bdz 19, 25. decembr\u012b no plkst. 11 l\u012bdz 20, 26. decembr\u012b no plkst. 11 l\u012bdz 20, bet 31. decembr\u012b no plkst. 10 l\u012bdz 19. &#8220;Galerija Centrs&#8221; 1. janv\u0101r\u012b b\u016bs sl\u0113gts.<\/p>\n<p>&#8220;Rimi&#8221;, kas atrodas &#8220;Galerij\u0101 Centrs&#8221;, \u0161odien str\u0101d\u0101s no plkst. 8 l\u012bdz 20, 25. decembr\u012b no plkst. 10 l\u012bdz 21, 26. decembr\u012b no plkst. 8 l\u012bdz 22, 31. decembr\u012b no plkst. 8 l\u012bdz 21, bet 1. janv\u0101r\u012b no plkst. 11 l\u012bdz 20.<\/p>\n<p>&#8220;Stockmann&#8221; kosm\u0113tikas, modes un m\u0101jas noda\u013cu darba laiks \u0161odien b\u016bs no plkst. 10 l\u012bdz 20, bet delikate\u0161u noda\u013ca str\u0101d\u0101s no plkst. 9 l\u012bdz 21. Tirdzniec\u012bbas centrs 25. decembr\u012b str\u0101d\u0101s no plkst. 11 l\u012bdz 20, 26. decembr\u012b no plkst. 10 l\u012bdz 21. Savuk\u0101rt 31. decembr\u012b kosm\u0113tikas, modes un m\u0101jas noda\u013ca str\u0101d\u0101s no plkst. 10 l\u012bdz 20, bet delikate\u0161u noda\u013ca no plkst. 9 l\u012bdz 20. &#8220;Stockmann&#8221; 1. janv\u0101r\u012b b\u016bs sl\u0113gts.<\/p>\n<p>&#8220;R\u012bga Plaza&#8221; darba laiks \u0161odien b\u016bs no plkst. 10 l\u012bdz 19, 25. decembr\u012b no plkst. 12 l\u012bdz 21, 26. decembr\u012b no plkst. 10 l\u012bdz 21, 31. decembr\u012b no plkst. 10 l\u012bdz 19, bet 1. janv\u0101r\u012b tirdzniec\u012bbas centrs b\u016bs sl\u0113gts.<\/p>\n","protected":false},"excerpt":{"rendered":"Savuk\u0101rt tirdzniec\u012bbas centr\u0101 eso\u0161\u0101 &#8220;Maxima XXX&#8221; \u0161odien str\u0101d\u0101s no plkst. 8 l\u012bdz 20, 25. decembr\u012b no plkst. 11&hellip;\n","protected":false},"author":2,"featured_media":84915,"comment_status":"","ping_status":"","sticky":false,"template":"","format":"standard","meta":{"footnotes":""},"categories":[12],"tags":[5869,23,28,29,32,33,22,30,31,35,39,38,36,37,34,40,3546,20,26,27,733,3545,24,25,15961,9687,21],"class_list":{"0":"post-84914","1":"post","2":"type-post","3":"status-publish","4":"format-standard","5":"has-post-thumbnail","7":"category-latvija","8":"tag-ziema","9":"tag-aktualitates","10":"tag-breaking-news","11":"tag-breakingnews","12":"tag-featured-news","13":"tag-featurednews","14":"tag-headlines","15":"tag-latest-news","16":"tag-latestnews","17":"tag-latvia","18":"tag-latvian","19":"tag-latviesu","20":"tag-latviesu-valoda","21":"tag-latviesuvaloda","22":"tag-latvija","23":"tag-lv","24":"tag-mazumtirdznieciba","25":"tag-news","26":"tag-popularakas-zinas","27":"tag-popularakaszinas","28":"tag-tirdznieciba","29":"tag-tirdznieciba-un-pakalpojumi","30":"tag-top-stories","31":"tag-topstories","32":"tag-ziemas-saulgriezi","33":"tag-ziemassvetki","34":"tag-zinas"},"share_on_mastodon":{"url":"https:\/\/pubeurope.com\/@lv\/115773926846000387","error":""},"_links":{"self":[{"href":"https:\/\/www.europesays.com\/lv\/wp-json\/wp\/v2\/posts\/84914","targetHints":{"allow":["GET"]}}],"collection":[{"href":"https:\/\/www.europesays.com\/lv\/wp-json\/wp\/v2\/posts"}],"about":[{"href":"https:\/\/www.europesays.com\/lv\/wp-json\/wp\/v2\/types\/post"}],"author":[{"embeddable":true,"href":"https:\/\/www.europesays.com\/lv\/wp-json\/wp\/v2\/users\/2"}],"replies":[{"embeddable":true,"href":"https:\/\/www.europesays.com\/lv\/wp-json\/wp\/v2\/comments?post=84914"}],"version-history":[{"count":0,"href":"https:\/\/www.europesays.com\/lv\/wp-json\/wp\/v2\/posts\/84914\/revisions"}],"wp:featuredmedia":[{"embeddable":true,"href":"https:\/\/www.europesays.com\/lv\/wp-json\/wp\/v2\/media\/84915"}],"wp:attachment":[{"href":"https:\/\/www.europesays.com\/lv\/wp-json\/wp\/v2\/media?parent=84914"}],"wp:term":[{"taxonomy":"category","embeddable":true,"href":"https:\/\/www.europesays.com\/lv\/wp-json\/wp\/v2\/categories?post=84914"},{"taxonomy":"post_tag","embeddable":true,"href":"https:\/\/www.europesays.com\/lv\/wp-json\/wp\/v2\/tags?post=84914"}],"curies":[{"name":"wp","href":"https:\/\/api.w.org\/{rel}","templated":true}]}}