{"id":84932,"date":"2025-12-24T10:19:09","date_gmt":"2025-12-24T10:19:09","guid":{"rendered":"https:\/\/www.europesays.com\/lv\/84932\/"},"modified":"2025-12-24T10:19:09","modified_gmt":"2025-12-24T10:19:09","slug":"slovakija-buvlaukuma-sagruvis-jumts-ir-bojagajusie","status":"publish","type":"post","link":"https:\/\/www.europesays.com\/lv\/84932\/","title":{"rendered":"Slov\u0101kij\u0101 b\u016bvlaukum\u0101 sagruvis jumts; ir boj\u0101g\u0101ju\u0161ie"},"content":{"rendered":"<p>Gruve\u0161os tika atrasti tr\u012bs v\u012brie\u0161u l\u012b\u0137i. V\u0113l viens cilv\u0113ks tika izvilkts no gruve\u0161iem dz\u012bvs, bet ar nopietniem ievainojumiem, un tika aizvests uz slimn\u012bcu, zi\u0146oja TASR, atsaucoties uz ugunsdz\u0113s\u0113ju brig\u0101di.<\/p>\n<p>Sagr\u016b\u0161anas br\u012bd\u012b b\u016bvlaukum\u0101 notika b\u016bvdarbi. Bog\u0101g\u0101ju\u0161ie v\u012brie\u0161i bija 23, 31 un 41 gadu veci.<\/p>\n<p>Katastrofa notika Ve\u013cke Kapu\u0161anu pils\u0113t\u0101, kas atrodas net\u0101lu no Ukrainas robe\u017eas.<\/p>\n<p>Mekl\u0113\u0161anas un gl\u0101b\u0161anas oper\u0101cija ilga vair\u0101kas stundas, un taj\u0101 bija iesaist\u012btas ugunsdz\u0113s\u0113ju un gl\u0101b\u0113ju komandas. Policija ir s\u0101kusi izmekl\u0113t katastrofas c\u0113loni.<\/p>\n","protected":false},"excerpt":{"rendered":"Gruve\u0161os tika atrasti tr\u012bs v\u012brie\u0161u l\u012b\u0137i. V\u0113l viens cilv\u0113ks tika izvilkts no gruve\u0161iem dz\u012bvs, bet ar nopietniem ievainojumiem,&hellip;\n","protected":false},"author":2,"featured_media":81808,"comment_status":"","ping_status":"","sticky":false,"template":"","format":"standard","meta":{"footnotes":""},"categories":[14],"tags":[23,57,28,29,32,33,22,30,31,35,39,38,36,37,34,40,20,26,27,3008,24,25,2425,54,55,56,21,58],"class_list":{"0":"post-84932","1":"post","2":"type-post","3":"status-publish","4":"format-standard","5":"has-post-thumbnail","7":"category-zinas-no-arvalstim","8":"tag-aktualitates","9":"tag-arvalstim","10":"tag-breaking-news","11":"tag-breakingnews","12":"tag-featured-news","13":"tag-featurednews","14":"tag-headlines","15":"tag-latest-news","16":"tag-latestnews","17":"tag-latvia","18":"tag-latvian","19":"tag-latviesu","20":"tag-latviesu-valoda","21":"tag-latviesuvaloda","22":"tag-latvija","23":"tag-lv","24":"tag-news","25":"tag-popularakas-zinas","26":"tag-popularakaszinas","27":"tag-slovakija","28":"tag-top-stories","29":"tag-topstories","30":"tag-tragedija","31":"tag-world","32":"tag-world-news","33":"tag-worldnews","34":"tag-zinas","35":"tag-zinas-no-arvalstim"},"share_on_mastodon":{"url":"https:\/\/pubeurope.com\/@lv\/115774040449697935","error":""},"_links":{"self":[{"href":"https:\/\/www.europesays.com\/lv\/wp-json\/wp\/v2\/posts\/84932","targetHints":{"allow":["GET"]}}],"collection":[{"href":"https:\/\/www.europesays.com\/lv\/wp-json\/wp\/v2\/posts"}],"about":[{"href":"https:\/\/www.europesays.com\/lv\/wp-json\/wp\/v2\/types\/post"}],"author":[{"embeddable":true,"href":"https:\/\/www.europesays.com\/lv\/wp-json\/wp\/v2\/users\/2"}],"replies":[{"embeddable":true,"href":"https:\/\/www.europesays.com\/lv\/wp-json\/wp\/v2\/comments?post=84932"}],"version-history":[{"count":0,"href":"https:\/\/www.europesays.com\/lv\/wp-json\/wp\/v2\/posts\/84932\/revisions"}],"wp:featuredmedia":[{"embeddable":true,"href":"https:\/\/www.europesays.com\/lv\/wp-json\/wp\/v2\/media\/81808"}],"wp:attachment":[{"href":"https:\/\/www.europesays.com\/lv\/wp-json\/wp\/v2\/media?parent=84932"}],"wp:term":[{"taxonomy":"category","embeddable":true,"href":"https:\/\/www.europesays.com\/lv\/wp-json\/wp\/v2\/categories?post=84932"},{"taxonomy":"post_tag","embeddable":true,"href":"https:\/\/www.europesays.com\/lv\/wp-json\/wp\/v2\/tags?post=84932"}],"curies":[{"name":"wp","href":"https:\/\/api.w.org\/{rel}","templated":true}]}}