{"id":84953,"date":"2025-12-24T10:43:09","date_gmt":"2025-12-24T10:43:09","guid":{"rendered":"https:\/\/www.europesays.com\/lv\/84953\/"},"modified":"2025-12-24T10:43:09","modified_gmt":"2025-12-24T10:43:09","slug":"polija-plano-veidot-jaunu-lielpilsetu-tas-platiba-pieckart-parsniegtu-varsavu","status":"publish","type":"post","link":"https:\/\/www.europesays.com\/lv\/84953\/","title":{"rendered":"Polij\u0101 pl\u0101no veidot jaunu lielpils\u0113tu. T\u0101s plat\u012bba pieck\u0101rt p\u0101rsniegtu Var\u0161avu"},"content":{"rendered":"<p>Iecer\u0113t\u0101s megapolises plat\u012bba Sil\u0113zijas dienvidrietumos b\u016btu gandr\u012bz 2500 kvadr\u0101tkilometri, bet t\u0101s iedz\u012bvot\u0101ju skaits sasniegtu 2,1 miljonu cilv\u0113ku. Tikm\u0113r sal\u012bdzin\u0101jumam Londonas plat\u012bba ir tikai 1572 kvadr\u0101tkilometri.<\/p>\n<p>Jaun\u0101s lielpils\u0113tas izm\u0113ri pieck\u0101rt p\u0101rsniegtu Var\u0161avas izm\u0113rus. \u0160obr\u012bd Polijas galvaspils\u0113tas plat\u012bba ir 517 kvadr\u0101tkilometri, un tur m\u012bt 1,86 miljoni cilv\u0113ku.<\/p>\n<p>Projektu izstr\u0101d\u0101ju\u0161i Sil\u0113zijas Universit\u0101tes zin\u0101tnieki, un tam atbalstu paudis liel\u0101k\u0101s novada pils\u0113tas Katovices m\u0113rs Marcins Krupa.<\/p>\n<p>Jaun\u0101 lielpils\u0113ta apvienos vien\u0101 administrat\u012bv\u0101 vien\u012bb\u0101 41 pa\u0161reiz\u0113jo pils\u0113tu un mazpils\u0113tu, taj\u0101 skait\u0101 Katovici, Sosnovecu, Glivici un Zab\u017ei.<\/p>\n<p>&#8220;Viena pils\u0113ta k\u0101 visu metropoles municipalit\u0101\u0161u integr\u0101cijas p\u0113d\u0113j\u0101 f\u0101ze ir mans sapnis,&#8221; sarun\u0101 ar laikrakstu &#8220;Gazeta Wyborcza&#8221; atzinis Kripa.<\/p>\n<p>Projekta autori nor\u0101da, ka apvienot\u0101 pils\u0113ta \u013caus efekt\u012bv\u0101k izmantot resursus un koordin\u0113t att\u012bst\u012bbas politiku, uzlabot pilso\u0146u dz\u012bves kvalit\u0101ti un stiprin\u0101t Sil\u0113zijas ekonomisk\u0101s poz\u012bcijas.<\/p>\n<p>Savuk\u0101rt idejas pretinieki apgalvo, ka maz\u0101k\u0101s municipalit\u0101tes var zaud\u0113t kontroli p\u0101r viet\u0113j\u0101m priorit\u0101t\u0113m un savu apkaimju identit\u0101ti.<\/p>\n<p>Jau pied\u0101v\u0101ti vair\u0101ki iesp\u0113jam\u0101s lielpils\u0113tas nosaukumi, taj\u0101 skait\u0101 &#8220;Megapolise&#8221;, &#8220;Sil\u0113zija&#8221; un &#8220;Jaun\u0101 Katovice&#8221;. Par gal\u012bgo izv\u0113li b\u016bs j\u0101lemj pilso\u0146iem referendum\u0101.<\/p>\n","protected":false},"excerpt":{"rendered":"Iecer\u0113t\u0101s megapolises plat\u012bba Sil\u0113zijas dienvidrietumos b\u016btu gandr\u012bz 2500 kvadr\u0101tkilometri, bet t\u0101s iedz\u012bvot\u0101ju skaits sasniegtu 2,1 miljonu cilv\u0113ku. Tikm\u0113r&hellip;\n","protected":false},"author":2,"featured_media":76524,"comment_status":"","ping_status":"","sticky":false,"template":"","format":"standard","meta":{"footnotes":""},"categories":[14],"tags":[23,57,28,29,32,33,22,30,31,35,39,38,36,37,34,40,20,72,26,27,24,25,54,55,56,21,58],"class_list":{"0":"post-84953","1":"post","2":"type-post","3":"status-publish","4":"format-standard","5":"has-post-thumbnail","7":"category-zinas-no-arvalstim","8":"tag-aktualitates","9":"tag-arvalstim","10":"tag-breaking-news","11":"tag-breakingnews","12":"tag-featured-news","13":"tag-featurednews","14":"tag-headlines","15":"tag-latest-news","16":"tag-latestnews","17":"tag-latvia","18":"tag-latvian","19":"tag-latviesu","20":"tag-latviesu-valoda","21":"tag-latviesuvaloda","22":"tag-latvija","23":"tag-lv","24":"tag-news","25":"tag-polija","26":"tag-popularakas-zinas","27":"tag-popularakaszinas","28":"tag-top-stories","29":"tag-topstories","30":"tag-world","31":"tag-world-news","32":"tag-worldnews","33":"tag-zinas","34":"tag-zinas-no-arvalstim"},"share_on_mastodon":{"url":"https:\/\/pubeurope.com\/@lv\/115774134879733182","error":""},"_links":{"self":[{"href":"https:\/\/www.europesays.com\/lv\/wp-json\/wp\/v2\/posts\/84953","targetHints":{"allow":["GET"]}}],"collection":[{"href":"https:\/\/www.europesays.com\/lv\/wp-json\/wp\/v2\/posts"}],"about":[{"href":"https:\/\/www.europesays.com\/lv\/wp-json\/wp\/v2\/types\/post"}],"author":[{"embeddable":true,"href":"https:\/\/www.europesays.com\/lv\/wp-json\/wp\/v2\/users\/2"}],"replies":[{"embeddable":true,"href":"https:\/\/www.europesays.com\/lv\/wp-json\/wp\/v2\/comments?post=84953"}],"version-history":[{"count":0,"href":"https:\/\/www.europesays.com\/lv\/wp-json\/wp\/v2\/posts\/84953\/revisions"}],"wp:featuredmedia":[{"embeddable":true,"href":"https:\/\/www.europesays.com\/lv\/wp-json\/wp\/v2\/media\/76524"}],"wp:attachment":[{"href":"https:\/\/www.europesays.com\/lv\/wp-json\/wp\/v2\/media?parent=84953"}],"wp:term":[{"taxonomy":"category","embeddable":true,"href":"https:\/\/www.europesays.com\/lv\/wp-json\/wp\/v2\/categories?post=84953"},{"taxonomy":"post_tag","embeddable":true,"href":"https:\/\/www.europesays.com\/lv\/wp-json\/wp\/v2\/tags?post=84953"}],"curies":[{"name":"wp","href":"https:\/\/api.w.org\/{rel}","templated":true}]}}