{"id":84958,"date":"2025-12-24T10:49:11","date_gmt":"2025-12-24T10:49:11","guid":{"rendered":"https:\/\/www.europesays.com\/lv\/84958\/"},"modified":"2025-12-24T10:49:11","modified_gmt":"2025-12-24T10:49:11","slug":"video-%e2%9f%a9-maskava-atkal-nogrand-spradziens-nogalinati-divi-policisti","status":"publish","type":"post","link":"https:\/\/www.europesays.com\/lv\/84958\/","title":{"rendered":"VIDEO \u27e9 Maskav\u0101 atkal nogrand spr\u0101dziens: nogalin\u0101ti divi policisti"},"content":{"rendered":"<p>Spr\u0101dziens noticis net\u0101lu no vietas, kur pirmdien tika likvid\u0113ts Krievijas \u0123ener\u0101l\u0161t\u0101ba operat\u012bv\u0101s apm\u0101c\u012bbas p\u0101rvaldes priek\u0161nieks \u0123ener\u0101lleitnants Fanils Sarvarovs.<\/p>\n<p>Incidents noticis ap plkst. 1.30 (plkst. 0.30 p\u0113c Latvijas laika) pie policijas iecirk\u0146a Maskavas dienvidos.<\/p>\n<p>Kad policisti blakus savai patru\u013cma\u0161\u012bnai pieg\u0101ja pie aizdom\u012bg\u0101s personas, t\u0101 deton\u0113ja spridzekli, teikts izmekl\u0113\u0161anas komitejas pazi\u0146ojum\u0101.<\/p>\n<p>Spr\u0101dzien\u0101 g\u0101jis boj\u0101 ar\u012b v\u012brietis, kas iedarbin\u0101ja spridzekli.<\/p>\n<p>Ar ties\u012bbsarg\u0101\u0161anas iest\u0101d\u0113m saist\u012btais lietotnes &#8220;Telegram&#8221; kan\u0101ls &#8220;Baza&#8221; v\u0113sta, ka eksplozij\u0101 v\u0113l divi policisti guvu\u0161i ievainojumus un smag\u0101 st\u0101vokl\u012b nog\u0101d\u0101ti slimn\u012bc\u0101.<\/p>\n<p>&#8220;Baza&#8221; ar\u012b apgalvo, ka spridzeklis esot bijis novietots zem policijas automobi\u013ca.<\/p>\n<blockquote class=\"twitter-tweet\" data-media-max-width=\"560\">\n<p lang=\"en\" dir=\"ltr\">A car carrying police officers was blown up in Moscow, according to Russian media outlets. \ud83d\udd25\ud83d\udd25\ud83d\udd25<\/p>\n<p>Some groups report that this occurred on the same street where, a few days earlier, the car of Russian Director General Fanil Sarvarov was bombed. <a href=\"https:\/\/t.co\/D4qGUHubIw\" rel=\"nofollow\">pic.twitter.com\/D4qGUHubIw<\/a><\/p>\n<p>\u2014 J\u00fcrgen Nauditt \ud83c\udde9\ud83c\uddea\ud83c\uddfa\ud83c\udde6 (@jurgen_nauditt) <a href=\"https:\/\/twitter.com\/jurgen_nauditt\/status\/2003691232699253189?ref_src=twsrc%5Etfw\" rel=\"nofollow noopener\" target=\"_blank\">December 24, 2025<\/a><\/p><\/blockquote>\n<p><script async src=\"https:\/\/platform.twitter.com\/widgets.js\" charset=\"utf-8\"><\/script><\/p>\n","protected":false},"excerpt":{"rendered":"Spr\u0101dziens noticis net\u0101lu no vietas, kur pirmdien tika likvid\u0113ts Krievijas \u0123ener\u0101l\u0161t\u0101ba operat\u012bv\u0101s apm\u0101c\u012bbas p\u0101rvaldes priek\u0161nieks \u0123ener\u0101lleitnants Fanils Sarvarovs.&hellip;\n","protected":false},"author":2,"featured_media":84959,"comment_status":"","ping_status":"","sticky":false,"template":"","format":"standard","meta":{"footnotes":""},"categories":[14],"tags":[23,57,28,29,32,33,22,234,30,31,35,39,38,36,37,34,40,6922,20,26,27,24,25,54,55,56,21,58],"class_list":{"0":"post-84958","1":"post","2":"type-post","3":"status-publish","4":"format-standard","5":"has-post-thumbnail","7":"category-zinas-no-arvalstim","8":"tag-aktualitates","9":"tag-arvalstim","10":"tag-breaking-news","11":"tag-breakingnews","12":"tag-featured-news","13":"tag-featurednews","14":"tag-headlines","15":"tag-krievija","16":"tag-latest-news","17":"tag-latestnews","18":"tag-latvia","19":"tag-latvian","20":"tag-latviesu","21":"tag-latviesu-valoda","22":"tag-latviesuvaloda","23":"tag-latvija","24":"tag-lv","25":"tag-maskava","26":"tag-news","27":"tag-popularakas-zinas","28":"tag-popularakaszinas","29":"tag-top-stories","30":"tag-topstories","31":"tag-world","32":"tag-world-news","33":"tag-worldnews","34":"tag-zinas","35":"tag-zinas-no-arvalstim"},"share_on_mastodon":{"url":"https:\/\/pubeurope.com\/@lv\/115774158467984755","error":""},"_links":{"self":[{"href":"https:\/\/www.europesays.com\/lv\/wp-json\/wp\/v2\/posts\/84958","targetHints":{"allow":["GET"]}}],"collection":[{"href":"https:\/\/www.europesays.com\/lv\/wp-json\/wp\/v2\/posts"}],"about":[{"href":"https:\/\/www.europesays.com\/lv\/wp-json\/wp\/v2\/types\/post"}],"author":[{"embeddable":true,"href":"https:\/\/www.europesays.com\/lv\/wp-json\/wp\/v2\/users\/2"}],"replies":[{"embeddable":true,"href":"https:\/\/www.europesays.com\/lv\/wp-json\/wp\/v2\/comments?post=84958"}],"version-history":[{"count":0,"href":"https:\/\/www.europesays.com\/lv\/wp-json\/wp\/v2\/posts\/84958\/revisions"}],"wp:featuredmedia":[{"embeddable":true,"href":"https:\/\/www.europesays.com\/lv\/wp-json\/wp\/v2\/media\/84959"}],"wp:attachment":[{"href":"https:\/\/www.europesays.com\/lv\/wp-json\/wp\/v2\/media?parent=84958"}],"wp:term":[{"taxonomy":"category","embeddable":true,"href":"https:\/\/www.europesays.com\/lv\/wp-json\/wp\/v2\/categories?post=84958"},{"taxonomy":"post_tag","embeddable":true,"href":"https:\/\/www.europesays.com\/lv\/wp-json\/wp\/v2\/tags?post=84958"}],"curies":[{"name":"wp","href":"https:\/\/api.w.org\/{rel}","templated":true}]}}