{"id":84960,"date":"2025-12-24T10:53:10","date_gmt":"2025-12-24T10:53:10","guid":{"rendered":"https:\/\/www.europesays.com\/lv\/84960\/"},"modified":"2025-12-24T10:53:10","modified_gmt":"2025-12-24T10:53:10","slug":"3-4-i-pasaules-kausa-izcinas-ceturtais-posms-kamaninu-sporta-sigulda","status":"publish","type":"post","link":"https:\/\/www.europesays.com\/lv\/84960\/","title":{"rendered":"3.-4.I Pasaules kausa izc\u012b\u0146as ceturtais posms kamani\u0146u sport\u0101 Siguld\u0101"},"content":{"rendered":"<p>3.un 4.janv\u0101r\u012b Siguldas tras\u0113 norisin\u0101sies Pasaules kausa izc\u012b\u0146as ceturt\u0101 posma sacens\u012bbas kamani\u0146u sport\u0101 ar pasaules lab\u0101ko sportistu piedal\u012b\u0161anos. Programma: sestdien \u2013 plkst.9.30 1.brauciens dam\u0101m, 11.05 1.brauciens v\u012briem, 12.30 1.brauciens divniekiem (d\u0101m\u0101m un v\u012briem), 14.10 2.brauciens divniekiem; sv\u0113tdien \u2013 11.15 2.brauciens d\u0101m\u0101m, 12.25 2.brauciens v\u012briem, 14.15 komandu stafete. Ieeja pas\u0101kum\u0101 bez maksas.<\/p>\n","protected":false},"excerpt":{"rendered":"3.un 4.janv\u0101r\u012b Siguldas tras\u0113 norisin\u0101sies Pasaules kausa izc\u012b\u0146as ceturt\u0101 posma sacens\u012bbas kamani\u0146u sport\u0101 ar pasaules lab\u0101ko sportistu piedal\u012b\u0161anos.&hellip;\n","protected":false},"author":2,"featured_media":84961,"comment_status":"","ping_status":"","sticky":false,"template":"","format":"standard","meta":{"footnotes":""},"categories":[17],"tags":[47,381,64,35,39,38,36,37,34,40,385,172,382,384,67,383,21],"class_list":{"0":"post-84960","1":"post","2":"type-post","3":"status-publish","4":"format-standard","5":"has-post-thumbnail","7":"category-sports","8":"tag-ekonomika","9":"tag-jaunumi","10":"tag-kultura","11":"tag-latvia","12":"tag-latvian","13":"tag-latviesu","14":"tag-latviesu-valoda","15":"tag-latviesuvaloda","16":"tag-latvija","17":"tag-lv","18":"tag-pieriga","19":"tag-riga","20":"tag-sabiedriba","21":"tag-sludinajumi","22":"tag-sports","23":"tag-sports-afisa","24":"tag-zinas"},"share_on_mastodon":{"url":"https:\/\/pubeurope.com\/@lv\/115774174209083544","error":""},"_links":{"self":[{"href":"https:\/\/www.europesays.com\/lv\/wp-json\/wp\/v2\/posts\/84960","targetHints":{"allow":["GET"]}}],"collection":[{"href":"https:\/\/www.europesays.com\/lv\/wp-json\/wp\/v2\/posts"}],"about":[{"href":"https:\/\/www.europesays.com\/lv\/wp-json\/wp\/v2\/types\/post"}],"author":[{"embeddable":true,"href":"https:\/\/www.europesays.com\/lv\/wp-json\/wp\/v2\/users\/2"}],"replies":[{"embeddable":true,"href":"https:\/\/www.europesays.com\/lv\/wp-json\/wp\/v2\/comments?post=84960"}],"version-history":[{"count":0,"href":"https:\/\/www.europesays.com\/lv\/wp-json\/wp\/v2\/posts\/84960\/revisions"}],"wp:featuredmedia":[{"embeddable":true,"href":"https:\/\/www.europesays.com\/lv\/wp-json\/wp\/v2\/media\/84961"}],"wp:attachment":[{"href":"https:\/\/www.europesays.com\/lv\/wp-json\/wp\/v2\/media?parent=84960"}],"wp:term":[{"taxonomy":"category","embeddable":true,"href":"https:\/\/www.europesays.com\/lv\/wp-json\/wp\/v2\/categories?post=84960"},{"taxonomy":"post_tag","embeddable":true,"href":"https:\/\/www.europesays.com\/lv\/wp-json\/wp\/v2\/tags?post=84960"}],"curies":[{"name":"wp","href":"https:\/\/api.w.org\/{rel}","templated":true}]}}