{"id":8502,"date":"2025-09-30T06:52:08","date_gmt":"2025-09-30T06:52:08","guid":{"rendered":"https:\/\/www.europesays.com\/lv\/8502\/"},"modified":"2025-09-30T06:52:08","modified_gmt":"2025-09-30T06:52:08","slug":"valmiera-un-limbazu-novada-istenoto-apkarosanas-pasakumu-analize-lente-lv","status":"publish","type":"post","link":"https:\/\/www.europesays.com\/lv\/8502\/","title":{"rendered":"Valmier\u0101 un Limba\u017eu novad\u0101 \u012bstenoto apkaro\u0161anas pas\u0101kumu anal\u012bze\u00a0\u2014\u00a0Lente.lv"},"content":{"rendered":"<p>Valmier\u0101 un Limba\u017eu novad\u0101 veikto Sp\u0101nijas kailglieme\u017eu apkaro\u0161anas pas\u0101kumu rezult\u0101ti<\/p>\n<p>\u0160\u012b vasara, ko raksturoja mitrie un lietainie laika apst\u0101k\u013ci, rad\u012bja \u012bpa\u0161i labv\u0113l\u012bgu vidi Sp\u0101nijas kailglieme\u017eu (Arion vulgaris) savairo\u0161anai un izplat\u012bbai Latvij\u0101. \u0160ie invaz\u012bvie rad\u012bjumi ie\u0146\u0113mu\u0161i ne tikai priv\u0101t\u0101s teritorijas un d\u0101rzus, bet ar\u012b pils\u0113tu parkus un za\u013c\u0101s zonas, radot ba\u017eas gan iedz\u012bvot\u0101jiem, gan pa\u0161vald\u012bb\u0101m. Lai gan c\u012b\u0146a ar \u0161iem post\u012bgajiem kait\u0113k\u013ciem ir izaicin\u0101jums, Valmier\u0101 un Limba\u017eu novad\u0101 \u0161ovasar tika \u012bstenoti vair\u0101ki pas\u0101kumi, lai mazin\u0101tu glieme\u017eu inv\u0101ziju.<\/p>\n<p>Pa\u0161vald\u012bbu iesaiste un iedz\u012bvot\u0101ju aktivit\u0101te<\/p>\n<p>Gan Valmier\u0101, gan Limba\u017eu novad\u0101 pa\u0161vald\u012bbas akt\u012bvi iesaist\u012bj\u0101s c\u012b\u0146\u0101 pret Sp\u0101nijas kailglieme\u017eiem. Tika organiz\u0113tas iedz\u012bvot\u0101ju talkas, lai sav\u0101ktu glieme\u017eus, bie\u017e\u0101k tika p\u013cauta z\u0101le pils\u0113tu un novadu za\u013caj\u0101s zon\u0101s, k\u0101 ar\u012b izvietotas speci\u0101las lamatas un konteineri glieme\u017eu sav\u0101k\u0161anai. Valmier\u0101, piem\u0113ram, kompleksi apkaro\u0161anas darbi tika veikti R\u0101tes up\u012btes grav\u0101 un apk\u0101rt\u0113j\u0101s teritorij\u0101s, kur\u0101s nov\u0113rota \u012bpa\u0161i liela glieme\u017eu koncentr\u0101cija. Viet\u0113jie iedz\u012bvot\u0101ji atzin\u012bgi v\u0113rt\u0113 \u0161os pas\u0101kumus, nor\u0101dot, ka glieme\u017eu skaits ir man\u0101mi samazin\u0101jies, lai gan piln\u012bb\u0101 tos izskaust ir gandr\u012bz neiesp\u0113jami. K\u0101da Valmieras iedz\u012bvot\u0101ja, kura katru r\u012btu las\u012bjusi glieme\u017eus sav\u0101 r\u012bta rosmes stund\u0101, atz\u012bst, ka glieme\u017eu ir maz\u0101k un tie k\u013cuvu\u0161i gr\u016bt\u0101k salas\u0101mi, kas liecina par pas\u0101kumu efektivit\u0101ti. Pa\u0161vald\u012bbas pl\u0101no turpin\u0101t un pilnveidot \u0161os pas\u0101kumus ar\u012b n\u0101kamaj\u0101 gad\u0101, apzinoties, ka c\u012b\u0146a ar invaz\u012bvajiem glieme\u017eiem pras\u012bs past\u0101v\u012bgu piep\u016bli.<\/p>\n<p>Izaicin\u0101jumi un risin\u0101jumi<\/p>\n<p>Tom\u0113r, \u012bstenojot apkaro\u0161anas pas\u0101kumus, rad\u0101s ar\u012b nepat\u012bkami p\u0101rsteigumi. Da\u013ca iedz\u012bvot\u0101ju nebija pietiekami atsauc\u012bgi vai saproto\u0161i, jo glieme\u017eu las\u012b\u0161anai paredz\u0113tajos konteineros tika mesti ar\u012b citi sadz\u012bves atkritumi, apgr\u016btinot darbu un samazinot pas\u0101kumu efektivit\u0101ti. \u0160ie pas\u0101kumi ir svar\u012bgs solis c\u012b\u0146\u0101 pret invaz\u012bvo sugu, ta\u010du bez visu iesaist\u012bto pu\u0161u \u2013 gan pa\u0161vald\u012bbu, gan iedz\u012bvot\u0101ju \u2013 akt\u012bvas l\u012bdzdarbo\u0161an\u0101s un atbild\u012bgas r\u012bc\u012bbas, piln\u012bgu pan\u0101kumu g\u016bt ir \u0101rk\u0101rt\u012bgi gr\u016bti. Lai gan piln\u012bb\u0101 izskaust Sp\u0101nijas kailglieme\u017eus Latvij\u0101 ir gandr\u012bz neiesp\u0113jami, efekt\u012bva to skaita samazin\u0101\u0161ana un ierobe\u017eo\u0161ana ir re\u0101ls m\u0113r\u0137is, kas prasa sistem\u0101tisku un koordin\u0113tu pieeju.<\/p>\n","protected":false},"excerpt":{"rendered":"Valmier\u0101 un Limba\u017eu novad\u0101 veikto Sp\u0101nijas kailglieme\u017eu apkaro\u0161anas pas\u0101kumu rezult\u0101ti \u0160\u012b vasara, ko raksturoja mitrie un lietainie laika&hellip;\n","protected":false},"author":2,"featured_media":8503,"comment_status":"","ping_status":"","sticky":false,"template":"","format":"standard","meta":{"footnotes":""},"categories":[5],"tags":[23,28,29,32,33,22,3455,3458,30,31,35,39,38,36,37,34,3457,40,20,26,27,3454,24,25,3456,21],"class_list":{"0":"post-8502","1":"post","2":"type-post","3":"status-publish","4":"format-standard","5":"has-post-thumbnail","7":"category-aktualitates","8":"tag-aktualitates","9":"tag-breaking-news","10":"tag-breakingnews","11":"tag-featured-news","12":"tag-featurednews","13":"tag-headlines","14":"tag-invazivas-sugas","15":"tag-kailgliemezu-apkarosana","16":"tag-latest-news","17":"tag-latestnews","18":"tag-latvia","19":"tag-latvian","20":"tag-latviesu","21":"tag-latviesu-valoda","22":"tag-latviesuvaloda","23":"tag-latvija","24":"tag-limbazu-novads","25":"tag-lv","26":"tag-news","27":"tag-popularakas-zinas","28":"tag-popularakaszinas","29":"tag-spanijas-kailgliemezis","30":"tag-top-stories","31":"tag-topstories","32":"tag-valmieras-novads","33":"tag-zinas"},"share_on_mastodon":{"url":"","error":""},"_links":{"self":[{"href":"https:\/\/www.europesays.com\/lv\/wp-json\/wp\/v2\/posts\/8502","targetHints":{"allow":["GET"]}}],"collection":[{"href":"https:\/\/www.europesays.com\/lv\/wp-json\/wp\/v2\/posts"}],"about":[{"href":"https:\/\/www.europesays.com\/lv\/wp-json\/wp\/v2\/types\/post"}],"author":[{"embeddable":true,"href":"https:\/\/www.europesays.com\/lv\/wp-json\/wp\/v2\/users\/2"}],"replies":[{"embeddable":true,"href":"https:\/\/www.europesays.com\/lv\/wp-json\/wp\/v2\/comments?post=8502"}],"version-history":[{"count":0,"href":"https:\/\/www.europesays.com\/lv\/wp-json\/wp\/v2\/posts\/8502\/revisions"}],"wp:featuredmedia":[{"embeddable":true,"href":"https:\/\/www.europesays.com\/lv\/wp-json\/wp\/v2\/media\/8503"}],"wp:attachment":[{"href":"https:\/\/www.europesays.com\/lv\/wp-json\/wp\/v2\/media?parent=8502"}],"wp:term":[{"taxonomy":"category","embeddable":true,"href":"https:\/\/www.europesays.com\/lv\/wp-json\/wp\/v2\/categories?post=8502"},{"taxonomy":"post_tag","embeddable":true,"href":"https:\/\/www.europesays.com\/lv\/wp-json\/wp\/v2\/tags?post=8502"}],"curies":[{"name":"wp","href":"https:\/\/api.w.org\/{rel}","templated":true}]}}