{"id":85041,"date":"2025-12-24T13:24:11","date_gmt":"2025-12-24T13:24:11","guid":{"rendered":"https:\/\/www.europesays.com\/lv\/85041\/"},"modified":"2025-12-24T13:24:11","modified_gmt":"2025-12-24T13:24:11","slug":"iekapa-vilciena-lai-brauktu-majas-un-nav-vairs-sazvanama-policija-mekle-pusaudzi-ligu","status":"publish","type":"post","link":"https:\/\/www.europesays.com\/lv\/85041\/","title":{"rendered":"Iek\u0101pa vilcien\u0101, lai brauktu m\u0101j\u0101s, un nav vairs sazvan\u0101ma. Policija mekl\u0113 pusaudzi L\u012bgu"},"content":{"rendered":"<p><a href=\"https:\/\/www.tvnet.lv\/term\/555407\/valsts-policija\" class=\"topicLink\" target=\"_blank\" rel=\"nofollow noopener\">Valsts policija<\/a> inform\u0113, ka 2010. gad\u0101 dzimus\u012b L\u012bga Grigorjeva 19. decembr\u012b aizg\u0101ja uz Seces skolu un 21. decembr\u012b devusies uz Jelgavu. P\u0113c p\u0113d\u0113j\u0101s inform\u0101cijas vakardien jauniete iek\u0101pusi vilcien\u0101 ar mar\u0161rutu Jelgava &#8211; R\u012bga, lai dotos m\u0101j\u0101s, Seces pagast\u0101. Ap plkst. 18.50 jauniete nos\u016bt\u012bjusi balss zi\u0146u, ka brauc m\u0101j\u0101s ar autobusu, ta\u010du kop\u0161 vakardienas vairs nav sazvan\u0101ma.<\/p>\n<p>Grigorjeva ir ap 170 centimetrus gara, tum\u0161i br\u016bniem, kr\u0101sotiem matiem l\u012bdz l\u0101psti\u0146\u0101m.<\/p>\n<p>Jauniete bija \u0123\u0113rbusies meln\u0101 jak\u0101, sv\u0101rkos l\u012bdz ce\u013ciem un sarkan\u0101 d\u017eemper\u012b. Bijusi ar mugursomu.<\/p>\n<p>Policija aicina ikvienu, kur\u0161 zina vi\u0146as iesp\u0113jamo atra\u0161an\u0101s vietu, zi\u0146ot pa t\u0101lruni 112.<\/p>\n","protected":false},"excerpt":{"rendered":"Valsts policija inform\u0113, ka 2010. gad\u0101 dzimus\u012b L\u012bga Grigorjeva 19. decembr\u012b aizg\u0101ja uz Seces skolu un 21. decembr\u012b&hellip;\n","protected":false},"author":2,"featured_media":85042,"comment_status":"","ping_status":"","sticky":false,"template":"","format":"standard","meta":{"footnotes":""},"categories":[5],"tags":[23,28,29,32,33,22,30,31,35,39,38,36,37,34,40,20,162,26,27,24,25,138,21],"class_list":{"0":"post-85041","1":"post","2":"type-post","3":"status-publish","4":"format-standard","5":"has-post-thumbnail","7":"category-aktualitates","8":"tag-aktualitates","9":"tag-breaking-news","10":"tag-breakingnews","11":"tag-featured-news","12":"tag-featurednews","13":"tag-headlines","14":"tag-latest-news","15":"tag-latestnews","16":"tag-latvia","17":"tag-latvian","18":"tag-latviesu","19":"tag-latviesu-valoda","20":"tag-latviesuvaloda","21":"tag-latvija","22":"tag-lv","23":"tag-news","24":"tag-policija-mekle","25":"tag-popularakas-zinas","26":"tag-popularakaszinas","27":"tag-top-stories","28":"tag-topstories","29":"tag-valsts-policija","30":"tag-zinas"},"share_on_mastodon":{"url":"https:\/\/pubeurope.com\/@lv\/115774767950491120","error":""},"_links":{"self":[{"href":"https:\/\/www.europesays.com\/lv\/wp-json\/wp\/v2\/posts\/85041","targetHints":{"allow":["GET"]}}],"collection":[{"href":"https:\/\/www.europesays.com\/lv\/wp-json\/wp\/v2\/posts"}],"about":[{"href":"https:\/\/www.europesays.com\/lv\/wp-json\/wp\/v2\/types\/post"}],"author":[{"embeddable":true,"href":"https:\/\/www.europesays.com\/lv\/wp-json\/wp\/v2\/users\/2"}],"replies":[{"embeddable":true,"href":"https:\/\/www.europesays.com\/lv\/wp-json\/wp\/v2\/comments?post=85041"}],"version-history":[{"count":0,"href":"https:\/\/www.europesays.com\/lv\/wp-json\/wp\/v2\/posts\/85041\/revisions"}],"wp:featuredmedia":[{"embeddable":true,"href":"https:\/\/www.europesays.com\/lv\/wp-json\/wp\/v2\/media\/85042"}],"wp:attachment":[{"href":"https:\/\/www.europesays.com\/lv\/wp-json\/wp\/v2\/media?parent=85041"}],"wp:term":[{"taxonomy":"category","embeddable":true,"href":"https:\/\/www.europesays.com\/lv\/wp-json\/wp\/v2\/categories?post=85041"},{"taxonomy":"post_tag","embeddable":true,"href":"https:\/\/www.europesays.com\/lv\/wp-json\/wp\/v2\/tags?post=85041"}],"curies":[{"name":"wp","href":"https:\/\/api.w.org\/{rel}","templated":true}]}}