{"id":85057,"date":"2025-12-24T13:46:14","date_gmt":"2025-12-24T13:46:14","guid":{"rendered":"https:\/\/www.europesays.com\/lv\/85057\/"},"modified":"2025-12-24T13:46:14","modified_gmt":"2025-12-24T13:46:14","slug":"zviedrijas-krastos-noenkurojies-sankcijam-paklauts-krievijas-kugis-pec-dzineja-avarijas-veic-muitas-parbaudi-lente-lv","status":"publish","type":"post","link":"https:\/\/www.europesays.com\/lv\/85057\/","title":{"rendered":"Zviedrijas krastos noenkurojies sankcij\u0101m pak\u013cauts Krievijas ku\u0123is p\u0113c dzin\u0113ja av\u0101rijas; veic muitas p\u0101rbaudi\u00a0\u2014\u00a0Lente.lv"},"content":{"rendered":"<p>Kravas ku\u0123is &#8220;Adler&#8221; ar tehniskiem trauc\u0113jumiem Zviedrijas \u016bde\u0146os<\/p>\n<p>Zviedrijas varas iest\u0101des ir uzs\u0101ku\u0161as p\u0101rbaudi uz Krievijas kravas ku\u0123a &#8220;Adler&#8221; kl\u0101ja, kas piektdien, 19. decembr\u012b, tika spiests noenkuroties Zviedrijas teritori\u0101lajos \u016bde\u0146os dzin\u0113ja tehnisku probl\u0113mu d\u0113\u013c. K\u0101 inform\u0113 port\u0101ls NRA, Zviedrijas muitas dienests sv\u0113tdien, 21. decembr\u012b, pazi\u0146oja par oper\u0101ciju, kuras m\u0113r\u0137is ir veikt detaliz\u0113tu ku\u0123a kravas inspekciju. Situ\u0101cija k\u013c\u016bst jo \u012bpa\u0161i noz\u012bm\u012bga, jo min\u0113tais konteinerved\u0113js atrodas Eiropas Savien\u012bbas noteikto sankciju sarakst\u0101.<\/p>\n<p>Incidents noticis dienvidrietumu Zviedrij\u0101, net\u0101lu no Hoganasas ostas. P\u0113c Zviedrijas muitas p\u0101rst\u0101vja Martina Hoglunda teikt\u0101, muitnieki, atbalst\u012bti no Zviedrijas krasta apsardzes un policijas, uz ku\u0123a uzk\u0101pa neilgi p\u0113c pusnakts. P\u0101rbaudes process \u0161obr\u012bd ir akt\u012bv\u0101 f\u0101z\u0113, un muitas dienests pagaid\u0101m atturas sniegt inform\u0101ciju par veikt\u0101s inspekcijas rezult\u0101tiem.<\/p>\n<p>Sankciju re\u017e\u012bms un aizdomas par iero\u010du p\u0101rvad\u0101jumiem<\/p>\n<p>Konteinerved\u0113js &#8220;Adler&#8221;, kura garums ir aptuveni 126 metri un kas veic ar\u012b ro-ro tipa p\u0101rvad\u0101jumus, ir iek\u013cauts ES sankciju sarakst\u0101. \u0160\u012bs sankcijas attiecas ne tikai uz pa\u0161u ku\u0123i, bet ar\u012b uz t\u0101 \u012bpa\u0161niekiem, konkr\u0113ti, uz\u0146\u0113mumu &#8220;M Leasing LLC&#8221;. Saska\u0146\u0101 ar publiski pieejamiem datiem, piem\u0113ram, no &#8220;OpenSanctions&#8221; datub\u0101zes, \u0161\u012b strukt\u016bra tiek tur\u0113ta aizdom\u0101s par iesp\u0113jamu iesaisti iero\u010du p\u0101rvad\u0101jumu \u0137\u0113d\u0113s. Turkl\u0101t \u0161im uz\u0146\u0113mumam un ku\u0123im piem\u0113rotas ar\u012b atsevi\u0161\u0137as ASV sankcijas.<\/p>\n<p>\u0160is fakts pie\u0161\u0137ir p\u0101rbaudei papildu jut\u012bgumu, \u0146emot v\u0113r\u0101 pa\u0161reiz\u0113jo \u0123eopolitisko situ\u0101ciju un sankciju noteikumus, kas skar pre\u010du pl\u016bsmu no Krievijas. Latvij\u0101, piem\u0113ram, tiek stingri uzraudz\u012bta sankcij\u0101m pak\u013cauto pre\u010du ieve\u0161ana un izve\u0161ana, lai nov\u0113rstu to non\u0101k\u0161anu neleg\u0101l\u0101s tirdzniec\u012bbas \u0137\u0113d\u0113s.<\/p>\n<p>Ku\u0123a mar\u0161ruts un tr\u016bksto\u0161\u0101 inform\u0101cija<\/p>\n<p>Saska\u0146\u0101 ar ku\u0123u izseko\u0161anas sist\u0113mu datiem, &#8220;Adler&#8221; savu p\u0113d\u0113jo zin\u0101mo atie\u0161anas ostu \u2013 Sanktp\u0113terburgu Krievij\u0101 \u2013 atst\u0101ja 15. decembr\u012b. Tom\u0113r Zviedrijas muitas dienestam nav prec\u012bzas inform\u0101cijas par ku\u0123a s\u0101kotn\u0113ji pl\u0101noto galapatrauk\u0161an\u0101s vietu. \u0160is datu tr\u016bkums rada papildu jaut\u0101jumus par kravas patieso m\u0113r\u0137i.<\/p>\n<p>J\u0101\u0146em v\u0113r\u0101, ka \u0161is nav vien\u012bgais nesenais incidents Baltijas j\u016br\u0101 saist\u012bb\u0101 ar ku\u0123niec\u012bbu. Iepriek\u0161 Zviedrij\u0101 ir biju\u0161i gad\u012bjumi, kad tiek izmekl\u0113ta kabe\u013cu boj\u0101\u0161ana vai atkritumu izme\u0161ana j\u016br\u0101, kas nor\u0101da uz re\u0123iona paaugstin\u0101to uzman\u012bbu j\u016bras dro\u0161\u012bbai un vides regul\u0113jumu iev\u0113ro\u0161anai.<\/p>\n<p>Iesp\u0113jam\u0101s sekas un turpm\u0101k\u0101 r\u012bc\u012bba<\/p>\n<p>Lai gan pagaid\u0101m nav sniegti detaliz\u0113ti zi\u0146ojumi par inspekcijas gaitu, situ\u0101cija var rad\u012bt vair\u0101kas sekas. Ja tiks konstat\u0113ti p\u0101rk\u0101pumi, kas saist\u012bti ar sankciju apie\u0161anu vai neleg\u0101lu kravas p\u0101rvad\u0101\u0161anu, Zviedrijas iest\u0101des var piem\u0113rot sankcion\u0113tam ku\u0123im papildu sankcijas, tostarp t\u0101 aiztur\u0113\u0161anu vai konfisk\u0101ciju, k\u0101 ar\u012b sod\u012bt atbild\u012bg\u0101s personas.<\/p>\n<p>\u0160is Zviedrijas muitas veikt\u0101s p\u0101rbaudes gad\u012bjums kalpo k\u0101 noz\u012bm\u012bgs sign\u0101ls starptautiskajai kopienai un ku\u0123niec\u012bbas nozarei par pastiprin\u0101tu sankciju uzraudz\u012bbu Baltijas j\u016bras re\u0123ion\u0101. Tas atspogu\u013co zin\u0101mu piesardz\u012bbu, k\u0101du ES dal\u012bbvalstis izr\u0101da pret transportl\u012bdzek\u013ciem, kas saist\u012bti ar sankcion\u0113tiem subjektiem, \u012bpa\u0161i \u0146emot v\u0113r\u0101 ar dro\u0161\u012bbu saist\u012btos riskus.<\/p>\n","protected":false},"excerpt":{"rendered":"Kravas ku\u0123is &#8220;Adler&#8221; ar tehniskiem trauc\u0113jumiem Zviedrijas \u016bde\u0146os Zviedrijas varas iest\u0101des ir uzs\u0101ku\u0161as p\u0101rbaudi uz Krievijas kravas ku\u0123a&hellip;\n","protected":false},"author":2,"featured_media":85058,"comment_status":"","ping_status":"","sticky":false,"template":"","format":"standard","meta":{"footnotes":""},"categories":[14],"tags":[23,57,1934,28,29,686,32,33,22,21519,21517,30,31,35,39,38,36,37,34,40,20,26,27,24,25,54,55,56,21,58,21518],"class_list":{"0":"post-85057","1":"post","2":"type-post","3":"status-publish","4":"format-standard","5":"has-post-thumbnail","7":"category-zinas-no-arvalstim","8":"tag-aktualitates","9":"tag-arvalstim","10":"tag-baltijas-jura","11":"tag-breaking-news","12":"tag-breakingnews","13":"tag-es-sankcijas","14":"tag-featured-news","15":"tag-featurednews","16":"tag-headlines","17":"tag-kravas-kugis-adler","18":"tag-krievijas-kugis","19":"tag-latest-news","20":"tag-latestnews","21":"tag-latvia","22":"tag-latvian","23":"tag-latviesu","24":"tag-latviesu-valoda","25":"tag-latviesuvaloda","26":"tag-latvija","27":"tag-lv","28":"tag-news","29":"tag-popularakas-zinas","30":"tag-popularakaszinas","31":"tag-top-stories","32":"tag-topstories","33":"tag-world","34":"tag-world-news","35":"tag-worldnews","36":"tag-zinas","37":"tag-zinas-no-arvalstim","38":"tag-zviedrijas-muitas-dienests"},"share_on_mastodon":{"url":"","error":"Validation failed: Text character limit of 500 exceeded"},"_links":{"self":[{"href":"https:\/\/www.europesays.com\/lv\/wp-json\/wp\/v2\/posts\/85057","targetHints":{"allow":["GET"]}}],"collection":[{"href":"https:\/\/www.europesays.com\/lv\/wp-json\/wp\/v2\/posts"}],"about":[{"href":"https:\/\/www.europesays.com\/lv\/wp-json\/wp\/v2\/types\/post"}],"author":[{"embeddable":true,"href":"https:\/\/www.europesays.com\/lv\/wp-json\/wp\/v2\/users\/2"}],"replies":[{"embeddable":true,"href":"https:\/\/www.europesays.com\/lv\/wp-json\/wp\/v2\/comments?post=85057"}],"version-history":[{"count":0,"href":"https:\/\/www.europesays.com\/lv\/wp-json\/wp\/v2\/posts\/85057\/revisions"}],"wp:featuredmedia":[{"embeddable":true,"href":"https:\/\/www.europesays.com\/lv\/wp-json\/wp\/v2\/media\/85058"}],"wp:attachment":[{"href":"https:\/\/www.europesays.com\/lv\/wp-json\/wp\/v2\/media?parent=85057"}],"wp:term":[{"taxonomy":"category","embeddable":true,"href":"https:\/\/www.europesays.com\/lv\/wp-json\/wp\/v2\/categories?post=85057"},{"taxonomy":"post_tag","embeddable":true,"href":"https:\/\/www.europesays.com\/lv\/wp-json\/wp\/v2\/tags?post=85057"}],"curies":[{"name":"wp","href":"https:\/\/api.w.org\/{rel}","templated":true}]}}