{"id":85089,"date":"2025-12-24T14:47:08","date_gmt":"2025-12-24T14:47:08","guid":{"rendered":"https:\/\/www.europesays.com\/lv\/85089\/"},"modified":"2025-12-24T14:47:08","modified_gmt":"2025-12-24T14:47:08","slug":"siguldas-posma-piedalisies-kamaninu-brauceji-no-23-valstim","status":"publish","type":"post","link":"https:\/\/www.europesays.com\/lv\/85089\/","title":{"rendered":"Siguldas posm\u0101 piedal\u012bsies kamani\u0146u brauc\u0113ji no 23 valst\u012bm"},"content":{"rendered":"<p>Pl\u0101nots, ka sacens\u012bb\u0101s 3. un 4. janv\u0101r\u012b Siguldas tras\u0113 uz starta izies 162 sportisti \u010detr\u0101s discipl\u012bn\u0101s.<\/p>\n<p>Sacens\u012bb\u0101s b\u016bs p\u0101rst\u0101v\u0113tas Latvija, V\u0101cija, Austrija, Kan\u0101da, ASV, It\u0101lija, Jap\u0101na, \u0136\u012bna, Dienvidkoreja, Polija, \u0160veice, Slov\u0101kija, Zviedrija, Somija, \u010cehija, Igaunija, Rum\u0101nija, Gruzija, Horv\u0101tija, \u012arija, Argent\u012bna un Austr\u0101lija.<\/p>\n<p>V\u012brie\u0161u vieninieku sacens\u012bb\u0101s pl\u0101no piedal\u012bties 44 sportisti, sievie\u0161u vieniniekos &#8211; 38, k\u0101 ar\u012b 26 v\u012brie\u0161u un 14 sievie\u0161u ekip\u0101\u017eas.<\/p>\n<p>Latviju sacens\u012bb\u0101s p\u0101rst\u0101v\u0113s visi sportisti, kuri start\u0113ju\u0161i pirmajos trijos PK posmos, k\u0101 ar\u012b komandai pievienosies vair\u0101ki juniori &#8211; J\u0101nis Gruzdulis-Borovojs, Raimonds Baltgalvis, Uldis Jakseboga, Edvards Marts Markit\u0101ns, Roberts Lazd\u0101ns, Sel\u012bna Elizabete Zvilna un Amanda Ogorod\u0146ikova.<\/p>\n<p>K\u0101 nor\u0101da LKSF \u0123ener\u0101lsekret\u0101rs Kristaps Mauri\u0146\u0161, Siguldas posms olimpiskaj\u0101 sezon\u0101 vienm\u0113r ir \u012bpa\u0161s. Turkl\u0101t Siguldas trase prasa maksim\u0101lu precizit\u0101ti, un tie\u0161i \u0161eit bie\u017ei iz\u0161\u0137iras \u013coti svar\u012bgi kvalifik\u0101cijas punkti, bet Latvijas sportistiem tas ir m\u0101jas posms ar papildu atbild\u012bbu un motiv\u0101ciju.<\/p>\n","protected":false},"excerpt":{"rendered":"Pl\u0101nots, ka sacens\u012bb\u0101s 3. un 4. janv\u0101r\u012b Siguldas tras\u0113 uz starta izies 162 sportisti \u010detr\u0101s discipl\u012bn\u0101s. Sacens\u012bb\u0101s b\u016bs&hellip;\n","protected":false},"author":2,"featured_media":85090,"comment_status":"","ping_status":"","sticky":false,"template":"","format":"standard","meta":{"footnotes":""},"categories":[17],"tags":[17767,12708,9921,12705,35,39,38,36,37,34,40,17768,13605,13606,67],"class_list":{"0":"post-85089","1":"post","2":"type-post","3":"status-publish","4":"format-standard","5":"has-post-thumbnail","7":"category-sports","8":"tag-anda-upite","9":"tag-elina-ieva-bota","10":"tag-kamaninas","11":"tag-kristers-aparjods","12":"tag-latvia","13":"tag-latvian","14":"tag-latviesu","15":"tag-latviesu-valoda","16":"tag-latviesuvaloda","17":"tag-latvija","18":"tag-lv","19":"tag-madara-pavlova","20":"tag-martins-bots","21":"tag-roberts-plume","22":"tag-sports"},"share_on_mastodon":{"url":"https:\/\/pubeurope.com\/@lv\/115775094245843985","error":""},"_links":{"self":[{"href":"https:\/\/www.europesays.com\/lv\/wp-json\/wp\/v2\/posts\/85089","targetHints":{"allow":["GET"]}}],"collection":[{"href":"https:\/\/www.europesays.com\/lv\/wp-json\/wp\/v2\/posts"}],"about":[{"href":"https:\/\/www.europesays.com\/lv\/wp-json\/wp\/v2\/types\/post"}],"author":[{"embeddable":true,"href":"https:\/\/www.europesays.com\/lv\/wp-json\/wp\/v2\/users\/2"}],"replies":[{"embeddable":true,"href":"https:\/\/www.europesays.com\/lv\/wp-json\/wp\/v2\/comments?post=85089"}],"version-history":[{"count":0,"href":"https:\/\/www.europesays.com\/lv\/wp-json\/wp\/v2\/posts\/85089\/revisions"}],"wp:featuredmedia":[{"embeddable":true,"href":"https:\/\/www.europesays.com\/lv\/wp-json\/wp\/v2\/media\/85090"}],"wp:attachment":[{"href":"https:\/\/www.europesays.com\/lv\/wp-json\/wp\/v2\/media?parent=85089"}],"wp:term":[{"taxonomy":"category","embeddable":true,"href":"https:\/\/www.europesays.com\/lv\/wp-json\/wp\/v2\/categories?post=85089"},{"taxonomy":"post_tag","embeddable":true,"href":"https:\/\/www.europesays.com\/lv\/wp-json\/wp\/v2\/tags?post=85089"}],"curies":[{"name":"wp","href":"https:\/\/api.w.org\/{rel}","templated":true}]}}