{"id":85110,"date":"2025-12-24T15:02:09","date_gmt":"2025-12-24T15:02:09","guid":{"rendered":"https:\/\/www.europesays.com\/lv\/85110\/"},"modified":"2025-12-24T15:02:09","modified_gmt":"2025-12-24T15:02:09","slug":"riga-2026-sagaidis-ar-sesam-deju-vietam-vecriga-dj-uzstasanas-un-multimedialas-projekcijas-lente-lv","status":"publish","type":"post","link":"https:\/\/www.europesays.com\/lv\/85110\/","title":{"rendered":"R\u012bga 2026 sagaid\u012bs ar Se\u0161\u0101m Deju Viet\u0101m Vecr\u012bg\u0101: DJ Uzst\u0101\u0161an\u0101s un Multimedi\u0101las Projekcijas &#8211; Lente.lv"},"content":{"rendered":"<ol>\n<li><a href=\"https:\/\/news.google.com\/rss\/articles\/CBMizgFBVV95cUxOcDZObDJEYWFtVjVWQjZRU19ZYWpKMVhuQTBDNk90OU1NRktDT292TVdHYWZFUU9fQ1RESWN2bFFrS1VtZGtBN2YyNkh5d2paNjQ0WUpjbjZlY0puRWNPS2ZQU2syOFRhdzdLTUJPTXBHQWhJRlZOQ2xJNkdrSV9PSXZJVFlocHIwUEF1NjFQbUtCbjhFV2oxNWRKMG93T0RuYkJ5cWxwTjltOHM3TEwwTkhhUDQwNlZqdzhkVm16dE9qRHcwTFo1WmxMdVRXZw?oc=5\" target=\"_blank\" rel=\"nofollow noopener\">R\u012bga 2026 sagaid\u012bs ar Se\u0161\u0101m Deju Viet\u0101m Vecr\u012bg\u0101: DJ Uzst\u0101\u0161an\u0101s un Multimedi\u0101las Projekcijas<\/a>&nbsp;&nbsp;Lente.lv<\/li>\n<li><a href=\"https:\/\/news.google.com\/rss\/articles\/CBMivwFBVV95cUxNWWxSUXFkS25RclBLZGJPWUJwUkYwVkxpX0VhLThnTHQ5cVBrMXlXQ3NRWVotc0d3RWZ2TE9jaF9MSHl2Z1U4ZWVhOGRVR09oTnFLQ0dqcFdtOHBIalVQODVEeUlQVnd4SDNCLVlvVlI5N3pmVlIxZjNobEJjbnZRQW5nbkhLZlN5QWJKNFY1NUxCMlc0Vl90WDd0MjRrWHBMYWhSREQyRjlYUnJVX01oVFNXUFJQc1U2d3YycTdSZw?oc=5\" target=\"_blank\" rel=\"nofollow noopener\">Jaungada sagaid\u012b\u0161anas laik\u0101 Vecr\u012bg\u0101 b\u016bs satiksmes ierobe\u017eojumi \/ Raksts<\/a>&nbsp;&nbsp;LSM<\/li>\n<li><a href=\"https:\/\/news.google.com\/rss\/articles\/CBMiqgFBVV95cUxPTVEtcFhFdm16LU1sRTh0eWxUSWd3N1VVbHpIc3JxXzBBN05DQzhRQ0lNWGR6TEZCS1p3djZHMC1qVFVjQVRvR0FxUkdrOGVOSEdpV1ZtX2I0VXJuRzRaNDNmMmtmb05YLTFnXzJkTVN2QzRVYnNwbV8yN2JRSVhHWkt6VnFTNzhFT0NIODVXQkZyZFZDQV9FLUVnVWVoOUVpaGNsYzBGdmFRUQ?oc=5\" target=\"_blank\" rel=\"nofollow noopener\">Jauno gadu R\u012bg\u0101 sagaid\u012bs ar v\u0113rienu! Nosauktas galven\u0101s ball\u012b\u0161u vietas<\/a>&nbsp;&nbsp;Jauns.lv<\/li>\n<li><a href=\"https:\/\/news.google.com\/rss\/articles\/CBMiiAFBVV95cUxNUm53U1o0OU83MHdtNHRHU0theW1PcV9ocS1hSUM2blBqSlNNcHg3SnB1SklqNHR6UlRkOVE5ZXZiRzQyTkhyQ2Y5bTFxSzhoSU1PMVV0SUhlZkJnRS1ZSnl2Yldrd0dxQ3ZWT09qb2F4Wk05YkZzOWVGcEtUd2JVbXd2bWFPSDVo?oc=5\" target=\"_blank\" rel=\"nofollow noopener\">Kur R\u012bg\u0101 sagaid\u012bt Jauno gadu ar bezmaksas ball\u012bti?<\/a>&nbsp;&nbsp;1188.lv<\/li>\n<li><a href=\"https:\/\/news.google.com\/rss\/articles\/CBMiygFBVV95cUxONjJvN0t0bkh2TVNuYTZPMnNXNlJIYkloR0JTOU5IWlNnMzEycnlvaVpNeUxoMU9HT3JxSVB0MjZkcUR1REVjbWZ3a0lwZEFsR2F1TERBRGtIZzhxSlNIOFkwR3VpaWFyU2I4WEg0Z0NsbXFDb0lxNXdreGJ2VzB4RHZxcWctaGNGR05wZnJLdmt2dHdKTHU5S09pQXZ6M1VmNGtCQldibGhTUjBlclpIbDJlVXVsT1FNMjlGQXJ6T25fUEx6ZVlsWFR3?oc=5\" target=\"_blank\" rel=\"nofollow noopener\">Galvaspils\u0113tas iedz\u012bvot\u0101ji un viesi aicin\u0101ti sagaid\u012bt Jauno gadu l\u012bksm\u0101s svin\u012bb\u0101s Vecr\u012bgas laukumos<\/a>&nbsp;&nbsp;R\u012bgas valstspils\u0113tas pa\u0161vald\u012bba<\/li>\n<\/ol>\n","protected":false},"excerpt":{"rendered":"R\u012bga 2026 sagaid\u012bs ar Se\u0161\u0101m Deju Viet\u0101m Vecr\u012bg\u0101: DJ Uzst\u0101\u0161an\u0101s un Multimedi\u0101las Projekcijas&nbsp;&nbsp;Lente.lv Jaungada sagaid\u012b\u0161anas laik\u0101 Vecr\u012bg\u0101 b\u016bs&hellip;\n","protected":false},"author":2,"featured_media":85111,"comment_status":"","ping_status":"","sticky":false,"template":"","format":"standard","meta":{"footnotes":""},"categories":[12],"tags":[23,21540,28,29,21538,32,33,21539,22,20645,30,31,35,39,38,36,37,34,40,20,26,27,24,25,21537,21],"class_list":{"0":"post-85110","1":"post","2":"type-post","3":"status-publish","4":"format-standard","5":"has-post-thumbnail","7":"category-latvija","8":"tag-aktualitates","9":"tag-audiovizualas-projekcijas","10":"tag-breaking-news","11":"tag-breakingnews","12":"tag-dj-uzstasanas-riga","13":"tag-featured-news","14":"tag-featurednews","15":"tag-gada-mijas-pasakumi","16":"tag-headlines","17":"tag-jaunais-gads-riga","18":"tag-latest-news","19":"tag-latestnews","20":"tag-latvia","21":"tag-latvian","22":"tag-latviesu","23":"tag-latviesu-valoda","24":"tag-latviesuvaloda","25":"tag-latvija","26":"tag-lv","27":"tag-news","28":"tag-popularakas-zinas","29":"tag-popularakaszinas","30":"tag-top-stories","31":"tag-topstories","32":"tag-vecriga-svetki-2026","33":"tag-zinas"},"share_on_mastodon":{"url":"https:\/\/pubeurope.com\/@lv\/115775153326016717","error":""},"_links":{"self":[{"href":"https:\/\/www.europesays.com\/lv\/wp-json\/wp\/v2\/posts\/85110","targetHints":{"allow":["GET"]}}],"collection":[{"href":"https:\/\/www.europesays.com\/lv\/wp-json\/wp\/v2\/posts"}],"about":[{"href":"https:\/\/www.europesays.com\/lv\/wp-json\/wp\/v2\/types\/post"}],"author":[{"embeddable":true,"href":"https:\/\/www.europesays.com\/lv\/wp-json\/wp\/v2\/users\/2"}],"replies":[{"embeddable":true,"href":"https:\/\/www.europesays.com\/lv\/wp-json\/wp\/v2\/comments?post=85110"}],"version-history":[{"count":0,"href":"https:\/\/www.europesays.com\/lv\/wp-json\/wp\/v2\/posts\/85110\/revisions"}],"wp:featuredmedia":[{"embeddable":true,"href":"https:\/\/www.europesays.com\/lv\/wp-json\/wp\/v2\/media\/85111"}],"wp:attachment":[{"href":"https:\/\/www.europesays.com\/lv\/wp-json\/wp\/v2\/media?parent=85110"}],"wp:term":[{"taxonomy":"category","embeddable":true,"href":"https:\/\/www.europesays.com\/lv\/wp-json\/wp\/v2\/categories?post=85110"},{"taxonomy":"post_tag","embeddable":true,"href":"https:\/\/www.europesays.com\/lv\/wp-json\/wp\/v2\/tags?post=85110"}],"curies":[{"name":"wp","href":"https:\/\/api.w.org\/{rel}","templated":true}]}}