{"id":85126,"date":"2025-12-24T15:17:07","date_gmt":"2025-12-24T15:17:07","guid":{"rendered":"https:\/\/www.europesays.com\/lv\/85126\/"},"modified":"2025-12-24T15:17:07","modified_gmt":"2025-12-24T15:17:07","slug":"tenisa-legenda-venusa-viljamsa-apprecejusies-ar-italu-aktieri-andreu-preti-notikusas-divas-ceremonijas-lente-lv","status":"publish","type":"post","link":"https:\/\/www.europesays.com\/lv\/85126\/","title":{"rendered":"Tenisa le\u0123enda Venusa Viljamsa apprec\u0113jusies ar it\u0101\u013cu aktieri Andreu Pret\u012b, notiku\u0161as divas ceremonijas\u00a0\u2014\u00a0Lente.lv"},"content":{"rendered":"<p>Pasaules Slaven\u0101 Sportiste Izaudzin\u0101jusi L\u012bdzcilv\u0113kus Ar Person\u012bgo Zi\u0146u<\/p>\n<p>Pasaulslaven\u0101 tenisiste, septi\u0146k\u0101rt\u0113ja \u00abGrand Slam\u00bb turn\u012bru uzvar\u0113t\u0101ja Venusa Viljamsa ir k\u013cuvusi par sievu. Ilggad\u0113j\u0101 sporta ikona, kurai ir 45 gadi, soci\u0101lajos t\u012bklos un eksklat\u012bv\u0101 intervij\u0101 izdevumam \u00abVogue\u00bb apstiprin\u0101jusi savu laul\u012bbu ar it\u0101\u013cu aktieri un producentu Andreu Pret\u012b, zi\u0146o ietekm\u012bgi Zieme\u013camerikas mediji.<\/p>\n<p>\u0160is notikums iez\u012bm\u0113 jaunu, noz\u012bm\u012bgu luku Viljamsas dz\u012bv\u0113, kuras karjera tenis\u0101 ir bijusi pilna ar triumfiem un p\u0101rvar\u0113tiem izaicin\u0101jumiem. Preti, kur\u0161 ir paz\u012bstams ar savu darb\u012bbu gan kino, gan modes industrij\u0101, k\u013cuvis par Viljamsas dz\u012bvesbiedru p\u0113c attiec\u012bb\u0101m, kas aizs\u0101k\u0101s pag\u0101ju\u0161aj\u0101 gad\u0101.<\/p>\n<p>Attiec\u012bbu Aizs\u0101kums un Saderin\u0101\u0161an\u0101s<\/p>\n<p>P\u0101ris pirmo reizi tika paman\u012bts kop\u0101 2024. gada j\u016blij\u0101, atp\u016b\u0161oties uz jahtas It\u0101lijas Amalf\u012b krast\u0101, Nerano rajon\u0101. Saska\u0146\u0101 ar publiskoto inform\u0101ciju, Venusa un Andrea iepazinu\u0161ies gadu pirms tam \u2013 2024. gad\u0101 Mil\u0101nas modes ned\u0113\u013cas ietvaros, apmekl\u0113jot Gucci z\u012bmola pas\u0101kumu, ko abi nepl\u0101noja apmekl\u0113t.<\/p>\n<p>Tiek zi\u0146ots, ka Viljamsa jau s\u0101kum\u0101 jutusies \u013coti p\u0101rliecin\u0101ta par attiec\u012bb\u0101m. Vi\u0146a atkl\u0101jusi, ka p\u0113c vair\u0101k\u0101m randi\u0146u reiz\u0113m London\u0101, sapratusi: \u00abEs vienk\u0101r\u0161i zin\u0101ju, ka par vi\u0146u ie\u0161u pie alt\u0101ra.\u00bb P\u0101ris ofici\u0101li saderin\u0101j\u0101s \u0161\u012b gada 31. janv\u0101r\u012b Tosk\u0101n\u0101, kad Preti uzd\u0101vin\u0101jis gredzenu, pied\u0101v\u0101jot apmai\u0146\u0101 pret vi\u0146as piekri\u0161anu noskat\u012bties zvaig\u017e\u0146u v\u0113l\u0113\u0161anos.<\/p>\n<p>Lai gan baumas par saderin\u0101\u0161anos kl\u012bdusi jau febru\u0101r\u012b, Viljamsa to publiski apstiprin\u0101ja tikai j\u016blij\u0101 p\u0113c uzvaras sp\u0113l\u0113 Va\u0161ington\u0101, atz\u012bstot, ka vi\u0146as \u00abl\u012bgavainis ir \u0161eit un mudin\u0101ja mani turpin\u0101t sp\u0113l\u0113t.\u00bb<\/p>\n<p>Divas Ceremonijas: It\u0101lijas Elegance un Floridas Sv\u0113tki<\/p>\n<p>Venusa Viljamsa un Andrea Preti savien\u012bbu apliecin\u0101ju\u0161i divreiz, \u012bstenojot gan romantisku it\u0101\u013cu sapni, gan liel\u0101ku svin\u012bbu ciklu ASV.<\/p>\n<p>Pirm\u0101 ceremonija notika \u0161\u0101 gada 18. septembr\u012b It\u0101lij\u0101, Preti dzimten\u0113. Tom\u0113r, k\u0101 skaidro Viljamsa, ofici\u0101l\u0101s laul\u012bbas re\u0123istr\u0101cijai bija nepiecie\u0161ams laiks sare\u017e\u0123\u012btas pap\u012brniec\u012bbas d\u0113\u013c, kas k\u0101 \u0101rvalstniecei var aiz\u0146emt pat asto\u0146us m\u0113ne\u0161us. T\u0101p\u0113c tika nolemts r\u012bkot otru, ofici\u0101l\u0101ko, ceremoniju Amerikas Savienotaj\u0101s Valst\u012bs.<\/p>\n<blockquote><p>\u00abMums bija sapnis par k\u0101z\u0101m It\u0101lij\u0101, bet mums nepietika laika sak\u0101rtot dokumentus \u2013 jo k\u0101 \u0101rvalstniecei tas var aiz\u0146emt aptuveni asto\u0146us m\u0113ne\u0161us. T\u0101p\u0113c m\u0113s nol\u0113m\u0101m r\u012bkot otr\u0101s k\u0101zas.\u00bb<\/p><\/blockquote>\n<p>Otr\u0101s, svin\u012bg\u0101k\u0101s da\u013cas kulmin\u0101cija notika Florid\u0101, p\u0101ra m\u0101j\u0101s, kas tiek v\u0113rt\u0113tas ap 10 miljoniem ASV dol\u0101ru. Svin\u012bbas ilga piecas dienas, ietverot savies\u012bgus pas\u0101kumus, piem\u0113ram, baseina ball\u012btes, jahtas dienu, ko organiz\u0113jusi Ser\u0113na Viljamsa, un \u00abBridal Shower\u00bb ar \u00abBeyonc\u00e9\u00bb t\u0113mu.<\/p>\n<p>Ofici\u0101l\u0101 laul\u012bbu re\u0123istr\u0101cija notika Palmbe\u010d\u0101, tiesas s\u0113\u017eu z\u0101l\u0113 agri no r\u012bta, lai p\u0101rim un viesiem b\u016btu iesp\u0113jams baud\u012bt priv\u0101tumu. Viljamsa \u0161o mirkli raksturoja k\u0101: \u00abEs nesp\u0113ju aprakst\u012bt, cik tas bija skaisti, mier\u012bgi, sv\u0113ti, aizraujo\u0161i un pacil\u0101jo\u0161i. Tas bija k\u0101 sapnis.\u00bb Preti nor\u0101d\u012bja, ka \u0161is bija vi\u0146a dz\u012bves otrs lab\u0101kais notikums, jo lab\u0101kais bija vi\u0146u k\u0101zas It\u0101lij\u0101.<\/p>\n<p>Andrea Preti: Aktiera Portrets un Viljamsas Atbalsts<\/p>\n<p>Andrea Preti, kur\u0161 ir dzimis D\u0101nij\u0101, ir ne tikai aktieris, bet ar\u012b producents. Tiek zi\u0146ots, ka vi\u0146\u0161 ir par Viljamsu jaun\u0101ks, da\u017e\u0101dos avotos min\u0113ts 37 vai 38 gadu vecums (Venus Viljamsa dzimusi 1980. gad\u0101).<\/p>\n<p>Preti laul\u012bbas sniedzis iev\u0113rojamu emocion\u0101lu atbalstu Viljamsai, \u012bpa\u0161i vi\u0146as karjeras atgrie\u0161an\u0101s posm\u0101. Pati sportiste atzinusi, ka v\u012bra kl\u0101tb\u016btne un atbalsts bija b\u016btisks br\u012b\u017eos, kad vi\u0146a v\u0113l\u0113j\u0101s samazin\u0101t tempu. Vi\u0146as m\u0101sa Ser\u0113na Viljamsa, kura bie\u017ei tiek v\u0113rt\u0113ta k\u0101 visu laiku lab\u0101k\u0101 tenisiste, ar\u012b bija akt\u012bvi iesaist\u012bta k\u0101zu pl\u0101no\u0161an\u0101.<\/p>\n<p>Ietekme uz Tenisa Pasauli un N\u0101kotnes Perspekt\u012bvas<\/p>\n<p>Lai gan Venusa Viljamsa jau ilgsto\u0161i ir savas karjeras zen\u012bt\u0101, \u0161is notikums piesaista papildu mediju uzman\u012bbu ne tikai sporta, bet ar\u012b slaven\u012bbu dz\u012bves zi\u0146u kontekst\u0101. K\u0101 bijus\u012b pasaules pirm\u0101 rakete, Viljamsa v\u0113l gatavojas savai 33. sezonai WTA t\u016br\u0113 n\u0101kamaj\u0101 gad\u0101, un \u0161\u012b jaun\u0101 dz\u012bves f\u0101ze, protams, rad\u012bs jaut\u0101jumus par vi\u0146as sp\u0113ju balans\u0113t starp profesion\u0101lo karjeru un jaunizveidoto \u0123imenes dz\u012bvi.<\/p>\n<p>Tenisa sabiedr\u012bba un fani, kuri vi\u0146u atbalsta jau kop\u0161 90. gadiem, ar interesi v\u0113ros, k\u0101 laul\u012bbas ietekm\u0113s vi\u0146as sniegumu kort\u0101. \u0160obr\u012bd Viljamsa turpina savu ce\u013cu tenis\u0101, savuk\u0101rt vi\u0146as person\u012bg\u0101 dz\u012bve ir ieguvusi ofici\u0101lu \u00abaizsarg\u0101tu\u00bb statusu ar laul\u012bbas gredzenu.<\/p>\n","protected":false},"excerpt":{"rendered":"Pasaules Slaven\u0101 Sportiste Izaudzin\u0101jusi L\u012bdzcilv\u0113kus Ar Person\u012bgo Zi\u0146u Pasaulslaven\u0101 tenisiste, septi\u0146k\u0101rt\u0113ja \u00abGrand Slam\u00bb turn\u012bru uzvar\u0113t\u0101ja Venusa Viljamsa ir&hellip;\n","protected":false},"author":2,"featured_media":85127,"comment_status":"","ping_status":"","sticky":false,"template":"","format":"standard","meta":{"footnotes":""},"categories":[17],"tags":[21543,35,39,38,36,37,34,5874,40,7927,67,683,21542],"class_list":{"0":"post-85126","1":"post","2":"type-post","3":"status-publish","4":"format-standard","5":"has-post-thumbnail","7":"category-sports","8":"tag-andrea-preti","9":"tag-latvia","10":"tag-latvian","11":"tag-latviesu","12":"tag-latviesu-valoda","13":"tag-latviesuvaloda","14":"tag-latvija","15":"tag-laulibas","16":"tag-lv","17":"tag-slavenibu-kazas","18":"tag-sports","19":"tag-teniss","20":"tag-venusa-viljamsa"},"share_on_mastodon":{"url":"https:\/\/pubeurope.com\/@lv\/115775212304564336","error":""},"_links":{"self":[{"href":"https:\/\/www.europesays.com\/lv\/wp-json\/wp\/v2\/posts\/85126","targetHints":{"allow":["GET"]}}],"collection":[{"href":"https:\/\/www.europesays.com\/lv\/wp-json\/wp\/v2\/posts"}],"about":[{"href":"https:\/\/www.europesays.com\/lv\/wp-json\/wp\/v2\/types\/post"}],"author":[{"embeddable":true,"href":"https:\/\/www.europesays.com\/lv\/wp-json\/wp\/v2\/users\/2"}],"replies":[{"embeddable":true,"href":"https:\/\/www.europesays.com\/lv\/wp-json\/wp\/v2\/comments?post=85126"}],"version-history":[{"count":0,"href":"https:\/\/www.europesays.com\/lv\/wp-json\/wp\/v2\/posts\/85126\/revisions"}],"wp:featuredmedia":[{"embeddable":true,"href":"https:\/\/www.europesays.com\/lv\/wp-json\/wp\/v2\/media\/85127"}],"wp:attachment":[{"href":"https:\/\/www.europesays.com\/lv\/wp-json\/wp\/v2\/media?parent=85126"}],"wp:term":[{"taxonomy":"category","embeddable":true,"href":"https:\/\/www.europesays.com\/lv\/wp-json\/wp\/v2\/categories?post=85126"},{"taxonomy":"post_tag","embeddable":true,"href":"https:\/\/www.europesays.com\/lv\/wp-json\/wp\/v2\/tags?post=85126"}],"curies":[{"name":"wp","href":"https:\/\/api.w.org\/{rel}","templated":true}]}}