{"id":85270,"date":"2025-12-24T18:44:08","date_gmt":"2025-12-24T18:44:08","guid":{"rendered":"https:\/\/www.europesays.com\/lv\/85270\/"},"modified":"2025-12-24T18:44:08","modified_gmt":"2025-12-24T18:44:08","slug":"kulturas-ministre-lace-neuzskata-ka-javerte-sif-padomes-priekssedetajas-pilnvaras-neskatoties-uz-kritiku-lente-lv","status":"publish","type":"post","link":"https:\/\/www.europesays.com\/lv\/85270\/","title":{"rendered":"Kult\u016bras ministre L\u0101ce neuzskata, ka j\u0101v\u0113rt\u0113 SIF padomes priek\u0161s\u0113d\u0113t\u0101jas Pilnvaras, neskatoties uz kritiku\u00a0\u2014\u00a0Lente.lv"},"content":{"rendered":"<p>L\u0101ce neredz pamatu neuztic\u012bbas izteik\u0161anai SIF padomes priek\u0161s\u0113d\u0113t\u0101jai<\/p>\n<p>Jaut\u0101jums par neuztic\u012bbas izteik\u0161anu Sabiedr\u012bbas integr\u0101cijas fonda (SIF) padomes priek\u0161s\u0113d\u0113t\u0101jai Karinai Plokai \u0161obr\u012bd netiek izskat\u012bts, jo attiec\u012bgu pamatojumu neieraudz\u012bja kult\u016bras ministre Agnese L\u0101ce. K\u0101 zi\u0146o av\u012bze Diena, ministre \u0161\u0101du nost\u0101ju pauda intervij\u0101 Latvijas Telev\u012bzijas raid\u012bjum\u0101 \u201cR\u012bta panor\u0101ma\u201d, uzsverot, ka \u0161obr\u012bd tas nav jaut\u0101jums, kas tiek analiz\u0113ts, un SIF padomei ir priek\u0161\u0101 intens\u012bvs darba c\u0113liens ar b\u016btisku l\u0113mumu pie\u0146em\u0161anu.<\/p>\n<p>K. Ploka, kura vienlaikus ie\u0146em ar\u012b Ministru prezidentes parlament\u0101r\u0101s sekret\u0101res amatu, ir sask\u0101rusies ar nopietnu kritiku no mediju nozares p\u0101rst\u0101vju puses. Latvijas \u017durn\u0101listu asoci\u0101cijas (L\u017dA) valde ir pazi\u0146ojusi, ka izteikusi neuztic\u012bbu Plokai, pamatojot to ar nopietn\u0101m ba\u017e\u0101m par vi\u0146as sp\u0113j\u0101m kompetenti, neitr\u0101li un sabiedr\u012bbas interes\u0113m atbilsto\u0161i uzraudz\u012bt Mediju atbalsta fonda (MAF) darb\u012bbu. \u0160\u012b kritika, k\u0101 uzsv\u0113rts, nav balst\u012bta tikai uz k\u0101du atsevi\u0161\u0137u incidentu vai viedok\u013cu at\u0161\u0137ir\u012bbu, bet gan nor\u0101da uz sist\u0113misku pieeju, kas tiek uztverta k\u0101 profesion\u0101l\u0101s \u017eurn\u0101listikas ignor\u0113\u0161ana un nepietiekama izpratne par mediju lomu demokr\u0101tisk\u0101 valst\u012b.<\/p>\n<p>Mediju asoci\u0101cijas kritika un Plokas poz\u012bcija<\/p>\n<p>L\u017dA publiskaj\u0101 pazi\u0146ojum\u0101 nor\u0101d\u012bts, ka past\u0101v ba\u017eas par diskusiju veido\u0161anu, kas, vi\u0146upr\u0101t, rada labv\u0113l\u012bbu konkr\u0113tiem uz\u0146\u0113mumiem SIF l\u0113mumu pie\u0146em\u0161anas proces\u0101. \u0160\u012bs nesaska\u0146as sak\u0146ojas SIF padomes l\u0113mumos, kas skar mediju atbalsta pie\u0161\u0137ir\u0161anu, kas ir viens no fonda centr\u0101lajiem uzdevumiem, sadalot l\u012bdzek\u013cus gan nacion\u0101la m\u0113roga audiovizu\u0101lajiem elektroniskajiem pla\u0161sazi\u0146as l\u012bdzek\u013ciem, gan cit\u0101m atbalsta programm\u0101m.<\/p>\n<p>K\u0101 atbildi uz kritiku, K. Ploka iepriek\u0161 ir nor\u0101d\u012bjusi, ka vi\u0146as k\u0101 SIF padomes vad\u012bt\u0101jas darbs, izv\u0113rt\u0113jot MAF nolikumus, stingri balst\u0101s uz atkl\u0101tu un profesion\u0101lu dialogu ar mediju nozari. Vi\u0146a ar\u012b apgalvo, ka SIF padome sistem\u0101tiski konsult\u0113jas ar mediju nozares p\u0101rst\u0101vjiem, k\u0101 ar\u012b ar uz\u0146\u0113m\u0113ju organiz\u0101cij\u0101m un L\u017dA.<\/p>\n<p>Politisko sp\u0113ku reakcija un KNAB iesaiste<\/p>\n<p>Situ\u0101cija ir piesaist\u012bjusi ar\u012b politisk\u0101 sp\u0113ka \u201cZa\u013co un Zemnieku savien\u012bba\u201d (ZZS) uzman\u012bbu. ZZS ir aicin\u0101ju\u0161i Ministru prezidenti v\u0113rsties Korupcijas nov\u0113r\u0161anas un apkaro\u0161anas biroj\u0101 (KNAB). \u0160is aicin\u0101jums izteikts ar m\u0113r\u0137i nodro\u0161in\u0101t neatkar\u012bgu un objekt\u012bvu izv\u0113rt\u0113jumu par partijas \u201cProgres\u012bvie\u201d iesp\u0113jamo politisko ieinteres\u0113t\u012bbu SIF darb\u012bb\u0101 un izv\u0113rt\u0113t kult\u016bras ministres A. L\u0101ces atbild\u012bbu fonda p\u0101rraudz\u012bb\u0101. ZZS pau\u017e ba\u017eas par inform\u0101ciju, kas liecina par politiski pietuvin\u0101tu personu iesaisti SIF padomes l\u0113mumu pie\u0146em\u0161an\u0101, kas var\u0113tu rad\u012bt aizdomas par intere\u0161u konfliktiem un valsts bud\u017eeta l\u012bdzek\u013cu nepareizu izmanto\u0161anu.<\/p>\n<p>Lai gan politisk\u0101 spriedze un publisk\u0101 diskusija par SIF vad\u012bbu un MAF finans\u0113juma pie\u0161\u0137ir\u0161anu turpin\u0101s, kult\u016bras ministre A. L\u0101ce, k\u0101 SIF padomes locekle un atbild\u012bg\u0101 ministre, pagaid\u0101m saglab\u0101 savu poz\u012bciju, ka nek\u0101ds pamats, lai v\u0113rt\u0113tu jaut\u0101jumu par neuztic\u012bbas izteik\u0161anu, \u0161obr\u012bd nav konstat\u0113ts.<\/p>\n<p>SIF Padomes loma un funkcijas<\/p>\n<p>Sabiedr\u012bbas integr\u0101cijas fonds ir instit\u016bcija, kurai ir b\u016btiska loma noteiktu sabiedrisko procesu p\u0101rraudz\u012bb\u0101 un atbalst\u012b\u0161an\u0101 Latvij\u0101. SIF Padomes funkcijas ir pla\u0161as un atbild\u012bgas; t\u0101s ietver fonda gada p\u0101rskatu izskat\u012b\u0161anu, valsts bud\u017eeta programmu un \u012bstenoto projektu izv\u0113rt\u0113\u0161anas zi\u0146ojumu apstiprin\u0101\u0161anu, k\u0101 ar\u012b iek\u0161\u0113jo auditu un p\u0101rbau\u017eu zi\u0146ojumu anal\u012bzi. V\u0113l viens no svar\u012bg\u0101kajiem uzdevumiem ir uzraudz\u012bt fonda l\u012bdzek\u013cu efekt\u012bvu izmanto\u0161anu, k\u0101 ar\u012b apstiprin\u0101t projektu konkursa nolikumus un rezult\u0101tus.<\/p>\n<p>Padomes sast\u0101v\u0101 ir p\u0101rst\u0101vji no vair\u0101k\u0101m ministrij\u0101m \u2013 Izgl\u012bt\u012bbas un zin\u0101tnes, Kult\u016bras, Labkl\u0101j\u012bbas, Vied\u0101s administr\u0101cijas un re\u0123ion\u0101l\u0101s att\u012bst\u012bbas, k\u0101 ar\u012b Tieslietu ministrijas, papildus Ministru prezidentes p\u0101rst\u0101vim un \u010detriem nevalstisko organiz\u0101ciju (NVO) p\u0101rst\u0101vjiem, kurus izraug\u0101s uz trim gadiem. \u0160is daudzveid\u012bgais sast\u0101vs paredz nodro\u0161in\u0101t sabalans\u0113tu l\u0113mumu pie\u0146em\u0161anu da\u017e\u0101dos sabiedr\u012bbas intere\u0161u jaut\u0101jumos.<\/p>\n<p>N\u0101kotnes perspekt\u012bvas un darba k\u0101rt\u012bba<\/p>\n<p>Neskatoties uz \u0101r\u0113jo spriedzi un L\u017dA kritiku, ministres L\u0101ces atzinums liecina par m\u0113\u0123in\u0101jumu saglab\u0101t darba k\u0101rt\u012bbu un koncentr\u0113ties uz n\u0101kotnes uzdevumiem. Ministre uzsv\u0113ra, ka SIF padomei ir j\u0101koncentr\u0113jas uz gaid\u0101mo intens\u012bvo laiku un nepiecie\u0161am\u012bbu pie\u0146emt b\u016btiskus l\u0113mumus, kas ietekm\u0113 fonda darb\u012bbu un m\u0113r\u0137u sasnieg\u0161anu sabiedr\u012bbas integr\u0101cijas jom\u0101. \u0160\u0101ds skat\u012bjums var\u0113tu signaliz\u0113t par v\u0113lmi politiski mazin\u0101t diskusijas intensit\u0101ti l\u012bdz br\u012bdim, kad tiks sa\u0146emti jauni, p\u0101rliecino\u0161i fakti vai notiks SIF iek\u0161\u0113jo procesu piln\u012bga p\u0101rskat\u012b\u0161ana.<\/p>\n<p>Situ\u0101cijas att\u012bst\u012bba turpm\u0101k b\u016bs atkar\u012bga no t\u0101, k\u0101 tiks risin\u0101tas mediju nozares ba\u017eas un vai tiks rasti jauni argumenti, kas var\u0113tu main\u012bt kult\u016bras ministres un citu atbild\u012bgo instit\u016bciju viedokli par K. Plokas k\u0101 SIF padomes priek\u0161s\u0113d\u0113t\u0101jas pilnvaru atbilst\u012bbu.<\/p>\n","protected":false},"excerpt":{"rendered":"L\u0101ce neredz pamatu neuztic\u012bbas izteik\u0161anai SIF padomes priek\u0161s\u0113d\u0113t\u0101jai Jaut\u0101jums par neuztic\u012bbas izteik\u0161anu Sabiedr\u012bbas integr\u0101cijas fonda (SIF) padomes priek\u0161s\u0113d\u0113t\u0101jai&hellip;\n","protected":false},"author":2,"featured_media":85271,"comment_status":"","ping_status":"","sticky":false,"template":"","format":"standard","meta":{"footnotes":""},"categories":[12],"tags":[8981,23,28,29,32,33,22,21607,30,31,35,39,38,36,37,34,40,21608,20,26,27,21609,4393,24,25,21],"class_list":{"0":"post-85270","1":"post","2":"type-post","3":"status-publish","4":"format-standard","5":"has-post-thumbnail","7":"category-latvija","8":"tag-agnese-lace","9":"tag-aktualitates","10":"tag-breaking-news","11":"tag-breakingnews","12":"tag-featured-news","13":"tag-featurednews","14":"tag-headlines","15":"tag-karina-ploka","16":"tag-latest-news","17":"tag-latestnews","18":"tag-latvia","19":"tag-latvian","20":"tag-latviesu","21":"tag-latviesu-valoda","22":"tag-latviesuvaloda","23":"tag-latvija","24":"tag-lv","25":"tag-mediju-atbalsts","26":"tag-news","27":"tag-popularakas-zinas","28":"tag-popularakaszinas","29":"tag-sabiedribas-integracija","30":"tag-sif","31":"tag-top-stories","32":"tag-topstories","33":"tag-zinas"},"share_on_mastodon":{"url":"https:\/\/pubeurope.com\/@lv\/115776026234829721","error":""},"_links":{"self":[{"href":"https:\/\/www.europesays.com\/lv\/wp-json\/wp\/v2\/posts\/85270","targetHints":{"allow":["GET"]}}],"collection":[{"href":"https:\/\/www.europesays.com\/lv\/wp-json\/wp\/v2\/posts"}],"about":[{"href":"https:\/\/www.europesays.com\/lv\/wp-json\/wp\/v2\/types\/post"}],"author":[{"embeddable":true,"href":"https:\/\/www.europesays.com\/lv\/wp-json\/wp\/v2\/users\/2"}],"replies":[{"embeddable":true,"href":"https:\/\/www.europesays.com\/lv\/wp-json\/wp\/v2\/comments?post=85270"}],"version-history":[{"count":0,"href":"https:\/\/www.europesays.com\/lv\/wp-json\/wp\/v2\/posts\/85270\/revisions"}],"wp:featuredmedia":[{"embeddable":true,"href":"https:\/\/www.europesays.com\/lv\/wp-json\/wp\/v2\/media\/85271"}],"wp:attachment":[{"href":"https:\/\/www.europesays.com\/lv\/wp-json\/wp\/v2\/media?parent=85270"}],"wp:term":[{"taxonomy":"category","embeddable":true,"href":"https:\/\/www.europesays.com\/lv\/wp-json\/wp\/v2\/categories?post=85270"},{"taxonomy":"post_tag","embeddable":true,"href":"https:\/\/www.europesays.com\/lv\/wp-json\/wp\/v2\/tags?post=85270"}],"curies":[{"name":"wp","href":"https:\/\/api.w.org\/{rel}","templated":true}]}}