{"id":85295,"date":"2025-12-24T19:25:11","date_gmt":"2025-12-24T19:25:11","guid":{"rendered":"https:\/\/www.europesays.com\/lv\/85295\/"},"modified":"2025-12-24T19:25:11","modified_gmt":"2025-12-24T19:25:11","slug":"krievijas-uzbrukumos-ukrainas-energetikas-objektiem-varetu-but-izmantoti-kinas-satelitu-dati","status":"publish","type":"post","link":"https:\/\/www.europesays.com\/lv\/85295\/","title":{"rendered":"Krievijas uzbrukumos Ukrainas ener\u0123\u0113tikas objektiem var\u0113tu b\u016bt izmantoti \u0136\u012bnas satel\u012btu dati"},"content":{"rendered":"<p>Zelenskis apgalvoja, ka Kijiva ir nov\u0113rojusi korel\u0101ciju starp \u0136\u012bnas satel\u012btatt\u0113liem, kas uz\u0146emti Ukrainas teritorij\u0101, un sekojo\u0161iem Krievijas uzbrukumiem ener\u0123\u0113tikas objektiem. P\u0113c tik\u0161an\u0101s ar Ukrainas \u0100r\u0113j\u0101s izl\u016bko\u0161anas dienesta vad\u012bt\u0101ju Olehu Iva\u0161\u010denko vi\u0146\u0161 zi\u0146oja par \u201csaik\u0146u stiprin\u0101\u0161anu starp Krieviju un \u0136\u012bnas strukt\u016br\u0101m, kas var sniegt kosmos\u0101 b\u0101z\u0113tu izl\u016bko\u0161anu.\u201d<\/p>\n<p>Ukrainas prezidents uzsv\u0113ra, ka Kijiva pl\u0101no apspriest \u0161o jaut\u0101jumu ar saviem sabiedrotajiem, nor\u0101dot, ka \u0161\u0101da r\u012bc\u012bba grauj diplom\u0101tiskos centienus izbeigt gandr\u012bz \u010detrus gadus ilgo karu. Zelenskis gan nepreciz\u0113ja, vai \u0136\u012bnas varas iest\u0101des ir inform\u0113tas par iesp\u0113jamo \u0136\u012bnas uz\u0146\u0113mumu iesaisti satel\u012btu datu nodo\u0161an\u0101.<\/p>\n<p>Pag\u0101ju\u0161aj\u0101 ned\u0113\u013c\u0101 Ukrainas \u0101rlietu ministra pirmais vietnieks Serhijs Kislica Pekin\u0101 konsult\u0113j\u0101s ar \u0136\u012bnas \u0101rlietu ministra pal\u012bgu Liu Binu, tostarp par karu.<\/p>\n<p>2023. gad\u0101 Amerikas Savienot\u0101s Valstis prezidenta D\u017eo Baidena administr\u0101cijas vad\u012bb\u0101 noteica sankcijas \u0136\u012bnas uz\u0146\u0113mumam, kas tika aps\u016bdz\u0113ts Ukrainas teritorijas satel\u012btatt\u0113lu nos\u016bt\u012b\u0161an\u0101 Krievijas tehnolo\u0123iju uz\u0146\u0113mumam, un izvirz\u012bja \u0161o jaut\u0101jumu dialog\u0101 ar Pekinu.<\/p>\n","protected":false},"excerpt":{"rendered":"Zelenskis apgalvoja, ka Kijiva ir nov\u0113rojusi korel\u0101ciju starp \u0136\u012bnas satel\u012btatt\u0113liem, kas uz\u0146emti Ukrainas teritorij\u0101, un sekojo\u0161iem Krievijas uzbrukumiem&hellip;\n","protected":false},"author":2,"featured_media":85296,"comment_status":"","ping_status":"","sticky":false,"template":"","format":"standard","meta":{"footnotes":""},"categories":[14],"tags":[23,57,28,29,781,32,33,22,4213,74,30,31,35,39,38,36,37,34,40,20,26,27,24,25,276,178,54,55,56,21,58],"class_list":{"0":"post-85295","1":"post","2":"type-post","3":"status-publish","4":"format-standard","5":"has-post-thumbnail","7":"category-zinas-no-arvalstim","8":"tag-aktualitates","9":"tag-arvalstim","10":"tag-breaking-news","11":"tag-breakingnews","12":"tag-energetika","13":"tag-featured-news","14":"tag-featurednews","15":"tag-headlines","16":"tag-kina","17":"tag-krievijas-iebrukums-ukraina","18":"tag-latest-news","19":"tag-latestnews","20":"tag-latvia","21":"tag-latvian","22":"tag-latviesu","23":"tag-latviesu-valoda","24":"tag-latviesuvaloda","25":"tag-latvija","26":"tag-lv","27":"tag-news","28":"tag-popularakas-zinas","29":"tag-popularakaszinas","30":"tag-top-stories","31":"tag-topstories","32":"tag-ukraina","33":"tag-volodimirs-zelenskis","34":"tag-world","35":"tag-world-news","36":"tag-worldnews","37":"tag-zinas","38":"tag-zinas-no-arvalstim"},"share_on_mastodon":{"url":"https:\/\/pubeurope.com\/@lv\/115776187478900474","error":""},"_links":{"self":[{"href":"https:\/\/www.europesays.com\/lv\/wp-json\/wp\/v2\/posts\/85295","targetHints":{"allow":["GET"]}}],"collection":[{"href":"https:\/\/www.europesays.com\/lv\/wp-json\/wp\/v2\/posts"}],"about":[{"href":"https:\/\/www.europesays.com\/lv\/wp-json\/wp\/v2\/types\/post"}],"author":[{"embeddable":true,"href":"https:\/\/www.europesays.com\/lv\/wp-json\/wp\/v2\/users\/2"}],"replies":[{"embeddable":true,"href":"https:\/\/www.europesays.com\/lv\/wp-json\/wp\/v2\/comments?post=85295"}],"version-history":[{"count":0,"href":"https:\/\/www.europesays.com\/lv\/wp-json\/wp\/v2\/posts\/85295\/revisions"}],"wp:featuredmedia":[{"embeddable":true,"href":"https:\/\/www.europesays.com\/lv\/wp-json\/wp\/v2\/media\/85296"}],"wp:attachment":[{"href":"https:\/\/www.europesays.com\/lv\/wp-json\/wp\/v2\/media?parent=85295"}],"wp:term":[{"taxonomy":"category","embeddable":true,"href":"https:\/\/www.europesays.com\/lv\/wp-json\/wp\/v2\/categories?post=85295"},{"taxonomy":"post_tag","embeddable":true,"href":"https:\/\/www.europesays.com\/lv\/wp-json\/wp\/v2\/tags?post=85295"}],"curies":[{"name":"wp","href":"https:\/\/api.w.org\/{rel}","templated":true}]}}