{"id":85297,"date":"2025-12-24T19:27:22","date_gmt":"2025-12-24T19:27:22","guid":{"rendered":"https:\/\/www.europesays.com\/lv\/85297\/"},"modified":"2025-12-24T19:27:22","modified_gmt":"2025-12-24T19:27:22","slug":"asv-pazino-ka-liegs-vizu-es-ekskomisaram-apollo-lv","status":"publish","type":"post","link":"https:\/\/www.europesays.com\/lv\/85297\/","title":{"rendered":"ASV pazi\u0146o, ka liegs v\u012bzu ES ekskomis\u0101ram &#8211; Apollo.lv"},"content":{"rendered":"<ol>\n<li><a href=\"https:\/\/news.google.com\/rss\/articles\/CBMiekFVX3lxTE94TEQ4eFB1SEYyS2szV0p5MF9jMV9oXzczbzAxUkVLQkFOZERraHVyd2IxSUFzdlNaWlZpUVdoSW45Uno1OE9pb2Zqenh0MEFTVjVZLUVBQTRZTzNxcXdmRDh0NDRCWG9hblhxSnZ2YW9DMDljb0xWc0FB?oc=5\" target=\"_blank\" rel=\"nofollow noopener\">ASV pazi\u0146o, ka liegs v\u012bzu ES ekskomis\u0101ram<\/a>&nbsp;&nbsp;Apollo.lv<\/li>\n<li><a href=\"https:\/\/news.google.com\/rss\/articles\/CBMiggJBVV95cUxQOHRhdzNiTWwwdUh4VVc2T21vdUJIb3pLc1Q5S3E5Z0JWMkwyY0Y3WVIxTEFzbXN3WlRJMVlOT3oyTzZxT2c3a3h5V2c0SkhoSDdHclpLWHZQVmdKVk5WMWRQX09FdGwxdTBBNkdfODNLQVFoaGlZMEFDdTJCazhLRHpMcHVmTlA1N2VVUjBRM2hlNGl1R0pnbDRsNTl0QUxQU1hnd1puNDFRRmlka2dqUjNCUkNkQTNEN1JBOW9KS2RnNUhpWDA1ZG1zNm5KWU5fZllLZzlDSEZBYjZTSnZzeUJSQTF3MmFxVjYxaktoUFdZT0dpZlRBTEllRGhHTFd5V2c?oc=5\" target=\"_blank\" rel=\"nofollow noopener\">Eirop\u0101 kritiz\u0113 ASV l\u0113mumu liegt iece\u013co\u0161anu person\u0101m, kas aizst\u0101v\u0113ja stingr\u0101kus ierobe\u017eojumus soci\u0101lajiem medijiem<\/a>&nbsp;&nbsp;LSM<\/li>\n<li><a href=\"https:\/\/news.google.com\/rss\/articles\/CBMi1gFBVV95cUxNRmNKN0gtd2lmNVN1dEJpRU44NGxhVzV2Z1ZrMDNIclJVZmZtcDU0VTNtQ1hjOWpxa0lCVGV6TFJwNFhad1VfUW1UTW1qY1VIendFcnNDb3NOMGdQaGVGS3hlY1Y4YjZHbi1ZRkZrQmtyQkdITElWaDBGczd5SDBodk1CQkJTQThOX1hfNzFjbVBTN195WTFmdm1aeUxWdUp2aFNnVWxMNldqS0VGZHFnaEhzSzJQNzhHa1ZLa2M5QTRSaWhtR05BeTJieVRfVnBvUVZqRU13?oc=5\" target=\"_blank\" rel=\"nofollow noopener\">ES aizst\u0101v digit\u0101los noteikumus, kam\u0113r Trampa administr\u0101cija piem\u0113ro v\u012bzu sankcijas Tjer\u012b Bretonam<\/a>&nbsp;&nbsp;Lente.lv<\/li>\n<li><a href=\"https:\/\/news.google.com\/rss\/articles\/CBMiuAFBVV95cUxQNzdHbFdkWTZIQkJYYW9Rclowa1NySGRfTWFwdEQxaDB4MnFwaEkxdUY5ZWJEZDlkSHJhVVVPX2p3elNIN3BKN3VYVEZHRzZmano1RFUybUo5MEl1YWktX25UbEhlME02TnBIazVMdGQ0TVNpTk1RZW54dFF3eWt4d0RiMlhVc1ktQ0FJU1hfaGNwWWVyNk91Y29GQ1gzV2pPOFJWcDkteWw0aHdxQk0xc1Y5RUFETXVk?oc=5\" target=\"_blank\" rel=\"nofollow noopener\">ASV aizliedz iece\u013cot valst\u012b pieciem eiropie\u0161iem, kuri c\u012bn\u0101s pret dezinform\u0101ciju internet\u0101<\/a>&nbsp;&nbsp;TVNET<\/li>\n<li><a href=\"https:\/\/news.google.com\/rss\/articles\/CBMi1wFBVV95cUxQbm4yWWp1MWU5Y2I0aVN3b2RWUDZNUUpPQklqWV8zWXJldXNSN0ZIcW1xZDA0dnp6SFJHNGdqcWx4cVFpRmhFdlpjS3gwV0xDeFloekI4aVJ2WF9MOFd4ZjNBLTUtZUJfekkyOUp0a3Q0QWRkLW5VUXVYUGJ2ZnpEdDh6VkJ1YW95VzBzcXFqTTE4YzQxc0dxM3VxTkEtZXliczZCSVN0SFZMellYYTI3eHo4NllnV2d0Z0RUUTZLeTUzT3hqX0I3ck9yUHJhWjZJdW5aemFQaw?oc=5\" target=\"_blank\" rel=\"nofollow noopener\">ASV liedz iece\u013co\u0161anu biju\u0161ajam ES komis\u0101ram Bretonam, aps\u016bdzot par tie\u0161saistes cenz\u016bras veicin\u0101\u0161anu<\/a>&nbsp;&nbsp;Lente.lv<\/li>\n<\/ol>\n","protected":false},"excerpt":{"rendered":"ASV pazi\u0146o, ka liegs v\u012bzu ES ekskomis\u0101ram&nbsp;&nbsp;Apollo.lv Eirop\u0101 kritiz\u0113 ASV l\u0113mumu liegt iece\u013co\u0161anu person\u0101m, kas aizst\u0101v\u0113ja stingr\u0101kus ierobe\u017eojumus&hellip;\n","protected":false},"author":2,"featured_media":85298,"comment_status":"","ping_status":"","sticky":false,"template":"","format":"standard","meta":{"footnotes":""},"categories":[5],"tags":[23,292,28,29,32,33,22,30,31,35,39,38,36,37,34,40,3819,20,26,27,8477,11426,24,25,21],"class_list":{"0":"post-85297","1":"post","2":"type-post","3":"status-publish","4":"format-standard","5":"has-post-thumbnail","7":"category-aktualitates","8":"tag-aktualitates","9":"tag-asv","10":"tag-breaking-news","11":"tag-breakingnews","12":"tag-featured-news","13":"tag-featurednews","14":"tag-headlines","15":"tag-latest-news","16":"tag-latestnews","17":"tag-latvia","18":"tag-latvian","19":"tag-latviesu","20":"tag-latviesu-valoda","21":"tag-latviesuvaloda","22":"tag-latvija","23":"tag-lv","24":"tag-mediji","25":"tag-news","26":"tag-popularakas-zinas","27":"tag-popularakaszinas","28":"tag-socialie-mediji","29":"tag-socialie-tikli","30":"tag-top-stories","31":"tag-topstories","32":"tag-zinas"},"share_on_mastodon":{"url":"https:\/\/pubeurope.com\/@lv\/115776195355651072","error":""},"_links":{"self":[{"href":"https:\/\/www.europesays.com\/lv\/wp-json\/wp\/v2\/posts\/85297","targetHints":{"allow":["GET"]}}],"collection":[{"href":"https:\/\/www.europesays.com\/lv\/wp-json\/wp\/v2\/posts"}],"about":[{"href":"https:\/\/www.europesays.com\/lv\/wp-json\/wp\/v2\/types\/post"}],"author":[{"embeddable":true,"href":"https:\/\/www.europesays.com\/lv\/wp-json\/wp\/v2\/users\/2"}],"replies":[{"embeddable":true,"href":"https:\/\/www.europesays.com\/lv\/wp-json\/wp\/v2\/comments?post=85297"}],"version-history":[{"count":0,"href":"https:\/\/www.europesays.com\/lv\/wp-json\/wp\/v2\/posts\/85297\/revisions"}],"wp:featuredmedia":[{"embeddable":true,"href":"https:\/\/www.europesays.com\/lv\/wp-json\/wp\/v2\/media\/85298"}],"wp:attachment":[{"href":"https:\/\/www.europesays.com\/lv\/wp-json\/wp\/v2\/media?parent=85297"}],"wp:term":[{"taxonomy":"category","embeddable":true,"href":"https:\/\/www.europesays.com\/lv\/wp-json\/wp\/v2\/categories?post=85297"},{"taxonomy":"post_tag","embeddable":true,"href":"https:\/\/www.europesays.com\/lv\/wp-json\/wp\/v2\/tags?post=85297"}],"curies":[{"name":"wp","href":"https:\/\/api.w.org\/{rel}","templated":true}]}}