{"id":85316,"date":"2025-12-24T19:55:11","date_gmt":"2025-12-24T19:55:11","guid":{"rendered":"https:\/\/www.europesays.com\/lv\/85316\/"},"modified":"2025-12-24T19:55:11","modified_gmt":"2025-12-24T19:55:11","slug":"zelenskis-pirmo-reizi-pielavis-karaspeka-izvesanu-no-donbasa-tacu-ar-vienu-nosacijumu","status":"publish","type":"post","link":"https:\/\/www.europesays.com\/lv\/85316\/","title":{"rendered":"Zelenskis pirmo reizi pie\u013c\u0101vis karasp\u0113ka izve\u0161anu no Donbasa, ta\u010du ar vienu nosac\u012bjumu"},"content":{"rendered":"<p>Jau zi\u0146ots, ka tre\u0161dien, 24. decembr\u012b prezidents <a href=\"https:\/\/www.tvnet.lv\/term\/584993\/volodimirs-zelenskis\" class=\"topicLink\" target=\"_blank\" rel=\"nofollow noopener\">Volodimirs Zelenskis<\/a> atkl\u0101ja 20 punktu miera pl\u0101nu, ko Ukraina izstr\u0101d\u0101ja kop\u012bgi ar Amerikas Savienotaj\u0101m Valst\u012bm. Vi\u0146\u0161 nor\u0101d\u012bja, ka Ukraina ir gatava tikties ar ASV p\u0101rst\u0101vjiem vad\u012bbas l\u012bmen\u012b, lai risin\u0101tu delik\u0101tus jaut\u0101jumus.<\/p>\n<p>Miera pl\u0101n\u0101 ir iek\u013cauta klauzula, kas paredz, ka Ukraina sa\u0146ems \u201cstingras\u201d dro\u0161\u012bbas garantijas un ka Ukrainas bru\u0146oto sp\u0113ku skaitliskais sast\u0101vs miera laik\u0101 saglab\u0101sies 800 000 cilv\u0113ku liels. Krievijai ir ar\u012b pien\u0101kums nostiprin\u0101t savu neuzbruk\u0161anas politiku pret Eiropu un Ukrainu visos nepiecie\u0161amajos likumos un ratifik\u0101cijas dokumentos.<\/p>\n<p>Miera pl\u0101na projekt\u0101 ir iek\u013cauta ar\u012b klauzula, kas apliecina, ka Ukraina paliks valsts bez kodoliero\u010diem. Zapori\u017ejes atomelektrostaciju kop\u012bgi ekspluat\u0113s tr\u012bs valstis: Ukraina, ASV un Krievija.<\/p>\n<p>Turkl\u0101t Bloomberg, atsaucoties uz Kremlim tuvu st\u0101vo\u0161u avotu, zi\u0146oja, ka Krievija pl\u0101no pan\u0101kt b\u016btiskas izmai\u0146as jaun\u0101kaj\u0101 miera pl\u0101n\u0101, lai izbeigtu karu Ukrain\u0101. Saska\u0146\u0101 ar a\u0123ent\u016bras avota teikto, <a href=\"https:\/\/www.tvnet.lv\/term\/570701\/kremlis\" class=\"topicLink\" target=\"_blank\" rel=\"nofollow noopener\">Kremlis<\/a> 20 punktu miera pl\u0101nu uzskata par s\u0101kumpunktu turpm\u0101k\u0101m sarun\u0101m.<\/p>\n<p>V\u0101rd\u0101 nemin\u0113tais avots \u017eurn\u0101listiem sac\u012bja, ka Krievija ir noraiz\u0113jusies par garantij\u0101m pret NATO turpm\u0101ko papla\u0161in\u0101\u0161anos austrumu virzien\u0101 un Ukrainas neitr\u0101lo statusu, ja t\u0101 pievienosies Eiropas Savien\u012bbai.<\/p>\n","protected":false},"excerpt":{"rendered":"Jau zi\u0146ots, ka tre\u0161dien, 24. decembr\u012b prezidents Volodimirs Zelenskis atkl\u0101ja 20 punktu miera pl\u0101nu, ko Ukraina izstr\u0101d\u0101ja kop\u012bgi&hellip;\n","protected":false},"author":2,"featured_media":85317,"comment_status":"","ping_status":"","sticky":false,"template":"","format":"standard","meta":{"footnotes":""},"categories":[14],"tags":[23,57,28,29,14033,32,33,22,11056,234,74,30,31,35,39,38,36,37,34,40,20,26,27,24,25,276,178,54,55,56,21,58],"class_list":{"0":"post-85316","1":"post","2":"type-post","3":"status-publish","4":"format-standard","5":"has-post-thumbnail","7":"category-zinas-no-arvalstim","8":"tag-aktualitates","9":"tag-arvalstim","10":"tag-breaking-news","11":"tag-breakingnews","12":"tag-donbass","13":"tag-featured-news","14":"tag-featurednews","15":"tag-headlines","16":"tag-kremlis","17":"tag-krievija","18":"tag-krievijas-iebrukums-ukraina","19":"tag-latest-news","20":"tag-latestnews","21":"tag-latvia","22":"tag-latvian","23":"tag-latviesu","24":"tag-latviesu-valoda","25":"tag-latviesuvaloda","26":"tag-latvija","27":"tag-lv","28":"tag-news","29":"tag-popularakas-zinas","30":"tag-popularakaszinas","31":"tag-top-stories","32":"tag-topstories","33":"tag-ukraina","34":"tag-volodimirs-zelenskis","35":"tag-world","36":"tag-world-news","37":"tag-worldnews","38":"tag-zinas","39":"tag-zinas-no-arvalstim"},"share_on_mastodon":{"url":"","error":"Validation failed: Text character limit of 500 exceeded"},"_links":{"self":[{"href":"https:\/\/www.europesays.com\/lv\/wp-json\/wp\/v2\/posts\/85316","targetHints":{"allow":["GET"]}}],"collection":[{"href":"https:\/\/www.europesays.com\/lv\/wp-json\/wp\/v2\/posts"}],"about":[{"href":"https:\/\/www.europesays.com\/lv\/wp-json\/wp\/v2\/types\/post"}],"author":[{"embeddable":true,"href":"https:\/\/www.europesays.com\/lv\/wp-json\/wp\/v2\/users\/2"}],"replies":[{"embeddable":true,"href":"https:\/\/www.europesays.com\/lv\/wp-json\/wp\/v2\/comments?post=85316"}],"version-history":[{"count":0,"href":"https:\/\/www.europesays.com\/lv\/wp-json\/wp\/v2\/posts\/85316\/revisions"}],"wp:featuredmedia":[{"embeddable":true,"href":"https:\/\/www.europesays.com\/lv\/wp-json\/wp\/v2\/media\/85317"}],"wp:attachment":[{"href":"https:\/\/www.europesays.com\/lv\/wp-json\/wp\/v2\/media?parent=85316"}],"wp:term":[{"taxonomy":"category","embeddable":true,"href":"https:\/\/www.europesays.com\/lv\/wp-json\/wp\/v2\/categories?post=85316"},{"taxonomy":"post_tag","embeddable":true,"href":"https:\/\/www.europesays.com\/lv\/wp-json\/wp\/v2\/tags?post=85316"}],"curies":[{"name":"wp","href":"https:\/\/api.w.org\/{rel}","templated":true}]}}