{"id":85319,"date":"2025-12-24T20:02:16","date_gmt":"2025-12-24T20:02:16","guid":{"rendered":"https:\/\/www.europesays.com\/lv\/85319\/"},"modified":"2025-12-24T20:02:16","modified_gmt":"2025-12-24T20:02:16","slug":"rietumu-kristiga-pasaule-svin-ziemassvetku-vakaru","status":"publish","type":"post","link":"https:\/\/www.europesays.com\/lv\/85319\/","title":{"rendered":"Rietumu krist\u012bg\u0101 pasaule svin Ziemassv\u0113tku vakaru"},"content":{"rendered":"<p>\u012ast\u0101 Kristus dzim\u0161anas diena nav zin\u0101ma &#8211; eva\u0146\u0123\u0113lijos min\u0113ts tikai J\u0113zus piedzim\u0161anas fakts. \u0112\u0123ipt\u0113 III gadsimt\u0101 J\u0113zus Kristus dzim\u0161anas diena tika svin\u0113ta 25. mart\u0101. Ar\u012b cit\u0101s Austrumu zem\u0113s \u0161o dienu cilv\u0113ki saist\u012bju\u0161i ar pavasara saulgrie\u017eiem.<\/p>\n<p>Rom\u0101 25. decembri k\u0101 Kristus dzim\u0161anas dienu s\u0101ka svin\u0113t ap 336. gadu. \u0136eizars Marks Aur\u0113lijs 274. gad\u0101 par godu &#8220;neuzvaram\u0101 Saules dieva&#8221; dzim\u0161anai 25. decembri izsludin\u0101ja par valsts sv\u0113tkiem, t\u0101d\u0113j\u0101di cen\u0161oties stiprin\u0101t pag\u0101nu valsti.<\/p>\n<p>Lai mazin\u0101tu \u0161o pag\u0101nisko iespaidu, kristie\u0161i s\u0101ku\u0161i svin\u0113t 25. decembri k\u0101 J\u0113zus Kristus dzim\u0161anas dienu, t\u0101d\u0113j\u0101di apliecinot, ka Kristus ir &#8220;pasaules gaisma&#8221; un &#8220;taisn\u012bbas saule&#8221;. No Romas \u0161\u012b trad\u012bcija \u0101tri izplat\u012bj\u0101s \u0100frik\u0101, Sp\u0101nij\u0101, Zieme\u013cit\u0101lij\u0101, Gallij\u0101.<\/p>\n<p>\u0160ovakar kristie\u0161u draudz\u0113s Latvij\u0101 notiek sv\u0113tku dievkalpojumi.<\/p>\n<p>Ziemassv\u0113tku litur\u0123ij\u0101 ir Vigilijas mise, kuru kato\u013cu bazn\u012bc\u0101s notur Ziemassv\u0113tku vigilijas, 24. decembra, vakar\u0101. &#8220;Vigilare&#8221; noz\u012bm\u0113 &#8220;b\u016bt nomod\u0101&#8221;. Senos laikos pirms lieliem sv\u0113tkiem visu nakti l\u016bdz\u0101s, gav\u0113ja un gandar\u012bja. T\u0101da gav\u0113\u0161anas diena bija ar\u012b 24. decembris. Tagad \u0161aj\u0101 dien\u0101 gav\u0113nis ir atcelts.<\/p>\n<p>Ziemassv\u0113tkiem sekojo\u0161\u0101s septi\u0146as dienas sauc par Ziemassv\u0113tku okt\u0101vu. \u0160aj\u0101s dien\u0101s Sv\u0113t\u0101s Mises l\u016bg\u0161anas ir pieska\u0146otas Ziemassv\u0113tku notikumam. Sv\u0113tdien\u0101 p\u0113c Ziemassv\u0113tkiem ir Sv\u0113t\u0101s \u0123imenes sv\u0113tki.<\/p>\n","protected":false},"excerpt":{"rendered":"\u012ast\u0101 Kristus dzim\u0161anas diena nav zin\u0101ma &#8211; eva\u0146\u0123\u0113lijos min\u0113ts tikai J\u0113zus piedzim\u0161anas fakts. \u0112\u0123ipt\u0113 III gadsimt\u0101 J\u0113zus Kristus&hellip;\n","protected":false},"author":2,"featured_media":85320,"comment_status":"","ping_status":"","sticky":false,"template":"","format":"standard","meta":{"footnotes":""},"categories":[12],"tags":[23,28,29,32,33,22,30,31,35,39,38,36,37,34,40,20,26,27,3124,24,25,9687,21],"class_list":{"0":"post-85319","1":"post","2":"type-post","3":"status-publish","4":"format-standard","5":"has-post-thumbnail","7":"category-latvija","8":"tag-aktualitates","9":"tag-breaking-news","10":"tag-breakingnews","11":"tag-featured-news","12":"tag-featurednews","13":"tag-headlines","14":"tag-latest-news","15":"tag-latestnews","16":"tag-latvia","17":"tag-latvian","18":"tag-latviesu","19":"tag-latviesu-valoda","20":"tag-latviesuvaloda","21":"tag-latvija","22":"tag-lv","23":"tag-news","24":"tag-popularakas-zinas","25":"tag-popularakaszinas","26":"tag-religija","27":"tag-top-stories","28":"tag-topstories","29":"tag-ziemassvetki","30":"tag-zinas"},"share_on_mastodon":{"url":"https:\/\/pubeurope.com\/@lv\/115776332965785211","error":""},"_links":{"self":[{"href":"https:\/\/www.europesays.com\/lv\/wp-json\/wp\/v2\/posts\/85319","targetHints":{"allow":["GET"]}}],"collection":[{"href":"https:\/\/www.europesays.com\/lv\/wp-json\/wp\/v2\/posts"}],"about":[{"href":"https:\/\/www.europesays.com\/lv\/wp-json\/wp\/v2\/types\/post"}],"author":[{"embeddable":true,"href":"https:\/\/www.europesays.com\/lv\/wp-json\/wp\/v2\/users\/2"}],"replies":[{"embeddable":true,"href":"https:\/\/www.europesays.com\/lv\/wp-json\/wp\/v2\/comments?post=85319"}],"version-history":[{"count":0,"href":"https:\/\/www.europesays.com\/lv\/wp-json\/wp\/v2\/posts\/85319\/revisions"}],"wp:featuredmedia":[{"embeddable":true,"href":"https:\/\/www.europesays.com\/lv\/wp-json\/wp\/v2\/media\/85320"}],"wp:attachment":[{"href":"https:\/\/www.europesays.com\/lv\/wp-json\/wp\/v2\/media?parent=85319"}],"wp:term":[{"taxonomy":"category","embeddable":true,"href":"https:\/\/www.europesays.com\/lv\/wp-json\/wp\/v2\/categories?post=85319"},{"taxonomy":"post_tag","embeddable":true,"href":"https:\/\/www.europesays.com\/lv\/wp-json\/wp\/v2\/tags?post=85319"}],"curies":[{"name":"wp","href":"https:\/\/api.w.org\/{rel}","templated":true}]}}