{"id":85323,"date":"2025-12-24T20:08:12","date_gmt":"2025-12-24T20:08:12","guid":{"rendered":"https:\/\/www.europesays.com\/lv\/85323\/"},"modified":"2025-12-24T20:08:12","modified_gmt":"2025-12-24T20:08:12","slug":"cetru-sakralo-objektu-glabsanai-novirza-miljonu-eiro","status":"publish","type":"post","link":"https:\/\/www.europesays.com\/lv\/85323\/","title":{"rendered":"\u010cetru sakr\u0101lo objektu gl\u0101b\u0161anai novirza miljonu eiro"},"content":{"rendered":"<p><a rel=\"noopener nofollow\" target=\"_blank\" href=\"https:\/\/www.delfi.lv\/temas\/35591879\/ministru-kabinets\" tag-id=\"35591879\">Ministru kabinets<\/a> atbalst\u012bjis <a rel=\"noopener nofollow\" target=\"_blank\" href=\"https:\/\/www.delfi.lv\/temas\/40556841\/kulturas-ministrija\" tag-id=\"40556841\">Kult\u016bras ministrijas<\/a> (KM) priek\u0161likumu pie\u0161\u0137irt 1 045 000 eiro finans\u0113jumu no l\u012bdzek\u013ciem neparedz\u0113tiem gad\u012bjumiem, lai nov\u0113rstu \u0101rk\u0101rtas situ\u0101ciju \u010detr\u0101s sakr\u0101laj\u0101s celtn\u0113s \u2013 S\u0101pju Dievm\u0101tes kato\u013cu bazn\u012bc\u0101 ar \u0113ku kompleksu, Sv\u0113t\u0101s Tr\u012bsvien\u012bbas \u2013 Dievm\u0101tes atdusas pareiztic\u012bgo bazn\u012bc\u0101, Popes luter\u0101\u0146u bazn\u012bc\u0101 un Daugavpils 1. vectic\u012bbnieku kopienas l\u016bg\u0161anu nam\u0101.<\/p>\n<p class=\"m-0\">Seko &#8220;Delfi&#8221; ar\u012b  <a target=\"_blank\" href=\"https:\/\/www.instagram.com\/delfi.lv\/\" rel=\"nofollow noopener\">Instagram<\/a>  un <a target=\"_blank\" href=\"https:\/\/www.youtube.com\/channel\/UCw5foWtcJvAbUm64rv7jwUQ\" rel=\"nofollow noopener\">YouTube<\/a>  profil\u0101 \u2013 pievienojies, lai uzzin\u0101tu svar\u012bg\u0101ko un interesant\u0101ko pirmais!<\/p>\n<p>Publik\u0101cijas saturs vai t\u0101s jebk\u0101da apjoma da\u013ca ir aizsarg\u0101ts autorties\u012bbu objekts Autorties\u012bbu likuma izpratn\u0113, un t\u0101 izmanto\u0161ana bez izdev\u0113ja at\u013caujas ir aizliegta. Vair\u0101k lasi  <a target=\"_blank\" href=\"https:\/\/www.delfi.lv\/noteikumi#autortiesibas\" rel=\"nofollow noopener\">\u0161eit<\/a><script async src=\"\/\/www.instagram.com\/embed.js\"><\/script><\/p>\n","protected":false},"excerpt":{"rendered":"Ministru kabinets atbalst\u012bjis Kult\u016bras ministrijas (KM) priek\u0161likumu pie\u0161\u0137irt 1 045 000 eiro finans\u0113jumu no l\u012bdzek\u013ciem neparedz\u0113tiem gad\u012bjumiem, lai&hellip;\n","protected":false},"author":2,"featured_media":85324,"comment_status":"","ping_status":"","sticky":false,"template":"","format":"standard","meta":{"footnotes":""},"categories":[12],"tags":[23,28,29,32,33,22,1813,30,31,35,39,38,36,37,34,40,5604,20,26,27,24,25,21],"class_list":{"0":"post-85323","1":"post","2":"type-post","3":"status-publish","4":"format-standard","5":"has-post-thumbnail","7":"category-latvija","8":"tag-aktualitates","9":"tag-breaking-news","10":"tag-breakingnews","11":"tag-featured-news","12":"tag-featurednews","13":"tag-headlines","14":"tag-kulturas-ministrija","15":"tag-latest-news","16":"tag-latestnews","17":"tag-latvia","18":"tag-latvian","19":"tag-latviesu","20":"tag-latviesu-valoda","21":"tag-latviesuvaloda","22":"tag-latvija","23":"tag-lv","24":"tag-ministru-kabinets","25":"tag-news","26":"tag-popularakas-zinas","27":"tag-popularakaszinas","28":"tag-top-stories","29":"tag-topstories","30":"tag-zinas"},"share_on_mastodon":{"url":"https:\/\/pubeurope.com\/@lv\/115776356584231201","error":""},"_links":{"self":[{"href":"https:\/\/www.europesays.com\/lv\/wp-json\/wp\/v2\/posts\/85323","targetHints":{"allow":["GET"]}}],"collection":[{"href":"https:\/\/www.europesays.com\/lv\/wp-json\/wp\/v2\/posts"}],"about":[{"href":"https:\/\/www.europesays.com\/lv\/wp-json\/wp\/v2\/types\/post"}],"author":[{"embeddable":true,"href":"https:\/\/www.europesays.com\/lv\/wp-json\/wp\/v2\/users\/2"}],"replies":[{"embeddable":true,"href":"https:\/\/www.europesays.com\/lv\/wp-json\/wp\/v2\/comments?post=85323"}],"version-history":[{"count":0,"href":"https:\/\/www.europesays.com\/lv\/wp-json\/wp\/v2\/posts\/85323\/revisions"}],"wp:featuredmedia":[{"embeddable":true,"href":"https:\/\/www.europesays.com\/lv\/wp-json\/wp\/v2\/media\/85324"}],"wp:attachment":[{"href":"https:\/\/www.europesays.com\/lv\/wp-json\/wp\/v2\/media?parent=85323"}],"wp:term":[{"taxonomy":"category","embeddable":true,"href":"https:\/\/www.europesays.com\/lv\/wp-json\/wp\/v2\/categories?post=85323"},{"taxonomy":"post_tag","embeddable":true,"href":"https:\/\/www.europesays.com\/lv\/wp-json\/wp\/v2\/tags?post=85323"}],"curies":[{"name":"wp","href":"https:\/\/api.w.org\/{rel}","templated":true}]}}