{"id":85326,"date":"2025-12-24T20:14:23","date_gmt":"2025-12-24T20:14:23","guid":{"rendered":"https:\/\/www.europesays.com\/lv\/85326\/"},"modified":"2025-12-24T20:14:23","modified_gmt":"2025-12-24T20:14:23","slug":"atgriesanas-latvija-nav-viena-cilveka-bet-gan-visas-gimenes-lemums","status":"publish","type":"post","link":"https:\/\/www.europesays.com\/lv\/85326\/","title":{"rendered":"Atgrie\u0161an\u0101s Latvij\u0101 nav viena cilv\u0113ka, bet gan visas \u0123imenes l\u0113mums"},"content":{"rendered":"<p>Lai gan galvenais aizbrauk\u0161anas iemesls v\u0113sturiski bijis darbs un lab\u0101ks atalgojums (36,7%) vai izgl\u012bt\u012bbas iesp\u0113jas (23,3%), motiv\u0101cija atgriezties ir k\u013cuvusi daudzsl\u0101\u0146ain\u0101ka. Respondenti nor\u0101da, ka \u0101rvalst\u012bs vi\u0146us notur ne tikai alga, bet gan visp\u0101r\u0113j\u0101 dz\u012bves kvalit\u0101te un stabilit\u0101tes saj\u016bta, liecina aptaujas dati.<\/p>\n<p>B\u016btisks aspekts, kas par\u0101d\u0101s aptaujas atv\u0113rtajos jaut\u0101jumos, ir jaukt\u0101s \u0123imenes. Vair\u0101ki respondenti nor\u0101da, ka labpr\u0101t atgrieztos, ta\u010du vi\u0146us attur ba\u017eas par dz\u012bvesbiedra &#8211; \u0101rvalstnieka &#8211; integr\u0101ciju. Tas signaliz\u0113, ka remigr\u0101cijas atbalsta politik\u0101 arvien liel\u0101ka uzman\u012bba j\u0101piev\u0113r\u0161 ne tikai pa\u0161iem latvie\u0161iem, bet ar\u012b vi\u0146u dz\u012bvesbiedru valodas m\u0101c\u012bb\u0101m un iek\u013cau\u0161anai darba tirg\u016b, kl\u0101st\u012bja Mo\u010ds.<\/p>\n<p>Neskatoties uz ekonomiskajiem apsv\u0113rumiem, emocion\u0101l\u0101 saikne ar Latviju nav zudusi. Uz jaut\u0101jumu, kas visvair\u0101k pietr\u016bkst, domin\u0113 atbildes: \u0123imene, draugi, Latvijas daba un kult\u016bra. Respondenti min ilgas p\u0113c &#8220;savas valodas un mentalit\u0101tes&#8221;, &#8220;Latvijas me\u017eiem un j\u016bras&#8221;, k\u0101 ar\u012b pavisam vienk\u0101r\u0161\u0101m, bet sirdij tuv\u0101m liet\u0101m, piem\u0113ram, &#8220;biezpienmaizes&#8221; vai &#8220;iesp\u0113jas satikt vec\u0101kus bez lidojumu pl\u0101no\u0161anas&#8221;.<\/p>\n<p>P\u0113c aptaujas veic\u0113ju dom\u0101m, politikas l\u012bmen\u012b k\u0101 priorit\u0101rs jaut\u0101jums izvirz\u0101s atbalsts jauktaj\u0101m \u0123imen\u0113m, rosinot ieviest valsts apmaks\u0101tas konkr\u0113t\u0101m nozar\u0113m paredz\u0113tas profesion\u0101l\u0101s valodas m\u0101c\u012bbu programmas un atvieglot birokr\u0101tisk\u0101s proced\u016bras uztur\u0113\u0161an\u0101s at\u013cauju k\u0101rto\u0161an\u0101. Tikpat b\u016btiska ir b\u0113rnu veiksm\u012bga integr\u0101cija izgl\u012bt\u012bbas sist\u0113m\u0101, nodro\u0161inot atbalsta person\u0101lu skol\u0101s. T\u0101pat nepiecie\u0161ams uzlabot m\u0101jok\u013cu pieejam\u012bbu. Praktisk\u0101 l\u012bmen\u012b tiek rekomend\u0113ts veidot personaliz\u0113tus digit\u0101los &#8220;Atgrie\u0161an\u0101s ce\u013cve\u017eus&#8221;, att\u012bst\u012bt &#8220;sav\u0113jais sav\u0113jam&#8221; mentoru t\u012bklu un nodro\u0161in\u0101t psiholo\u0123isko atbalstu, kas pal\u012bdz\u0113tu p\u0101rvar\u0113t kult\u016br\u0161oku.<\/p>\n","protected":false},"excerpt":{"rendered":"Lai gan galvenais aizbrauk\u0161anas iemesls v\u0113sturiski bijis darbs un lab\u0101ks atalgojums (36,7%) vai izgl\u012bt\u012bbas iesp\u0113jas (23,3%), motiv\u0101cija atgriezties&hellip;\n","protected":false},"author":2,"featured_media":84411,"comment_status":"","ping_status":"","sticky":false,"template":"","format":"standard","meta":{"footnotes":""},"categories":[12],"tags":[23,28,29,21303,32,33,22,30,31,35,39,21304,11468,16256,38,36,37,34,40,20,26,27,24,25,21],"class_list":{"0":"post-85326","1":"post","2":"type-post","3":"status-publish","4":"format-standard","5":"has-post-thumbnail","7":"category-latvija","8":"tag-aktualitates","9":"tag-breaking-news","10":"tag-breakingnews","11":"tag-diaspora","12":"tag-featured-news","13":"tag-featurednews","14":"tag-headlines","15":"tag-latest-news","16":"tag-latestnews","17":"tag-latvia","18":"tag-latvian","19":"tag-latviesi-arzemes","20":"tag-latviesi-eiropa","21":"tag-latviesi-pasaule","22":"tag-latviesu","23":"tag-latviesu-valoda","24":"tag-latviesuvaloda","25":"tag-latvija","26":"tag-lv","27":"tag-news","28":"tag-popularakas-zinas","29":"tag-popularakaszinas","30":"tag-top-stories","31":"tag-topstories","32":"tag-zinas"},"share_on_mastodon":{"url":"https:\/\/pubeurope.com\/@lv\/115776380248904317","error":""},"_links":{"self":[{"href":"https:\/\/www.europesays.com\/lv\/wp-json\/wp\/v2\/posts\/85326","targetHints":{"allow":["GET"]}}],"collection":[{"href":"https:\/\/www.europesays.com\/lv\/wp-json\/wp\/v2\/posts"}],"about":[{"href":"https:\/\/www.europesays.com\/lv\/wp-json\/wp\/v2\/types\/post"}],"author":[{"embeddable":true,"href":"https:\/\/www.europesays.com\/lv\/wp-json\/wp\/v2\/users\/2"}],"replies":[{"embeddable":true,"href":"https:\/\/www.europesays.com\/lv\/wp-json\/wp\/v2\/comments?post=85326"}],"version-history":[{"count":0,"href":"https:\/\/www.europesays.com\/lv\/wp-json\/wp\/v2\/posts\/85326\/revisions"}],"wp:featuredmedia":[{"embeddable":true,"href":"https:\/\/www.europesays.com\/lv\/wp-json\/wp\/v2\/media\/84411"}],"wp:attachment":[{"href":"https:\/\/www.europesays.com\/lv\/wp-json\/wp\/v2\/media?parent=85326"}],"wp:term":[{"taxonomy":"category","embeddable":true,"href":"https:\/\/www.europesays.com\/lv\/wp-json\/wp\/v2\/categories?post=85326"},{"taxonomy":"post_tag","embeddable":true,"href":"https:\/\/www.europesays.com\/lv\/wp-json\/wp\/v2\/tags?post=85326"}],"curies":[{"name":"wp","href":"https:\/\/api.w.org\/{rel}","templated":true}]}}