{"id":85363,"date":"2025-12-24T21:47:15","date_gmt":"2025-12-24T21:47:15","guid":{"rendered":"https:\/\/www.europesays.com\/lv\/85363\/"},"modified":"2025-12-24T21:47:15","modified_gmt":"2025-12-24T21:47:15","slug":"birkentals-triumfe-par-rastorgujevu-pasaules-kausa-sprinta-patrijuks-arpus-top-60-lente-lv-2","status":"publish","type":"post","link":"https:\/\/www.europesays.com\/lv\/85363\/","title":{"rendered":"Birkent\u0101ls triumf\u0113 p\u0101r Rastorgujevu Pasaules kausa sprint\u0101, Patrijuks \u0101rpus TOP 60\u00a0\u2014\u00a0Lente.lv"},"content":{"rendered":"<p>Birkent\u0101ls apsteidz izlases l\u012bderi sprint\u0101 Francij\u0101<\/p>\n<p>Latvijas biatlona sezona Pasaules kausa ietvaros Francij\u0101, Ans\u012b, piedz\u012bvoja intrigu pilnu 10 kilometru sprinta etapu, kur\u0101 Ren\u0101rs Birkent\u0101ls demonstr\u0113ja lab\u0101ku sniegumu nek\u0101 nomin\u0101lais komandas l\u012bderis Andrejs Rastorgujevs. K\u0101 inform\u0113 Latvijas Sabiedriskie Mediji, Birkent\u0101ls piektdien izc\u012bn\u012bja 34. vietu, t\u0101d\u0113j\u0101di iek\u013c\u016bstot lab\u0101ko se\u0161desmitniek\u0101, kas nodro\u0161ina vietu iedz\u012b\u0161anas sacens\u012bb\u0101s. Rastorgujevs, kur\u0161 atgriezies aprit\u0113 p\u0113c vesel\u012bbas probl\u0113mu rad\u012btas pauzes, fini\u0161\u0113ja 46. poz\u012bcij\u0101. \u0160is sniegums ir b\u016btisks, jo tas pal\u012bdz Birkent\u0101lam papildin\u0101t savu Pasaules kausa punktu kr\u0101jumu un atk\u0101rtot \u0161osezon lab\u0101ko rezult\u0101tu sprint\u0101.<\/p>\n<p>\u0160au\u0161anas un sl\u0113pojuma dinamika<\/p>\n<p>Sprinta discipl\u012bna, kas prasa gan \u0101trumu uz trases, gan nevainojamu precizit\u0101ti \u0161autuv\u0113, \u0161oreiz latvie\u0161iem sag\u0101d\u0101ja p\u0101rmai\u0146as sp\u0113ku sam\u0113r\u0101. Ren\u0101rs Birkent\u0101ls ab\u0101s ugunsl\u012bnij\u0101s pie\u013c\u0101va pa vienai k\u013c\u016bdai, kopum\u0101 nopelnot divus soda ap\u013cus. Neskatoties uz diviem netr\u0101p\u012bjumiem, vi\u0146a sl\u0113pojuma \u0101trums bija pietiekami augsts, lai notur\u0113tu augstu poz\u012bciju. Vi\u0146a sniegums bija \u012bpa\u0161i atz\u012bm\u0113jams tre\u0161aj\u0101 apl\u012b, kur tika fiks\u0113ts 16. lab\u0101kais sl\u0113po\u0161anas laiks, kas apliecin\u0101ja labu fizisko formu.<\/p>\n<p>Andrejs Rastorgujevs \u0161au\u0161an\u0101 kopum\u0101 bija prec\u012bz\u0101ks, piedz\u012bvojot tikai vienu k\u013c\u016bdu \u2013 \u0161autuv\u0113 gu\u013cus vi\u0146\u0161 bija nek\u013c\u016bd\u012bgs, bet otraj\u0101 \u2013 st\u0101vus \u2013 \u0161au\u0161an\u0101 pievienoj\u0101s viens soda aplis. Tom\u0113r l\u0113n\u0101ks solis tras\u0113 liedza vi\u0146am konkur\u0113t ar komandas biedru, atpaliekot no Birkent\u0101la par 13,1 sekundi. \u0160\u0101da dinamika nor\u0101da, ka \u0161oreiz \u0101trums sl\u0113po\u0161an\u0101 bija iz\u0161\u0137iro\u0161ais faktors, kas noteica rezult\u0101tu starp\u012bbu starp abiem latvie\u0161iem.<\/p>\n<p>Patrijuks neiek\u013c\u016bst iedz\u012b\u0161an\u0101<\/p>\n<p>Tre\u0161ais Latvijas p\u0101rst\u0101vis, Aleksandrs Patrijuks, \u0161oreiz nesp\u0113ja sasniegt nepiecie\u0161amo rezult\u0101tu, lai kvalific\u0113tos iedz\u012b\u0161anas sacens\u012bb\u0101m. Vi\u0146\u0161 fini\u0161\u0113ja 91. viet\u0101, kas noz\u012bm\u0113, ka palika \u0101rpus TOP 60 dal\u012bbnieku skaita. Patrijukam \u0161au\u0161an\u0101 bija j\u0101veic tr\u012bs soda ap\u013ci. Par sp\u012bti neveiksmei sprint\u0101, komandas treneris K\u0101rlis Vanags \u0161o posmu v\u0113rt\u0113 atzin\u012bgi.<\/p>\n<p>Konkurence un uzvar\u0113t\u0101ji<\/p>\n<p>10 kilometru sprint\u0101, kur\u0101 piedal\u012bj\u0101s 107 sportisti, uzvaru izc\u012bn\u012bja norv\u0113\u0123is Vetle \u0160ostads Kristiansens, kur\u0161 nodemonstr\u0113ja piln\u012bgu precizit\u0101ti (0+0). Vi\u0146\u0161 fini\u0161\u0101 par 3,5 sekund\u0113m apsteidza savu tautieti Juhanesu D\u0101li-\u0160evd\u0101lu, kur\u0161 ar div\u0101m k\u013c\u016bd\u0101m \u0161au\u0161an\u0101 ie\u0146\u0113ma otro vietu. Tre\u0161o vietu ieguva franc\u016bzis Emilj\u0113ns \u017dakl\u0113ns, kur\u0161 sl\u0113poja vienu soda apli un no uzvar\u0113t\u0101ja atpalika 5,0 sekundes.<\/p>\n<p>Ietekme uz kopv\u0113rt\u0113jumu un n\u0101kotne<\/p>\n<p>Ren\u0101ra Birkent\u0101la 34. vieta Pasaules kaus\u0101 ir svar\u012bga, jo t\u0101 pal\u012bdz komandai nostiprin\u0101ties N\u0101ciju kausa ieskait\u0113. \u0160is rezult\u0101ts, k\u0101 ar\u012b vi\u0146a iepriek\u0161\u0113jie sasniegumi, apmierina ar\u012b Latvijas Biatlona feder\u0101cijas normat\u012bvus dal\u012bbai gaid\u0101maj\u0101s Mil\u0101nas\u2013Kort\u012bnas olimpiskaj\u0101s sp\u0113l\u0113s. Rastorgujevs, kur\u0161 pasaules kopv\u0113rt\u0113jum\u0101 ie\u0146em 40. vietu ar 42 punktiem, cent\u012bsies uzlabot savu poz\u012bciju iedz\u012b\u0161anas sacens\u012bb\u0101s, kas notiks sestdien. Iedz\u012b\u0161ana, kur\u0101 abi latvie\u0161i start\u0113s, ir iesp\u0113ja p\u0101rbaud\u012bt iztur\u012bbu un sp\u0113ju saglab\u0101t koncentr\u0113\u0161anos p\u0113c sprint\u0101 ieg\u016bt\u0101s poz\u012bcijas.<\/p>\n","protected":false},"excerpt":{"rendered":"Birkent\u0101ls apsteidz izlases l\u012bderi sprint\u0101 Francij\u0101 Latvijas biatlona sezona Pasaules kausa ietvaros Francij\u0101, Ans\u012b, piedz\u012bvoja intrigu pilnu 10&hellip;\n","protected":false},"author":2,"featured_media":84815,"comment_status":"","ping_status":"","sticky":false,"template":"","format":"standard","meta":{"footnotes":""},"categories":[17],"tags":[1498,21456,1499,35,39,38,36,37,34,40,2560,16008,67],"class_list":{"0":"post-85363","1":"post","2":"type-post","3":"status-publish","4":"format-standard","5":"has-post-thumbnail","7":"category-sports","8":"tag-andrejs-rastorgujevs","9":"tag-ansi-sprints","10":"tag-biatlons","11":"tag-latvia","12":"tag-latvian","13":"tag-latviesu","14":"tag-latviesu-valoda","15":"tag-latviesuvaloda","16":"tag-latvija","17":"tag-lv","18":"tag-pasaules-kauss","19":"tag-renars-birkentals","20":"tag-sports"},"share_on_mastodon":{"url":"https:\/\/pubeurope.com\/@lv\/115776745870242378","error":""},"_links":{"self":[{"href":"https:\/\/www.europesays.com\/lv\/wp-json\/wp\/v2\/posts\/85363","targetHints":{"allow":["GET"]}}],"collection":[{"href":"https:\/\/www.europesays.com\/lv\/wp-json\/wp\/v2\/posts"}],"about":[{"href":"https:\/\/www.europesays.com\/lv\/wp-json\/wp\/v2\/types\/post"}],"author":[{"embeddable":true,"href":"https:\/\/www.europesays.com\/lv\/wp-json\/wp\/v2\/users\/2"}],"replies":[{"embeddable":true,"href":"https:\/\/www.europesays.com\/lv\/wp-json\/wp\/v2\/comments?post=85363"}],"version-history":[{"count":0,"href":"https:\/\/www.europesays.com\/lv\/wp-json\/wp\/v2\/posts\/85363\/revisions"}],"wp:featuredmedia":[{"embeddable":true,"href":"https:\/\/www.europesays.com\/lv\/wp-json\/wp\/v2\/media\/84815"}],"wp:attachment":[{"href":"https:\/\/www.europesays.com\/lv\/wp-json\/wp\/v2\/media?parent=85363"}],"wp:term":[{"taxonomy":"category","embeddable":true,"href":"https:\/\/www.europesays.com\/lv\/wp-json\/wp\/v2\/categories?post=85363"},{"taxonomy":"post_tag","embeddable":true,"href":"https:\/\/www.europesays.com\/lv\/wp-json\/wp\/v2\/tags?post=85363"}],"curies":[{"name":"wp","href":"https:\/\/api.w.org\/{rel}","templated":true}]}}