{"id":85373,"date":"2025-12-24T22:17:09","date_gmt":"2025-12-24T22:17:09","guid":{"rendered":"https:\/\/www.europesays.com\/lv\/85373\/"},"modified":"2025-12-24T22:17:09","modified_gmt":"2025-12-24T22:17:09","slug":"ta-ir-sarezgita-pasaule-rigas-dinamo-legionars-atradis-laimi-latvija-un-iztiku-pelna-cita-aroda","status":"publish","type":"post","link":"https:\/\/www.europesays.com\/lv\/85373\/","title":{"rendered":"&#8220;T\u0101 ir sare\u017e\u0123\u012bta pasaule&#8230;&#8221; \u2013 R\u012bgas &#8220;Dinamo&#8221; le\u0123ion\u0101rs atradis laimi Latvij\u0101 un iztiku pelna cit\u0101 arod\u0101"},"content":{"rendered":"<p>Kad run\u0101 par atjaunot\u0101 R\u012bgas &#8220;Dinamo&#8221; v\u0101rtsargiem, tad Jakubs Sedl\u0101\u010deks bijis viens no klubam uztic\u012bg\u0101kajiem \u2013 kam\u0113r citi dev\u0101s prom, vi\u0146\u0161 palika. Talant\u012bgais, bet augum\u0101 nelielais \u010dehs \u010detros gados pak\u0101peniski izkaroja komandas pirm\u0101 numura vietu, un no trenera pat izskan\u0113ja pied\u0101v\u0101jums doties p\u0113c pases un sp\u0113l\u0113t Latvijas izlas\u0113. Tas nepiepild\u012bj\u0101s, ta\u010du, \u0161aj\u0101 pavasar\u012b pielicis punktu karjerai, v\u0101rtsargs kop\u0101 ar \u0123imeni p\u0101rc\u0113lies dz\u012bvot uz R\u012bgu.<\/p>\n<p>&#8220;Tu pat iedom\u0101ties nesp\u0113j, kas t\u0101 ir par vietu&#8230; Noteikti viena no drausm\u012bg\u0101kaj\u0101m pils\u0113t\u0101m zemes virs\u016b&#8230;&#8221; vienu no daudzaj\u0101m atmi\u0146\u0101m par laikiem R\u012bgas &#8220;Dinamo&#8221; rind\u0101s ies\u0101k Sadl\u0101\u010deks. Pat\u012bkamo gan ir vair\u0101k \u2013 ja t\u0101 neb\u016btu, diezin vai Jakubs \u0161obr\u012bd b\u016btu \u0161eit. Tiesa, t\u0101s vair\u0101k saist\u0101s ar cilv\u0113kiem un pils\u0113tu \u2013 ko biju\u0161ais hokejists d\u0113v\u0113 par &#8220;mazo Pr\u0101gu&#8221;.<\/p>\n<p class=\"western\">R\u012bgas &#8220;Dinamo&#8221; sast\u0101v\u0101 Sedl\u0101\u010deks savulaik aizvad\u012bja 126 sp\u0113les \u2013 tik daudz ma\u010du nav nevienam citam v\u0101rtsargam. \u010cetru gadu laik\u0101 vi\u0146\u0161 iekr\u0101ja diezgan sol\u012bdu statistiku \u2013 121 regul\u0101r\u0101s sezonas sp\u0113l\u0113 vid\u0113ji ielaistas 2,45 ripas un atvair\u012bti 91,7% pretinieku metienu (10 &#8220;saus\u0101s&#8221; uzvaras), bet piec\u0101s &#8220;play-off&#8221; c\u012b\u0146\u0101s caurm\u0113r\u0101 1,78 ielaisti v\u0101rti un 93,8% atvair\u012bto metienu. Ar Sedl\u0101\u010deku v\u0101rtos R\u012bgas klubs p\u0113d\u0113jo reizi ar\u012b sp\u0113l\u0113ja izsl\u0113g\u0161anas turn\u012br\u0101&#8230;<\/p>\n<p class=\"western\">Tagad hokejs vi\u0146a dz\u012bv\u0113 ir vair\u0101k va\u013casprieks, ar ko \u0123imen\u0113 pat vair\u0101k aizr\u0101vusies sieva. P\u0101ris rei\u017eu ned\u0113\u013c\u0101 vi\u0146\u0161 dodas pal\u012bg\u0101 Rodrigo Lavi\u0146am un Aleksandram \u0145i\u017eivijam patren\u0113t b\u0113rnus, no r\u012btiem iemet aci telefon\u0101, lai apskat\u012btos iepriek\u0161\u0113j\u0101s nakts rezult\u0101tus NHL, ta\u010du tas ar\u012b viss. Priorit\u0101tes ir main\u012bju\u0161\u0101s.<\/p>\n<p>Lai turpin\u0101tu las\u012bt, ieg\u0101d\u0101jies abonementu.<\/p>\n<p class=\"fs-4\">L\u016bdzu, uzgaidi!<\/p>\n<p class=\"fs-5\">Piel\u0101gojam Tev piem\u0113rot\u0101ko abon\u0113\u0161anas pied\u0101v\u0101jumu&#8230;<\/p>\n<p class=\"lh-1 fs-6 text-muted pt-3 mt-5\">Abon\u0113\u0161anas pied\u0101v\u0101jums nav redzams? L\u016bdzu, izsl\u0113dz rekl\u0101mu blo\u0137\u0113t\u0101ju vai  p\u0101rl\u0101d\u0113 lapu.<br \/>Jaut\u0101jumu gad\u012bjum\u0101 raksti <a href=\"https:\/\/www.delfi.lv\/mvp\/51891089\/pa-pedam\/120100434\/mailto:konts@delfi.lv\" class=\"text-primary\" rel=\"nofollow noopener\" target=\"_blank\">konts@delfi.lv<\/a><\/p>\n<p class=\"m-0\">Seko &#8220;Delfi&#8221; ar\u012b  <a target=\"_blank\" href=\"https:\/\/www.instagram.com\/delfi.lv\/\" rel=\"nofollow noopener\">Instagram<\/a>  un <a target=\"_blank\" href=\"https:\/\/www.youtube.com\/channel\/UCw5foWtcJvAbUm64rv7jwUQ\" rel=\"nofollow noopener\">YouTube<\/a>  profil\u0101 \u2013 pievienojies, lai uzzin\u0101tu svar\u012bg\u0101ko un interesant\u0101ko pirmais!<\/p>\n<p>Publik\u0101cijas saturs vai t\u0101s jebk\u0101da apjoma da\u013ca ir aizsarg\u0101ts autorties\u012bbu objekts Autorties\u012bbu likuma izpratn\u0113, un t\u0101 izmanto\u0161ana bez izdev\u0113ja at\u013caujas ir aizliegta. Vair\u0101k lasi  <a target=\"_blank\" href=\"https:\/\/www.delfi.lv\/noteikumi#autortiesibas\" rel=\"nofollow noopener\">\u0161eit<\/a><script async src=\"\/\/www.instagram.com\/embed.js\"><\/script><\/p>\n","protected":false},"excerpt":{"rendered":"Kad run\u0101 par atjaunot\u0101 R\u012bgas &#8220;Dinamo&#8221; v\u0101rtsargiem, tad Jakubs Sedl\u0101\u010deks bijis viens no klubam uztic\u012bg\u0101kajiem \u2013 kam\u0113r citi&hellip;\n","protected":false},"author":2,"featured_media":85374,"comment_status":"","ping_status":"","sticky":false,"template":"","format":"standard","meta":{"footnotes":""},"categories":[17],"tags":[21638,1185,7903,21636,20974,1436,4388,21640,10467,3165,35,39,38,36,37,34,1532,40,21639,835,21641,3166,21637,67],"class_list":{"0":"post-85373","1":"post","2":"type-post","3":"status-publish","4":"format-standard","5":"has-post-thumbnail","7":"category-sports","8":"tag-aleksandrs-nizivijs","9":"tag-arturs-silovs","10":"tag-cilvekstasti","11":"tag-dominiks-haseks","12":"tag-echl","13":"tag-elvis-merzlikins","14":"tag-gustavs-grigals","15":"tag-henriks-lundkvists","16":"tag-janis-kalnins","17":"tag-khl","18":"tag-latvia","19":"tag-latvian","20":"tag-latviesu","21":"tag-latviesu-valoda","22":"tag-latviesuvaloda","23":"tag-latvija","24":"tag-latvijas-hokeja-izlase","25":"tag-lv","26":"tag-martins-broders","27":"tag-nhl","28":"tag-patriks-rua","29":"tag-rigas-dinamo","30":"tag-rodrigo-lavins","31":"tag-sports"},"share_on_mastodon":{"url":"https:\/\/pubeurope.com\/@lv\/115776863767916006","error":""},"_links":{"self":[{"href":"https:\/\/www.europesays.com\/lv\/wp-json\/wp\/v2\/posts\/85373","targetHints":{"allow":["GET"]}}],"collection":[{"href":"https:\/\/www.europesays.com\/lv\/wp-json\/wp\/v2\/posts"}],"about":[{"href":"https:\/\/www.europesays.com\/lv\/wp-json\/wp\/v2\/types\/post"}],"author":[{"embeddable":true,"href":"https:\/\/www.europesays.com\/lv\/wp-json\/wp\/v2\/users\/2"}],"replies":[{"embeddable":true,"href":"https:\/\/www.europesays.com\/lv\/wp-json\/wp\/v2\/comments?post=85373"}],"version-history":[{"count":0,"href":"https:\/\/www.europesays.com\/lv\/wp-json\/wp\/v2\/posts\/85373\/revisions"}],"wp:featuredmedia":[{"embeddable":true,"href":"https:\/\/www.europesays.com\/lv\/wp-json\/wp\/v2\/media\/85374"}],"wp:attachment":[{"href":"https:\/\/www.europesays.com\/lv\/wp-json\/wp\/v2\/media?parent=85373"}],"wp:term":[{"taxonomy":"category","embeddable":true,"href":"https:\/\/www.europesays.com\/lv\/wp-json\/wp\/v2\/categories?post=85373"},{"taxonomy":"post_tag","embeddable":true,"href":"https:\/\/www.europesays.com\/lv\/wp-json\/wp\/v2\/tags?post=85373"}],"curies":[{"name":"wp","href":"https:\/\/api.w.org\/{rel}","templated":true}]}}