{"id":85379,"date":"2025-12-24T22:28:09","date_gmt":"2025-12-24T22:28:09","guid":{"rendered":"https:\/\/www.europesays.com\/lv\/85379\/"},"modified":"2025-12-24T22:28:09","modified_gmt":"2025-12-24T22:28:09","slug":"fredis-izstasta-smiekligu-kuriozu-ko-piedzivojis-ziemassvetkos","status":"publish","type":"post","link":"https:\/\/www.europesays.com\/lv\/85379\/","title":{"rendered":"Fredis izst\u0101sta smiekl\u012bgu kuriozu, ko piedz\u012bvojis Ziemassv\u0113tkos"},"content":{"rendered":"<p><a href=\"https:\/\/sejas.tvnet.lv\/term\/558228\/fredis\" class=\"topicLink\" target=\"_blank\" rel=\"nofollow noopener\">Fredis<\/a> devi\u0146desmito gadu s\u0101kumu atceras k\u0101 laiku, kad tikt pie Ziemassv\u0113tku egl\u012btes nemaz nebija tik vienk\u0101r\u0161i. Vi\u0146\u0161 smejoties saka, ka tajos, p\u0113cpadomju, gados egl\u012btes bija defic\u012bts, un sv\u0113tku saj\u016bta vair\u0101k balst\u012bj\u0101s izdom\u0101 nek\u0101 iesp\u0113j\u0101s.<\/p>\n<p>T\u0101p\u0113c vi\u0146\u0161 tik spilgti atceras dienu, kad Radio SWH foaj\u0113 par\u0101d\u012bj\u0101s skaista, kupla egle &#8211; k\u0101das firmas sar\u016bp\u0113ta d\u0101vana.<\/p>\n<p>Tuvojoties 22. vai 23. decembra vakaram, kad Fredim bija j\u0101str\u0101d\u0101 v\u0113laj\u0101 mai\u0146\u0101, vi\u0146\u0161 paman\u012bja vientu\u013ci st\u0101vo\u0161o egli un nodom\u0101ja &#8211; t\u0101 var\u0113tu daudz liel\u0101ku prieku dot m\u0101j\u0101s nek\u0101 tuk\u0161\u0101 foaj\u0113 &#8211; ,<\/p>\n<blockquote class=\"quote ck-widget\" contenteditable=\"false\">\n<p>un bez liek\u0101m ceremonij\u0101m to vienk\u0101r\u0161i pa\u0146\u0113ma un&#8230; aiznesa.<\/p>\n<\/blockquote>\n<p>Vi\u0146\u0161 smejas, ka neviens radio darbinieks t\u0101 ar\u012b neesot paman\u012bjis, ka egle ir pazudusi. Atceroties \u0161o z\u0101dz\u012bbu, Fredis teic, ka sevi uztv\u0113ris k\u0101 da\u013cu no radio, tad k\u0101p\u0113c gan d\u0101vana, kas ieradusies \u0113k\u0101, nevar\u0113tu b\u016bt d\u0101vana vi\u0146am pa\u0161am?<\/p>\n<p>Vair\u0101k lasi \u017eurn\u0101la &#8220;Kas Jauns&#8221; 16. decembra numur\u0101!<\/p>\n","protected":false},"excerpt":{"rendered":"Fredis devi\u0146desmito gadu s\u0101kumu atceras k\u0101 laiku, kad tikt pie Ziemassv\u0113tku egl\u012btes nemaz nebija tik vienk\u0101r\u0161i. Vi\u0146\u0161 smejoties&hellip;\n","protected":false},"author":2,"featured_media":85380,"comment_status":"","ping_status":"","sticky":false,"template":"","format":"standard","meta":{"footnotes":""},"categories":[19],"tags":[4639,89,21577,90,35,39,38,36,37,34,40,9687],"class_list":{"0":"post-85379","1":"post","2":"type-post","3":"status-publish","4":"format-standard","5":"has-post-thumbnail","7":"category-izklaide","8":"tag-andris-freidenfelds","9":"tag-entertainment","10":"tag-fredis","11":"tag-izklaide","12":"tag-latvia","13":"tag-latvian","14":"tag-latviesu","15":"tag-latviesu-valoda","16":"tag-latviesuvaloda","17":"tag-latvija","18":"tag-lv","19":"tag-ziemassvetki"},"share_on_mastodon":{"url":"https:\/\/pubeurope.com\/@lv\/115776907076934064","error":""},"_links":{"self":[{"href":"https:\/\/www.europesays.com\/lv\/wp-json\/wp\/v2\/posts\/85379","targetHints":{"allow":["GET"]}}],"collection":[{"href":"https:\/\/www.europesays.com\/lv\/wp-json\/wp\/v2\/posts"}],"about":[{"href":"https:\/\/www.europesays.com\/lv\/wp-json\/wp\/v2\/types\/post"}],"author":[{"embeddable":true,"href":"https:\/\/www.europesays.com\/lv\/wp-json\/wp\/v2\/users\/2"}],"replies":[{"embeddable":true,"href":"https:\/\/www.europesays.com\/lv\/wp-json\/wp\/v2\/comments?post=85379"}],"version-history":[{"count":0,"href":"https:\/\/www.europesays.com\/lv\/wp-json\/wp\/v2\/posts\/85379\/revisions"}],"wp:featuredmedia":[{"embeddable":true,"href":"https:\/\/www.europesays.com\/lv\/wp-json\/wp\/v2\/media\/85380"}],"wp:attachment":[{"href":"https:\/\/www.europesays.com\/lv\/wp-json\/wp\/v2\/media?parent=85379"}],"wp:term":[{"taxonomy":"category","embeddable":true,"href":"https:\/\/www.europesays.com\/lv\/wp-json\/wp\/v2\/categories?post=85379"},{"taxonomy":"post_tag","embeddable":true,"href":"https:\/\/www.europesays.com\/lv\/wp-json\/wp\/v2\/tags?post=85379"}],"curies":[{"name":"wp","href":"https:\/\/api.w.org\/{rel}","templated":true}]}}