{"id":85439,"date":"2025-12-25T04:19:11","date_gmt":"2025-12-25T04:19:11","guid":{"rendered":"https:\/\/www.europesays.com\/lv\/85439\/"},"modified":"2025-12-25T04:19:11","modified_gmt":"2025-12-25T04:19:11","slug":"saeimas-deputata-dels-sanem-15-gadu-cietumsodu-par-bijusas-draudzenes-nolaupisanu-un-vairakkarteju-izvarosanu-lietuva-lente-lv","status":"publish","type":"post","link":"https:\/\/www.europesays.com\/lv\/85439\/","title":{"rendered":"Saeimas deput\u0101ta d\u0113ls sa\u0146em 15 gadu cietumsodu par biju\u0161\u0101s draudzenes nolaup\u012b\u0161anu un vair\u0101kk\u0101rt\u0113ju izvaro\u0161anu Lietuv\u0101\u00a0\u2014\u00a0Lente.lv"},"content":{"rendered":"<p>Smags spriedums par noziegumu s\u0113riju pret biju\u0161o partneri<\/p>\n<p>R\u012bgas apgabaltiesa piespriedusi 15 gadus ilgu br\u012bv\u012bbas at\u0146em\u0161anu ar v\u0113l septi\u0146arpus gadu p\u0101rraudz\u012bbas laiku v\u012brietim, kur\u0161 atz\u012bts par vain\u012bgu savas biju\u0161\u0101s draudzenes nolaup\u012b\u0161an\u0101 un atk\u0101rtot\u0101 izvaro\u0161an\u0101. \u0160is gad\u012bjums guvis pla\u0161u rezonansi, jo noties\u0101tais ir Saeimas deput\u0101ta J\u0101\u0146a Dinevi\u010da d\u0113ls, Dags Dinevi\u010ds, k\u0101 zi\u0146o a\u0123ent\u016bra LETA.<\/p>\n<p>Tiesa k\u0101 papildu sankciju noteikusi, ka aps\u016bdz\u0113tajam ir j\u0101izmaks\u0101 cietu\u0161ajai pusei 56 805,75 eiro k\u0101 kompens\u0101cija par nodar\u012bto mor\u0101lo un materi\u0101lo kait\u0113jumu. T\u0101pat vi\u0146am valstij b\u016bs j\u0101atl\u012bdzina 4 340 eiro.<\/p>\n<p>Nolaup\u012b\u0161ana, vardarb\u012bba un izve\u0161ana uz Lietuvu<\/p>\n<p>Saska\u0146\u0101 ar aps\u016bdz\u012bbas rakstu, noziedz\u012bgie nodar\u012bjumi norisin\u0101j\u0101s 2023. gada pavasar\u012b. V\u012brietis, p\u0101rk\u0101pjot tiesas noteikto aizliegumu tuvoties biju\u0161ajai draudzenei, ierad\u0101s vi\u0146as m\u0101jokl\u012b. Tur notikusi fiziska vardarb\u012bba, k\u0101 rezult\u0101t\u0101 cietus\u012b tika piekauta un p\u0113c tam izvarota.<\/p>\n<p>T\u0101l\u0101k, pielietojot fizisku sp\u0113ku, noziedznieks nolaup\u012bja upuri un ar automa\u0161\u012bnu vi\u0146u aizveda uz Lietuvu. Tur vi\u0146\u0161 cietu\u0161o divas dienas tur\u0113ja ieslodz\u012bjum\u0101 viesn\u012bcas numur\u0101. \u0160o divu dienu laik\u0101 izvaro\u0161anas aina atk\u0101rtoj\u0101s vair\u0101kas reizes.<\/p>\n<p>Piespiedu uztur\u0113\u0161an\u0101s Lietuv\u0101 un atbr\u012bvo\u0161ana<\/p>\n<p>Cietu\u0161ajai izdev\u0101s izb\u0113gt no p\u0113k\u0161\u0146\u0101s ieslodz\u012bjuma situ\u0101cijas, pateicoties viesn\u012bcas person\u0101lam. Br\u012bd\u012b, kad nolaup\u012bt\u0101js uz \u012bsu br\u012bdi bija atst\u0101jis numuru, sieviete sp\u0113ja inform\u0113t viesn\u012bcas darbiniekus par savu nolaup\u012b\u0161anu, kas noveda pie vi\u0146as atbr\u012bvo\u0161anas un likumsargu iesaistes.<\/p>\n<p>Kopum\u0101 v\u012brietim tika uzr\u0101d\u012btas aps\u016bdz\u012bbas par 21 krimin\u0101lu nodar\u012bjumu pret sievieti. Aps\u016bdz\u012bbas aptv\u0113ra gan noziedz\u012bgos nodar\u012bjumus, kas tika atkl\u0101ti izmekl\u0113\u0161anas gait\u0101 un notika pirms p\u0113d\u0113j\u0101s nolaup\u012b\u0161anas, gan pa\u0161u nolaup\u012b\u0161anas un izvaro\u0161anas faktu.<\/p>\n<p>Aps\u016bdz\u0113t\u0101 poz\u012bcija un prokurat\u016bras nost\u0101ja<\/p>\n<p>Iepriek\u0161\u0113j\u0101s izmekl\u0113\u0161anas laik\u0101 aps\u016bdz\u0113tais savu vainu neatzina. Vi\u0146\u0161 apgalvoja, ka notiku\u0161ais bijis tikai \u201c\u0123imenisks konflikts\u201d, m\u0113\u0123inot mazin\u0101t notiku\u0161\u0101 noziedz\u012bgo raksturu.<\/p>\n<p>Tom\u0113r, \u0146emot v\u0113r\u0101 tiesas pie\u0146emto l\u0113mumu, prokurors uzsver, ka \u0161\u0101ds spriedums, kas paredz maksim\u0101lo sodu ar iev\u0113rojamu represiju l\u012bmeni, skaidri nor\u0101da uz \u0161\u0101da veida r\u012bc\u012bbas piln\u012bgu nepie\u013caujam\u012bbu sabiedr\u012bb\u0101. Smagais sods atspogu\u013co noziegumu \u012bpa\u0161o brutalit\u0101ti un ilgsto\u0161o upura cie\u0146u aizskar\u0161anu.<\/p>\n","protected":false},"excerpt":{"rendered":"Smags spriedums par noziegumu s\u0113riju pret biju\u0161o partneri R\u012bgas apgabaltiesa piespriedusi 15 gadus ilgu br\u012bv\u012bbas at\u0146em\u0161anu ar v\u0113l&hellip;\n","protected":false},"author":2,"featured_media":85440,"comment_status":"","ping_status":"","sticky":false,"template":"","format":"standard","meta":{"footnotes":""},"categories":[12],"tags":[23,28,29,3368,21671,32,33,22,5252,30,31,35,39,38,36,37,34,40,20,15121,26,27,7394,24,25,21],"class_list":{"0":"post-85439","1":"post","2":"type-post","3":"status-publish","4":"format-standard","5":"has-post-thumbnail","7":"category-latvija","8":"tag-aktualitates","9":"tag-breaking-news","10":"tag-breakingnews","11":"tag-cietumsods","12":"tag-dags-dinevics","13":"tag-featured-news","14":"tag-featurednews","15":"tag-headlines","16":"tag-izvarosana","17":"tag-latest-news","18":"tag-latestnews","19":"tag-latvia","20":"tag-latvian","21":"tag-latviesu","22":"tag-latviesu-valoda","23":"tag-latviesuvaloda","24":"tag-latvija","25":"tag-lv","26":"tag-news","27":"tag-nolaupisana","28":"tag-popularakas-zinas","29":"tag-popularakaszinas","30":"tag-rigas-apgabaltiesa","31":"tag-top-stories","32":"tag-topstories","33":"tag-zinas"},"share_on_mastodon":{"url":"https:\/\/pubeurope.com\/@lv\/115778287260663624","error":""},"_links":{"self":[{"href":"https:\/\/www.europesays.com\/lv\/wp-json\/wp\/v2\/posts\/85439","targetHints":{"allow":["GET"]}}],"collection":[{"href":"https:\/\/www.europesays.com\/lv\/wp-json\/wp\/v2\/posts"}],"about":[{"href":"https:\/\/www.europesays.com\/lv\/wp-json\/wp\/v2\/types\/post"}],"author":[{"embeddable":true,"href":"https:\/\/www.europesays.com\/lv\/wp-json\/wp\/v2\/users\/2"}],"replies":[{"embeddable":true,"href":"https:\/\/www.europesays.com\/lv\/wp-json\/wp\/v2\/comments?post=85439"}],"version-history":[{"count":0,"href":"https:\/\/www.europesays.com\/lv\/wp-json\/wp\/v2\/posts\/85439\/revisions"}],"wp:featuredmedia":[{"embeddable":true,"href":"https:\/\/www.europesays.com\/lv\/wp-json\/wp\/v2\/media\/85440"}],"wp:attachment":[{"href":"https:\/\/www.europesays.com\/lv\/wp-json\/wp\/v2\/media?parent=85439"}],"wp:term":[{"taxonomy":"category","embeddable":true,"href":"https:\/\/www.europesays.com\/lv\/wp-json\/wp\/v2\/categories?post=85439"},{"taxonomy":"post_tag","embeddable":true,"href":"https:\/\/www.europesays.com\/lv\/wp-json\/wp\/v2\/tags?post=85439"}],"curies":[{"name":"wp","href":"https:\/\/api.w.org\/{rel}","templated":true}]}}