{"id":8547,"date":"2025-09-30T07:43:07","date_gmt":"2025-09-30T07:43:07","guid":{"rendered":"https:\/\/www.europesays.com\/lv\/8547\/"},"modified":"2025-09-30T07:43:07","modified_gmt":"2025-09-30T07:43:07","slug":"uz-galleria-riga-jumta-taps-augstakais-publiskais-laukums-riga-dienas-bizness","status":"publish","type":"post","link":"https:\/\/www.europesays.com\/lv\/8547\/","title":{"rendered":"Uz Galleria Riga jumta taps augst\u0101kais publiskais laukums R\u012bg\u0101 :: Dienas Bizness"},"content":{"rendered":"<p class=\"text-font font-size--text-xlarge margin-3--bottom font-weight--bold padding-1--top\">\u0160\u0101 gada septembr\u012b East Capital Real Estate sa\u0146\u0113mis b\u016bvat\u013cauju Galleria Riga jumta p\u0101rb\u016bvei, un uzs\u0101kta tehnisk\u0101 projekta izstr\u0101de.<\/p>\n<p class=\"text-font font-size--text-xlarge margin-3--bottom\">3 200 m\u00b2 pla\u0161\u0101 jumta terase k\u013c\u016bs par augst\u0101ko publisko laukumu R\u012bg\u0101, kur ikviens pils\u0113tas iedz\u012bvot\u0101js un viesis var\u0113s baud\u012bt unik\u0101lu panor\u0101mas skatu uz R\u012bgas v\u0113sturisko centru. Terase apvienos restor\u0101nus, kafejn\u012bcas, pas\u0101kumu zonas, za\u013c\u0101s o\u0101zes un atp\u016btas vietas, k\u0101 ar\u012b skrie\u0161anas celi\u0146u ap stikla \u0101triju.<\/p>\n<p class=\"text-font font-size--text-xlarge margin-3--bottom\">B\u016bvniec\u012bbu pl\u0101nots s\u0101kt 2026. gada pavasar\u012b.<\/p>\n<p class=\"text-font font-size--text-xlarge margin-3--bottom\">Atrodoties R\u012bgas UNESCO Pasaules mantojuma viet\u0101, jumta terase akcent\u0113s vienu no liel\u0101kaj\u0101m pils\u0113tas kult\u016bras v\u0113rt\u012bb\u0101m \u2013 t\u0101s v\u0113sturisko jumtu ainavu. Projekt\u0113\u0161anas proces\u0101 \u012bpa\u0161a uzman\u012bba ir velt\u012bta pils\u0113tas silueta autentiskuma saglab\u0101\u0161anai \u2013 jaun\u0101s b\u016bves neb\u016bs redzamas no ielas l\u012bme\u0146a, vienlaikus padarot \u0161o mantojuma panor\u0101mu pieejamu ikvienam.<\/p>\n<p class=\"text-font font-size--text-xlarge margin-3--bottom\">2024. gad\u0101 tika \u012bstenots atkl\u0101ts arhitekt\u016bras metu konkurss ar m\u0113r\u0137i izveidot pils\u0113tb\u016bvnieciski un arhitektoniski izcilu, augstv\u0113rt\u012bgu projektu. Konkursa rezult\u0101t\u0101 pirmo vietu ieguva arhitektu apvien\u012bba Studio SIJA, Alsins Architecture Latvija un 8&#215;8, kas pa\u0161laik kop\u0101 ar Galleria Riga un arhitektu Nikl\u0101vu Paegli turpina projekta detaliz\u0101ciju un tehnisk\u0101 projekta izstr\u0101di.<\/p>\n<p class=\"text-font font-size--text-xlarge margin-3--bottom\">Centr\u0101lais atv\u0113rtais paviljons b\u016bs daudzfunkcion\u0101la pas\u0101kumu telpa, kas b\u016bs pieejama r\u012bdziniekiem, pils\u0113tas viesiem un m\u0101ksliniekiem. \u201c\u0160is projekts ir da\u013ca no m\u016bsu ilgtermi\u0146a ieguld\u012bjumu strat\u0113\u0123ijas Baltij\u0101. M\u0113s ticam R\u012bgas potenci\u0101lam k\u0101 dinamiskai un augo\u0161ai pils\u0113tai, un jumta terase b\u016bs piem\u0113rs tam, k\u0101 v\u0113sturisk\u0101 vide var tikt papildin\u0101ta ar modernu un ilgtsp\u0113j\u012bgu publisko telpu,\u201d nor\u0101da M\u0101ris Smiltenieks, East Capital Real Estate vad\u012bt\u0101js Latvij\u0101.<\/p>\n<p class=\"text-font font-size--text-xlarge margin-3--bottom\">Projekt\u0101 uzsv\u0113rta gan ekonomisk\u0101, gan ekolo\u0123isk\u0101 ilgtsp\u0113ja. Paviljonu arhitekt\u016bra veidota ar atsauc\u0113m uz R\u012bgas v\u0113sturisko jumtu ainavu, apvienojot mantojumu ar m\u016bsdien\u012bgu dizainu. Jumta terases apza\u013cumo\u0161anai tiks izmantotas viet\u0113j\u0101s augu sugas, kas zied\u0113s da\u017e\u0101dos gadalaikos, radot pat\u012bkamu vidi apmekl\u0113t\u0101jiem un veicinot pils\u0113tas biolo\u0123isko daudzveid\u012bbu. \u201cPiepras\u012bjums p\u0113c daudzveid\u012bgas un m\u016bsdien\u012bgas pils\u0113tas telpas pieaug, un Galleria Riga jumta terase b\u016bs m\u016bsu atbilde \u0161ai vajadz\u012bbai. Apvienojot jumta panor\u0101mas skatus ar laikmet\u012bgu arhitekt\u016bru, t\u0101 pied\u0101v\u0101s m\u016bsu apmekl\u0113t\u0101jiem jaunu pieredzi kult\u016brai, pas\u0101kumiem un ikdienas atp\u016btai, k\u013c\u016bstot par vienu no pievilc\u012bg\u0101kaj\u0101m tik\u0161an\u0101s viet\u0101m R\u012bg\u0101,\u201d piebilst Zane \u0160ulca, Galleria Riga vad\u012bt\u0101ja.<\/p>\n<p class=\"text-font font-size--text-xlarge margin-3--bottom\">East Capital Real Estate ieg\u0101d\u0101j\u0101s Galleria Riga 2018. gad\u0101. Kop\u0161 t\u0101 laika tirdzniec\u012bbas centra att\u012bst\u012bb\u0101 ir ieguld\u012bti vair\u0101k nek\u0101 8 miljoni eiro, p\u0101rveidojot telpas atbilsto\u0161i nomnieku un klientu pras\u012bb\u0101m un piesaistot jaunus starptautiskus z\u012bmolus. Jumta projekts ir da\u013ca no pla\u0161\u0101kas East Capital strat\u0113\u0123ijas Baltij\u0101, kur kop\u0113jie ieguld\u012bjumi nekustamajos \u012bpa\u0161umos gadu gait\u0101 sasniegu\u0161i gandr\u012bz 1 miljardu eiro.<\/p>\n<p class=\"text-font font-size--text-xlarge margin-3--bottom\">P\u0113d\u0113jo divu gadu laik\u0101 tirdzniec\u012bbas centrs piedz\u012bvojis b\u016btiskas p\u0101rmai\u0146as \u2013 durvis v\u0113ris liel\u0101kais kopstr\u0101des centrs R\u012bg\u0101 Workland (3 200 m\u00b2 ar vair\u0101k nek\u0101 350 darba viet\u0101m). Pa\u0161laik norisin\u0101s MyFitness papla\u0161in\u0101\u0161anas darbi, un tas k\u013c\u016bs par liel\u0101ko sporta klubu R\u012bg\u0101 ar plat\u012bbu 3 500 m\u00b2. T\u0101 atkl\u0101\u0161ana gaid\u0101ma \u0161\u012b gada novembra s\u0101kum\u0101. Kop\u0161 2024. gada centru papildin\u0101ju\u0161i jauni z\u012bmoli \u2013 Lindex, Douglas, Rocket Bean, k\u0101 ar\u012b renov\u0113tas eso\u0161o nomnieku telpas: Este, Watch Wear, Lage Gastronomija, Lido un gr\u0101matn\u012bca Globuss. Vienlaikus, dom\u0101jot par ilgtsp\u0113j\u012bbu un \u0113rt\u012bb\u0101m apmekl\u0113t\u0101jiem, pie Galleria Riga ieejas Blauma\u0146a iel\u0101 10 izveidota jauna velonovietne ar 36 viet\u0101m, kas nodro\u0161ina dro\u0161u un \u0113rtu velosip\u0113du novieto\u0161anu.<\/p>\n<p class=\"text-font font-size--text-xlarge margin-3--bottom\">East Capital Real Estate ir da\u013ca no East Capital Group \u2013 glob\u0101la akt\u012bvu p\u0101rvald\u012bt\u0101ja, kas dibin\u0101ts Zviedrij\u0101 1997. gad\u0101 un kura p\u0101rvald\u012bb\u0101 ir vair\u0101k nek\u0101 3,6 miljardi eiro. Grupa pied\u0101v\u0101 invest\u012bciju risin\u0101jumus akcij\u0101s, oblig\u0101cij\u0101s, nekustamaj\u0101 \u012bpa\u0161um\u0101 un alternat\u012bvajos ieguld\u012bjumos.<\/p>\n<p>Skat\u012bties p\u0101r\u0113jos att\u0113lus<\/p>\n","protected":false},"excerpt":{"rendered":"\u0160\u0101 gada septembr\u012b East Capital Real Estate sa\u0146\u0113mis b\u016bvat\u013cauju Galleria Riga jumta p\u0101rb\u016bvei, un uzs\u0101kta tehnisk\u0101 projekta izstr\u0101de.&hellip;\n","protected":false},"author":2,"featured_media":8548,"comment_status":"","ping_status":"","sticky":false,"template":"","format":"standard","meta":{"footnotes":""},"categories":[16],"tags":[869,77,870,76,867,35,39,38,36,37,34,871,868,40,21],"class_list":{"0":"post-8547","1":"post","2":"type-post","3":"status-publish","4":"format-standard","5":"has-post-thumbnail","7":"category-bizness","8":"tag-biznesa-zinas","9":"tag-bizness","10":"tag-bizness-latvija","11":"tag-business","12":"tag-dienas-zinas","13":"tag-latvia","14":"tag-latvian","15":"tag-latviesu","16":"tag-latviesu-valoda","17":"tag-latviesuvaloda","18":"tag-latvija","19":"tag-latvijas-biznesa-zinas","20":"tag-latvijas-zinas","21":"tag-lv","22":"tag-zinas"},"share_on_mastodon":{"url":"","error":""},"_links":{"self":[{"href":"https:\/\/www.europesays.com\/lv\/wp-json\/wp\/v2\/posts\/8547","targetHints":{"allow":["GET"]}}],"collection":[{"href":"https:\/\/www.europesays.com\/lv\/wp-json\/wp\/v2\/posts"}],"about":[{"href":"https:\/\/www.europesays.com\/lv\/wp-json\/wp\/v2\/types\/post"}],"author":[{"embeddable":true,"href":"https:\/\/www.europesays.com\/lv\/wp-json\/wp\/v2\/users\/2"}],"replies":[{"embeddable":true,"href":"https:\/\/www.europesays.com\/lv\/wp-json\/wp\/v2\/comments?post=8547"}],"version-history":[{"count":0,"href":"https:\/\/www.europesays.com\/lv\/wp-json\/wp\/v2\/posts\/8547\/revisions"}],"wp:featuredmedia":[{"embeddable":true,"href":"https:\/\/www.europesays.com\/lv\/wp-json\/wp\/v2\/media\/8548"}],"wp:attachment":[{"href":"https:\/\/www.europesays.com\/lv\/wp-json\/wp\/v2\/media?parent=8547"}],"wp:term":[{"taxonomy":"category","embeddable":true,"href":"https:\/\/www.europesays.com\/lv\/wp-json\/wp\/v2\/categories?post=8547"},{"taxonomy":"post_tag","embeddable":true,"href":"https:\/\/www.europesays.com\/lv\/wp-json\/wp\/v2\/tags?post=8547"}],"curies":[{"name":"wp","href":"https:\/\/api.w.org\/{rel}","templated":true}]}}