{"id":8572,"date":"2025-09-30T08:06:07","date_gmt":"2025-09-30T08:06:07","guid":{"rendered":"https:\/\/www.europesays.com\/lv\/8572\/"},"modified":"2025-09-30T08:06:07","modified_gmt":"2025-09-30T08:06:07","slug":"tiesa-noraida-ozolina-prasibu-pret-puci-golfa-uznemuma-strida","status":"publish","type":"post","link":"https:\/\/www.europesays.com\/lv\/8572\/","title":{"rendered":"Tiesa noraida Ozoli\u0146a pras\u012bbu pret Pu\u010di golfa uz\u0146\u0113muma str\u012bd\u0101"},"content":{"rendered":"<p>Tiesa pras\u012bbu noraid\u012bja, uzsverot, ka Ozoli\u0146\u0161 nav pier\u0101d\u012bjis, ka Pu\u010dem piedero\u0161\u0101s 10% da\u013cas no pamatkapit\u0101la neb\u016btu apmaks\u0101tas. K\u013c\u016bdains ir ar\u012b pras\u012bt\u0101ja uzskats, ka da\u013cu apmaksas faktu vajadz\u0113ja pier\u0101d\u012bt tie\u0161i ar uz\u0146\u0113muma konta izdruk\u0101m.<\/p>\n<p>Tiesa ar\u012b v\u0113r\u0161 uzman\u012bbu, ka pat gad\u012bjum\u0101, ja dal\u012bbnieks neb\u016btu veicis pamatkapit\u0101la apmaksu, tad tas neb\u016btu pamats vi\u0146a izsl\u0113g\u0161anai atbilsto\u0161i Komerclikuma 195.pantam.<\/p>\n<p>Ozoli\u0146\u0161 ties\u0101 ar\u012b nav pier\u0101d\u012bjis saist\u012bbu neizpildi, papildinot, ka no Ozoli\u0146a izvirz\u012btajiem apgalvojumiem un apst\u0101k\u013ciem nav iesp\u0113jams nodal\u012bt un konstat\u0113t, vai un k\u0101du no min\u0113taj\u0101m darb\u012bb\u0101m Pu\u010de k\u0101 valdes loceklis ir veicis apzin\u0101ti, \u013caunpr\u0101t\u012bgi vai ar nol\u016bku kait\u0113t uz\u0146\u0113muma interes\u0113m.<\/p>\n<p>Proti, pat gad\u012bjum\u0101, ja vair\u0101ki no pras\u012bbas pieteikum\u0101 ietvertajiem apgalvojumiem apstiprin\u0101tos ar pier\u0101d\u012bjumiem, tad tas autom\u0101tiski nenoz\u012bm\u0113tu, ka tas ir pamats atbild\u0113t\u0101ja k\u0101 dal\u012bbnieka izsl\u0113g\u0161anai. Piem\u0113ram, \u0161\u0137ietami neizdev\u012bga dar\u012bjuma nosl\u0113g\u0161ana var liecin\u0101t ar\u012b<\/p>\n<p>tikai par neuzman\u012bbu, nevis t\u012b\u0161u un sistem\u0101tisku darb\u012bbu uz\u0146\u0113muma intere\u0161u aizskar\u0161anai.<\/p>\n<p>Tiesa ar\u012b nor\u0101da, ka j\u0101\u0146em ar\u012b v\u0113r\u0101, ka gad\u012bjum\u0101, ja valdes loceklis savus pien\u0101kumus neveic k\u0101 krietns un r\u016bp\u012bgs saimnieks, tad vi\u0146u var atcelt. Ozoli\u0146am visu \u0161o laika periodu, kad Pu\u010de bija valdes loceklis, pieder\u0113ja 90% no pamatkapit\u0101la, k\u0101 ar\u012b vi\u0146\u0161 bija valdes priek\u0161s\u0113d\u0113t\u0101js, tom\u0113r nekad netika izvirz\u012bts jaut\u0101jums par atbild\u0113t\u0101ja k\u0101 valdes locek\u013ca atcel\u0161anu, jo tas slikti veiktu savus pien\u0101kumus.<\/p>\n<p>Spriedum\u0101 nor\u0101d\u012bts, ka vienlaikus, atbildot uz tiesas jaut\u0101jumiem, pras\u012bt\u0101js apstiprin\u0101ja, ka Ozoli\u0146am netika liegta pieeja uz\u0146\u0113muma dokumentiem, bet tie nekad netika piepras\u012bti. Ozoli\u0146\u0161 ar\u012b nevien\u0101 br\u012bd\u012b nav izvirz\u012bjis pretenzijas, ka k\u0101d\u0101 no gadu p\u0101rskatiem b\u016btu nor\u0101d\u012bta nekorekta inform\u0101cija.<\/p>\n","protected":false},"excerpt":{"rendered":"Tiesa pras\u012bbu noraid\u012bja, uzsverot, ka Ozoli\u0146\u0161 nav pier\u0101d\u012bjis, ka Pu\u010dem piedero\u0161\u0101s 10% da\u013cas no pamatkapit\u0101la neb\u016btu apmaks\u0101tas. K\u013c\u016bdains&hellip;\n","protected":false},"author":2,"featured_media":8573,"comment_status":"","ping_status":"","sticky":false,"template":"","format":"standard","meta":{"footnotes":""},"categories":[17],"tags":[35,39,38,36,37,34,40,3474,67,375],"class_list":{"0":"post-8572","1":"post","2":"type-post","3":"status-publish","4":"format-standard","5":"has-post-thumbnail","7":"category-sports","8":"tag-latvia","9":"tag-latvian","10":"tag-latviesu","11":"tag-latviesu-valoda","12":"tag-latviesuvaloda","13":"tag-latvija","14":"tag-lv","15":"tag-sandis-ozolins","16":"tag-sports","17":"tag-tiesa"},"share_on_mastodon":{"url":"","error":""},"_links":{"self":[{"href":"https:\/\/www.europesays.com\/lv\/wp-json\/wp\/v2\/posts\/8572","targetHints":{"allow":["GET"]}}],"collection":[{"href":"https:\/\/www.europesays.com\/lv\/wp-json\/wp\/v2\/posts"}],"about":[{"href":"https:\/\/www.europesays.com\/lv\/wp-json\/wp\/v2\/types\/post"}],"author":[{"embeddable":true,"href":"https:\/\/www.europesays.com\/lv\/wp-json\/wp\/v2\/users\/2"}],"replies":[{"embeddable":true,"href":"https:\/\/www.europesays.com\/lv\/wp-json\/wp\/v2\/comments?post=8572"}],"version-history":[{"count":0,"href":"https:\/\/www.europesays.com\/lv\/wp-json\/wp\/v2\/posts\/8572\/revisions"}],"wp:featuredmedia":[{"embeddable":true,"href":"https:\/\/www.europesays.com\/lv\/wp-json\/wp\/v2\/media\/8573"}],"wp:attachment":[{"href":"https:\/\/www.europesays.com\/lv\/wp-json\/wp\/v2\/media?parent=8572"}],"wp:term":[{"taxonomy":"category","embeddable":true,"href":"https:\/\/www.europesays.com\/lv\/wp-json\/wp\/v2\/categories?post=8572"},{"taxonomy":"post_tag","embeddable":true,"href":"https:\/\/www.europesays.com\/lv\/wp-json\/wp\/v2\/tags?post=8572"}],"curies":[{"name":"wp","href":"https:\/\/api.w.org\/{rel}","templated":true}]}}