{"id":85723,"date":"2025-12-25T11:35:22","date_gmt":"2025-12-25T11:35:22","guid":{"rendered":"https:\/\/www.europesays.com\/lv\/85723\/"},"modified":"2025-12-25T11:35:22","modified_gmt":"2025-12-25T11:35:22","slug":"zinas-vieglaja-valoda-23-decembri-raksts","status":"publish","type":"post","link":"https:\/\/www.europesays.com\/lv\/85723\/","title":{"rendered":"Zi\u0146as vieglaj\u0101 valod\u0101 23. decembr\u012b \/ Raksts"},"content":{"rendered":"<p>Zi\u0146as vieglaj\u0101 valod\u0101 otrdien, 23. decembr\u012b.\u00a0<\/p>\n<p>Krievijas\u00a0sportisti melnaj\u0101 sarakst\u0101\u00a0<\/p>\n<p>Latvijas \u0101rlietu ministre Baiba Bra\u017ee (&#8220;Jaun\u0101 Vienot\u012bba&#8221;)\u00a0iek\u013c\u0101vusi 14 Krievijas sportistus sarakst\u0101, kur\u0101 ir personas, ko Latvija nev\u0113las redz\u0113t.<\/p>\n<p>To sauc par melno sarakstu.\u00a0<\/p>\n<p>\u0160iem krievu sportistiem starptautisk\u0101s sporta organiz\u0101cijas at\u013c\u0101va piedal\u012bties sacens\u012bb\u0101s, bet Latvija vi\u0146us neielaid\u012bs valst\u012b.\u00a0<\/p>\n<p>Nav zin\u0101ms, vai Latvijas l\u0113mums ietekm\u0113s Pasaules kausa sacens\u012bbas Siguld\u0101.\u00a0<\/p>\n<p>Sacens\u012bbu organizatori gatavojas uz\u0146emt sportistus, un n\u0101kamaj\u0101 pirmdien\u0101 ierad\u012bsies pirm\u0101s komandas no cit\u0101m valst\u012bm.\u00a0<\/p>\n<p>Krievijas uzbrukumos Ukrain\u0101 tr\u012bs boj\u0101g\u0101ju\u0161ie\u00a0<\/p>\n<p>Pag\u0101ju\u0161aj\u0101 nakt\u012b un no r\u012bta Krievija uzbruka Ukrainai ar droniem un ra\u0137et\u0113m.<\/p>\n<p>Uzbrukum\u0101 g\u0101ja boj\u0101 tr\u012bs cilv\u0113ki, taj\u0101 skait\u0101 \u010detrus gadus veca meitene.<\/p>\n<p>Vismaz 12 cilv\u0113ki cietu\u0161i.<\/p>\n<p>Ener\u0123\u0113tikas infrastrukt\u016bra ir stipri boj\u0101ta.<\/p>\n<p>Elektr\u012bbas nav daudz\u0101s Ukrainas viet\u0101s.<\/p>\n<p>Odes\u0101 dronu uzbrukum\u0101 cietusi osta un ku\u0123i.<\/p>\n<p>Ukrainas Gaisa sp\u0113ki teica, ka ienaidnieks uzbruka ar 635 droniem un 38 ra\u0137et\u0113m.<\/p>\n<p>Ukrainas pretgaisa aizsardz\u012bba notrieca 587 dronus un 34 ra\u0137etes.<\/p>\n<p>Ukrainas prezidents Volodimirs Zelenskis teica, ka Krievija var\u0113tu uzbrukt Ziemassv\u0113tkos.<\/p>\n<p>Pastiprina dro\u0161\u012bbu tirdzi\u0146os\u00a0<\/p>\n<p>Eiropas valst\u012bs pirmssv\u0113tku laik\u0101 pastiprin\u0101ti dro\u0161\u012bbas pas\u0101kumi Ziemassv\u0113tku tirdzi\u0146os.<\/p>\n<p>Eiropas Savien\u012bb\u0101 iepriek\u0161\u0113jos gados vair\u0101kk\u0101rt Ziemassv\u0113tku tirdzi\u0146iem uzbruka.<\/p>\n<p>V\u0101cij\u0101 Magdeburg\u0101 pirms gada v\u012brietis apzin\u0101ti iebrauca ar automa\u0161\u012bnu apmekl\u0113t\u0101ju p\u016bl\u012b sv\u0113tku tirdzi\u0146\u0101.\u00a0<\/p>\n<p>\u0160ie notikumi ietekm\u0113 cilv\u0113kus tagad.\u00a0<\/p>\n<p>\u0160ogad Ziemassv\u0113tku tirdzi\u0146us V\u0101cij\u0101 apmekl\u0113 maz\u0101k cilv\u0113ku nek\u0101 pirms gada.<\/p>\n<p>            <img decoding=\"async\" src=\"https:\/\/www.europesays.com\/lv\/wp-content\/uploads\/2025\/12\/scge.jpg\" alt=\"Ilustrat\u012bvs att\u0113ls: Ziemassv\u0113tku tirdzi\u0146\u0161 V\u0101cijas galvaspils\u0113t\u0101 Berl\u012bn\u0113\"\/><\/p>\n<p>Ilustrat\u012bvs att\u0113ls: Ziemassv\u0113tku tirdzi\u0146\u0161 V\u0101cijas galvaspils\u0113t\u0101 Berl\u012bn\u0113<\/p>\n<p>Foto: AFP, JOHN MACDOUGALL<\/p>\n<\/p>\n<p>Tramps grib Grenlandi\u00a0<\/p>\n<p>ASV prezidents Donalds Tramps grib, lai Grenlande k\u013c\u016bst par da\u013cu no ASV.<\/p>\n<p>Vi\u0146\u0161 noz\u012bm\u0113ja s\u016btni Grenland\u0113.<\/p>\n<p>Tas ir Luizi\u0101nas gubernators D\u017eefs Lendrijs.<\/p>\n<p>Vi\u0146\u0161 ir bijis armij\u0101 un policij\u0101. Lendrijs saka, ka ir priec\u012bgs str\u0101d\u0101t Trampam, lai Grenlande k\u013c\u016btu par ASV da\u013cu.<\/p>\n<p>D\u0101nijas \u0101rlietu ministrs Lars Leke Rasmusens ir neapmierin\u0101ts.<\/p>\n<p>Vi\u0146\u0161 grib run\u0101t ar ASV v\u0113stnieku.<\/p>\n<p>Grenlandes premjers saka, ka salas cilv\u0113kiem pa\u0161iem j\u0101izlemj par savu n\u0101kotni.<\/p>\n<p>Bet Tramps turpina run\u0101t par Grenlandi k\u0101 par vietu, ko var\u0113tu nopirkt.<\/p>\n<p>Pa\u0161vald\u012bba maina domas\u00a0<\/p>\n<p>R\u0113zeknes pa\u0161vald\u012bbas grupa, kas v\u0113rt\u0113 Latgales v\u0113stniec\u012bbas &#8220;Gors&#8221;\u00a0darbu, vairs neapsver iesp\u0113ju nodot koncertz\u0101li priv\u0101tam uz\u0146\u0113mumam.<\/p>\n<p>To otrdien teica R\u0113zeknes m\u0113rs Aleksandrs Barta\u0161evi\u010ds no partijas &#8220;Kop\u0101 Latvijai&#8221;.<\/p>\n<p>Vi\u0146\u0161 teica, ka pa\u0161laik ir divi iesp\u0113jamie pl\u0101ni, viens no tiem ir p\u0101rveidot kapit\u0101lsabiedr\u012bbu par iest\u0101di.<\/p>\n<p>Ideja nodot &#8220;Goru&#8221;\u00a0priv\u0101tam operatoram vairs netiek izskat\u012bta, jo t\u0101 izrais\u012bja lielu sabiedr\u012bbas un vald\u012bbas uzman\u012bbu.\u00a0<\/p>\n<p>Latvij\u0101 turpin\u0101s gripas epid\u0113mija\u00a0<\/p>\n<p>Pag\u0101ju\u0161aj\u0101 ned\u0113\u013c\u0101 gripas intensit\u0101te bija \u013coti augsta.<\/p>\n<p>Slim\u012bbu profilakses un kontroles centrs teica, ka t\u0101 p\u0101rsniedza p\u0113d\u0113jo 5 sezonu maksimumu.<\/p>\n<p>Dati r\u0101da, ka saslimst\u012bba ar gripu palielin\u0101sies.<\/p>\n<p>Vair\u0101k cilv\u0113ku slimo vis\u0101s vecuma grup\u0101s.<\/p>\n<p>B\u0113rni l\u012bdz 14 gadiem slimo vair\u0101k nek\u0101 citi.<\/p>\n<p>                    Valodas k\u013c\u016bda rakst\u0101?<\/p>\n<p class=\"d-none d-md-block\">Iez\u012bm\u0113jiet tekstu un spiediet Ctrl+Enter, lai nos\u016bt\u012btu labojamo teksta fragmentu redaktoram! Par faktu k\u013c\u016bd\u0101m l\u016bdzam zi\u0146ot e-past\u0101 <a href=\"https:\/\/www.lsm.lv\/cdn-cgi\/l\/email-protection\" class=\"__cf_email__\" data-cfemail=\"f38196979298909a9992b39f809edd9f85\" rel=\"nofollow noopener\" target=\"_blank\">[email\u00a0protected]<\/a>.<\/p>\n<p class=\"d-md-none\">Iez\u012bm\u0113jiet tekstu un spiediet uz Zi\u0146ot par k\u013c\u016bdu pogas, lai nos\u016bt\u012btu labojamo teksta fragmentu redaktoram!<\/p>\n<p>\n                    Zi\u0146ot par k\u013c\u016bdu\n                <\/p>\n","protected":false},"excerpt":{"rendered":"Zi\u0146as vieglaj\u0101 valod\u0101 otrdien, 23. decembr\u012b.\u00a0 Krievijas\u00a0sportisti melnaj\u0101 sarakst\u0101\u00a0 Latvijas \u0101rlietu ministre Baiba Bra\u017ee (&#8220;Jaun\u0101 Vienot\u012bba&#8221;)\u00a0iek\u013c\u0101vusi 14 Krievijas&hellip;\n","protected":false},"author":2,"featured_media":85724,"comment_status":"","ping_status":"","sticky":false,"template":"","format":"standard","meta":{"footnotes":""},"categories":[5],"tags":[23,28,29,32,33,22,30,31,35,39,38,36,37,34,40,20,26,27,24,25,21],"class_list":{"0":"post-85723","1":"post","2":"type-post","3":"status-publish","4":"format-standard","5":"has-post-thumbnail","7":"category-aktualitates","8":"tag-aktualitates","9":"tag-breaking-news","10":"tag-breakingnews","11":"tag-featured-news","12":"tag-featurednews","13":"tag-headlines","14":"tag-latest-news","15":"tag-latestnews","16":"tag-latvia","17":"tag-latvian","18":"tag-latviesu","19":"tag-latviesu-valoda","20":"tag-latviesuvaloda","21":"tag-latvija","22":"tag-lv","23":"tag-news","24":"tag-popularakas-zinas","25":"tag-popularakaszinas","26":"tag-top-stories","27":"tag-topstories","28":"tag-zinas"},"share_on_mastodon":{"url":"https:\/\/pubeurope.com\/@lv\/115780001691185145","error":""},"_links":{"self":[{"href":"https:\/\/www.europesays.com\/lv\/wp-json\/wp\/v2\/posts\/85723","targetHints":{"allow":["GET"]}}],"collection":[{"href":"https:\/\/www.europesays.com\/lv\/wp-json\/wp\/v2\/posts"}],"about":[{"href":"https:\/\/www.europesays.com\/lv\/wp-json\/wp\/v2\/types\/post"}],"author":[{"embeddable":true,"href":"https:\/\/www.europesays.com\/lv\/wp-json\/wp\/v2\/users\/2"}],"replies":[{"embeddable":true,"href":"https:\/\/www.europesays.com\/lv\/wp-json\/wp\/v2\/comments?post=85723"}],"version-history":[{"count":0,"href":"https:\/\/www.europesays.com\/lv\/wp-json\/wp\/v2\/posts\/85723\/revisions"}],"wp:featuredmedia":[{"embeddable":true,"href":"https:\/\/www.europesays.com\/lv\/wp-json\/wp\/v2\/media\/85724"}],"wp:attachment":[{"href":"https:\/\/www.europesays.com\/lv\/wp-json\/wp\/v2\/media?parent=85723"}],"wp:term":[{"taxonomy":"category","embeddable":true,"href":"https:\/\/www.europesays.com\/lv\/wp-json\/wp\/v2\/categories?post=85723"},{"taxonomy":"post_tag","embeddable":true,"href":"https:\/\/www.europesays.com\/lv\/wp-json\/wp\/v2\/tags?post=85723"}],"curies":[{"name":"wp","href":"https:\/\/api.w.org\/{rel}","templated":true}]}}