{"id":85750,"date":"2025-12-25T12:03:07","date_gmt":"2025-12-25T12:03:07","guid":{"rendered":"https:\/\/www.europesays.com\/lv\/85750\/"},"modified":"2025-12-25T12:03:07","modified_gmt":"2025-12-25T12:03:07","slug":"ziemassvetku-vestijums-urbi-et-orbi-kristus-piedzimsana-ir-miera-dzimsana","status":"publish","type":"post","link":"https:\/\/www.europesays.com\/lv\/85750\/","title":{"rendered":"Ziemassv\u0113tku v\u0113st\u012bjums &#8220;Urbi et Orbi&#8221;: Kristus piedzim\u0161ana ir miera dzim\u0161ana"},"content":{"rendered":"<p>\u00abPriec\u012bgus Ziemassv\u0113tkus! Lai Kristus miers valda j\u016bsu sird\u012bs un j\u016bsu \u0123imen\u0113s!\u00bb \u2013 v\u0113l\u0113ja p\u0101vests Leons XIV, atk\u0101rtojot \u0161o sveicienu desmit valod\u0101s, tostarp, ar\u0101bu, po\u013cu, \u0137\u012bnie\u0161u un lat\u012b\u0146u valod\u0101. 25. decembra pusdienlaik\u0101 Sv\u0113tais t\u0113vs nolas\u012bja Ziemassv\u0113tku v\u0113st\u012bjumu \u00abUrbi et Orbi\u00bb \u2013 \u00abPils\u0113tai un pasaulei\u00bb un deva savu apustulisko sv\u0113t\u012bbu. <\/p>\n<p style=\"text-align: justify;\">Silvija Krivte\u017ea &#8211; Vatik\u0101ns<\/p>\n<p style=\"text-align: justify;\">25. decembr\u012b, neskatoties uz nelabv\u0113l\u012bgiem laika apst\u0101k\u013ciem, Sv\u0113t\u0101 P\u0113tera laukum\u0101 bija sapulc\u0113ju\u0161ies vair\u0101ki t\u016bksto\u0161i sv\u0113tce\u013cnieku no daudz\u0101m valst\u012bm. &#8220;\u0160aj\u0101 sv\u0113taj\u0101 dien\u0101 atv\u0113rsim savas sirdis saviem br\u0101\u013ciem un m\u0101s\u0101m, kuri cie\u0161 gr\u016bt\u012bbas un s\u0101pes,&#8221; &#8211; aicin\u0101ja p\u0101vests Leons XIV, uzticot J\u0113zus B\u0113rnam visas tautas, kas cie\u0161 no kara, aukstuma, bada un nabadz\u012bbas.<\/p>\n<p style=\"text-align: justify;\">Ziemassv\u0113tku v\u0113st\u012bjums &#8220;Urbi et Orbi&#8221; &#8211; &#8220;Pils\u0113tai un pasaulei&#8221;<\/p>\n<p style=\"text-align: justify;\">\u00abD\u0101rgie br\u0101\u013ci un m\u0101sas!<\/p>\n<p style=\"text-align: justify;\">&#8220;Priec\u0101simies visi, jo m\u016bsu Pest\u012bt\u0101js ir piedzimis pasaul\u0113. \u0160odien patiess miers ir non\u0101cis pie mums no Debes\u012bm&#8221; (Ziemassv\u0113tku vakara Mises ievada antifona). T\u0101 aicina Ziemassv\u0113tku nakts litur\u0123ija, un Bazn\u012bc\u0101 atskan Betl\u0113mes v\u0113sts: B\u0113rns, kas piedzimis no Jaunavas Marijas, ir Kristus Kungs, ko T\u0113vs ir s\u016bt\u012bjis, lai gl\u0101btu m\u016bs no gr\u0113ka un n\u0101ves. Vi\u0146\u0161 ir m\u016bsu miers, Tas, kur\u0161 ir uzvar\u0113jis naidu un bailes caur Dieva \u017e\u0113lsird\u012bgo m\u012blest\u012bbu. T\u0101p\u0113c &#8220;Kunga piedzim\u0161ana ir miera dzim\u0161ana&#8221; (Sv. Leons Lielais, 26. spredi\u0137is).<\/p>\n<p style=\"text-align: justify;\">J\u0113zus piedzima stall\u012b, jo cilv\u0113ku m\u0101jokl\u012b Vi\u0146am nebija vietas. Tikl\u012bdz piedzima, Vi\u0146a m\u0101te Marija &#8220;ietina Vi\u0146u auti\u0146os un ielika silit\u0113&#8221; (sal. Lk 2,7). Dieva D\u0113ls, caur kuru viss ir rad\u012bts, netiek uz\u0146emts, un Vi\u0146a \u0161\u016bpulis ir nabadz\u012bga lopu sile.<\/p>\n<p style=\"text-align: justify;\">M\u016b\u017e\u012bg\u0101 T\u0113va V\u0101rds, kuru debesis nesp\u0113j satur\u0113t, izv\u0113l\u0113j\u0101s n\u0101kt pasaul\u0113 \u0161\u0101d\u0101 veid\u0101. M\u012blest\u012bbas d\u0113\u013c Vi\u0146\u0161 grib\u0113ja piedzimt no sievietes, dal\u012bties ar m\u016bsu cilv\u0113c\u012bbu; m\u012blest\u012bbas d\u0113\u013c Vi\u0146\u0161 pie\u0146\u0113ma nabadz\u012bbu, atraid\u012bjumu un identific\u0113ja sevi ar tiem, kas ir atraid\u012bti un atstumti.<\/p>\n<p style=\"text-align: justify;\">J\u0113zus dzim\u0161an\u0101 jau ir iez\u012bm\u0113ta fundament\u0101l\u0101 izv\u0113le, kas vad\u012bs visu Dieva D\u0113la dz\u012bvi l\u012bdz pat Vi\u0146a n\u0101vei pie krusta: l\u0113mums neatst\u0101t m\u016bs zem gr\u0113ka nastas, bet to nest m\u016bsu viet\u0101, uz\u0146emties to uz sevis. To var\u0113ja izdar\u012bt tikai Vi\u0146\u0161. Tom\u0113r taj\u0101 pa\u0161\u0101 laik\u0101 Vi\u0146\u0161 par\u0101d\u012bja, ko m\u0113s pa\u0161i varam dar\u012bt, proti, uz\u0146emties savu atbild\u012bbas da\u013cu. Patiesi, Dievs, kas m\u016bs rad\u012bja bez mums, nevar m\u016bs gl\u0101bt bez mums (sal. sv. August\u012bns, Spredi\u0137is 169, 11, 13), tas ir, bez m\u016bsu br\u012bv\u0101s gribas m\u012bl\u0113t. Tie, kas nem\u012bl, netiek izgl\u0101bti, vi\u0146i ir pazudu\u0161i. Un tie, kas nem\u012bl savu br\u0101li vai m\u0101su, kurus vi\u0146i redz, nevar m\u012bl\u0113t Dievu, kuru vi\u0146i neredz (sal. 1 J\u0146 4, 20).<\/p>\n<p style=\"text-align: justify;\">M\u0101sas un br\u0101\u013ci, atbild\u012bba ir ce\u013c\u0161 uz mieru. Ja katrs no mums, visos l\u012bme\u0146os, p\u0101rst\u0101tu vainot un aps\u016bdz\u0113t citus, atz\u012btu vispirms savas k\u013c\u016bdas, l\u016bgtu Dievam piedo\u0161anu, cen\u0161oties iejusties to cilv\u0113ku \u0101d\u0101, kuri cie\u0161, izr\u0101d\u012btu solidarit\u0101ti ar v\u0101j\u0101kajiem un apspiestajiem, tad pasaule main\u012btos.<\/p>\n<p style=\"text-align: justify;\">J\u0113zus Kristus ir m\u016bsu miers, pirmk\u0101rt, t\u0101p\u0113c, ka Vi\u0146\u0161 atbr\u012bvo m\u016bs no gr\u0113ka, un ar\u012b t\u0101p\u0113c, ka Vi\u0146\u0161 par\u0101da mums ce\u013cu, k\u0101 p\u0101rvar\u0113t konfliktus, visus konfliktus, s\u0101kot no savstarp\u0113jiem l\u012bdz starptautiskiem konfliktiem. Bez sirds, kas ir br\u012bva no gr\u0113ka, bez sirds, kurai ir piedots, m\u0113s nevaram b\u016bt miera v\u012brie\u0161i un sievietes, miera veidot\u0101ji. T\u0101p\u0113c J\u0113zus piedzima Betl\u0113m\u0113 un nomira pie krusta, lai atbr\u012bvotu m\u016bs no gr\u0113ka. Vi\u0146\u0161 ir Gl\u0101b\u0113js. Ar Vi\u0146a \u017e\u0113last\u012bbu m\u0113s katrs varam un mums ir j\u0101dara viss iesp\u0113jamais, lai p\u0101rvar\u0113tu naidu, vardarb\u012bbu un pretest\u012bbu, un praktiz\u0113tu dialogu, mieru un izl\u012bgumu.<\/p>\n<p style=\"text-align: justify;\">\u0160aj\u0101 sv\u0113tku dien\u0101 es v\u0113los izteikt sirsn\u012bgus un t\u0113vi\u0161\u0137\u012bgus sveicienus visiem kristie\u0161iem, \u012bpa\u0161i tiem, kas dz\u012bvo Tuvajos Austrumos, ar kuriem man nesen bija iesp\u0113ja tikties sava pirm\u0101 apustulisk\u0101 ce\u013cojuma laik\u0101. Es uzklaus\u012bju vi\u0146u ba\u017eas un labi saprotu vi\u0146u bezsp\u0113c\u012bbas saj\u016btu, saskaroties ar varas sp\u0113ku, kas vi\u0146us nom\u0101c. \u0160odien Betl\u0113m\u0113 dzimu\u0161ais B\u0113rns, ir tas pats J\u0113zus, kur\u0161 saka: &#8220;Lai jums b\u016btu miers Man\u012b! Pasaul\u0113 jums b\u016bs apspie\u0161ana, bet esiet drosm\u012bgi! Es uzvar\u0113ju pasauli&#8221; (J\u0146 16,33).<\/p>\n<p style=\"text-align: justify;\">L\u016bgsim no Dieva izl\u012bgumu, mieru un dro\u0161\u012bbu Lib\u0101nai, Palest\u012bnai, Izra\u0113lai un S\u012brijai, pa\u013caujoties uz \u0161iem dievi\u0161\u0137ajiem v\u0101rdiem: &#8220;Taisn\u012bbas darbs b\u016bs miers, un taisn\u012bguma pan\u0101kums b\u016bs m\u016b\u017e\u012bga dro\u0161\u012bba&#8221; (Is 32,17).<\/p>\n<p style=\"text-align: justify;\">M\u0113s uzticam Miera princim visu Eiropas kontinentu, l\u016bdzot Vi\u0146u turpin\u0101t iedvesmot to str\u0101d\u0101t kop\u012bbas un sadarb\u012bbas gar\u0101, saglab\u0101jot uztic\u012bbu sav\u0101m krist\u012bgaj\u0101m sakn\u0113m un v\u0113sturei, apliecinot solidarit\u0101ti un atv\u0113rt\u012bbu pret tiem, kam t\u0101 nepiecie\u0161ama. \u012apa\u0161i l\u016bgsim par nomoc\u012bto Ukrainas tautu: lai apklust iero\u010du d\u0101rdo\u0146a un visas iesaist\u012bt\u0101s puses ar starptautisk\u0101s sabiedr\u012bbas atbalstu un ap\u0146em\u0161anos atrod drosmi s\u0101kt atkl\u0101tu, tie\u0161u un cie\u0146pilnu dialogu.<\/p>\n<p style=\"text-align: justify;\">Betl\u0113mes B\u0113rnam m\u0113s l\u016bdzam mieru un mierin\u0101jumu visu pasaul\u0113 notieko\u0161o karu upuriem, \u012bpa\u0161i tiem, kas ir aizmirsti, un visiem, kas cie\u0161 no netaisn\u012bbas, politisk\u0101s nestabilit\u0101tes, reli\u0123isk\u0101m vaj\u0101\u0161an\u0101m un terorisma. Es \u012bpa\u0161i pieminu m\u016bsu br\u0101\u013cus un m\u0101sas Sud\u0101n\u0101, Dienvidsud\u0101n\u0101, Mali, Burkinafaso un Kongo Demokr\u0101tiskaj\u0101 Republik\u0101.<\/p>\n<p style=\"text-align: justify;\">Cer\u012bbai velt\u012bt\u0101 Jubilejas gada p\u0113d\u0113j\u0101s dien\u0101s l\u016bgsim Dievu, kas tapis cilv\u0113ks, par d\u0101rgo Haiti tautu, lai \u0161aj\u0101 valst\u012b izbeigtos jebk\u0101da veida vardarb\u012bba un tiktu pan\u0101kts progress miera un izl\u012bguma ce\u013c\u0101.<\/p>\n<p style=\"text-align: justify;\">Lai J\u0113zus B\u0113rns iedvesmo Lat\u012b\u0146amerikas iedz\u012bvot\u0101jus, \u012bpa\u0161i tos, kuriem ir politisk\u0101 atbild\u012bba, lai vi\u0146i, saskaroties ar daudziem izaicin\u0101jumiem, dotu vietu dialogam kop\u0113j\u0101 labuma v\u0101rd\u0101, nevis ideolo\u0123iskiem aizspriedumiem.<\/p>\n<p style=\"text-align: justify;\">M\u0113s l\u016bdzam Miera princi apgaismot Mjanmu ar izl\u012bguma un cer\u012bbas n\u0101kotnei gaismu, stiprinot jaun\u0101s paaudzes, vadot tautu pa miera ce\u013cu un pavadot tos, kuriem nav pajumtes, dro\u0161\u012bbas un cer\u012bbas par r\u012btdienu.<\/p>\n<p style=\"text-align: justify;\">M\u0113s l\u016bdzam Kungu atjaunot seno draudz\u012bbu starp Taizemi un Kambod\u017eu, lai iesaist\u012bt\u0101s puses turpin\u0101tu str\u0101d\u0101t izl\u012bguma un miera lab\u0101.<\/p>\n<p style=\"text-align: justify;\">M\u0113s uzticam Vi\u0146am ar\u012b Dienvid\u0101zijas un Oke\u0101nijas iedz\u012bvot\u0101jus, kurus nesen sk\u0101ra posto\u0161as dabas katastrofas, ietekm\u0113jot visas sabiedr\u012bbas dz\u012bvi. \u0160o p\u0101rbaud\u012bjumu priek\u0161\u0101 es aicinu ikvienu atjaunot m\u016bsu kop\u012bgo ap\u0146em\u0161anos pal\u012bdz\u0113t tiem, kas cie\u0161.<\/p>\n<p style=\"text-align: justify;\">D\u0101rgie br\u0101\u013ci un m\u0101sas, nakts tums\u0101 pasaul\u0113 ien\u0101ca &#8220;patiesa Gaisma, kas apgaismo katru cilv\u0113ku (J\u0146 1,9), bet &#8220;sav\u0113jie Vi\u0146u neuz\u0146\u0113ma&#8221; (J\u0146 1,11). Ne\u013causim, ka m\u016bs p\u0101r\u0146em vienaldz\u012bba pret tiem, kas cie\u0161, jo Dievs nav vienaldz\u012bgs pret m\u016bsu cie\u0161an\u0101m.<\/p>\n<p style=\"text-align: justify;\">K\u013c\u016bstot par cilv\u0113ku, J\u0113zus uz\u0146emas m\u016bsu trauslumu, identific\u0113jas ar katru no mums: ar tiem, kuriem nekas nav palicis p\u0101ri, kuri ir zaud\u0113ju\u0161i visu, k\u0101\u00a0Gazas iedz\u012bvot\u0101ji; ar tiem, kas ir bada un nabadz\u012bbas upuri, k\u0101\u00a0Jemenas iedz\u012bvot\u0101ji; ar tiem, kas b\u0113g no savas zemes, lai mekl\u0113tu dro\u0161\u012bbu citur \u2013 ar daudziem b\u0113g\u013ciem un migrantiem, kas \u0161\u0137\u0113rso Vidusj\u016bru vai Amerikas kontinentu; ar tiem, kas zaud\u0113ju\u0161i darbu, ar jaunie\u0161iem, kuriem ir gr\u016bt\u012bbas atrast darbu; ar tiem, kas tiek \u013caunpr\u0101t\u012bgi izmantoti, ar nepietiekami apmaks\u0101tiem str\u0101dniekiem; ar tiem, kas atrodas cietum\u0101 un bie\u017ei dz\u012bvo necilv\u0113c\u012bgos apst\u0101k\u013cos.<\/p>\n<p style=\"text-align: justify;\">\u0160aj\u0101 sv\u0113taj\u0101 dien\u0101 atv\u0113rsim savas sirdis saviem br\u0101\u013ciem un m\u0101s\u0101m, kuri cie\u0161 gr\u016bt\u012bbas un s\u0101pes. To darot, m\u0113s atveram savas sirdis B\u0113rnam J\u0113zum, kur\u0161 m\u016bs sagaida ar atplest\u0101m rok\u0101m un atkl\u0101j mums savu dievi\u0161\u0137\u012bbu: &#8220;Visiem, kas Vi\u0146u uz\u0146\u0113ma, Vi\u0146\u0161 deva sp\u0113ku k\u013c\u016bt par Dieva b\u0113rniem&#8221; (J\u0146 1,12).<\/p>\n<p style=\"text-align: justify;\">P\u0113c da\u017e\u0101m dien\u0101m nosl\u0113gsies Jubilejas gads. Sv\u0113t\u0101s Durvis tiks aizv\u0113rtas, bet Kristus, m\u016bsu cer\u012bba, paliks ar mums m\u016b\u017e\u012bgi! Vi\u0146\u0161 ir vienm\u0113r atv\u0113rt\u0101s durvis, kas ved m\u016bs uz dievi\u0161\u0137o dz\u012bvi. Tas ir \u0161\u012bs dienas priec\u012bgais v\u0113st\u012bjums: dzimu\u0161ais B\u0113rns ir Dievs, kas tapis cilv\u0113ks; Vi\u0146\u0161 n\u0101k nevis sod\u012bt, bet gl\u0101bt; Vi\u0146a izskats nav \u012bslaic\u012bgs; Vi\u0146\u0161 n\u0101k, lai paliktu un atdotu sevi. Vi\u0146\u0101 katra br\u016bce tiek dziedin\u0101ta, un katra sirds atrod atp\u016btu un mieru. &#8220;Kunga piedzim\u0161ana ir miera dzim\u0161ana.&#8221;<\/p>\n<p style=\"text-align: justify;\">No visas sirds nov\u0113lu jums mier\u012bgus Ziemassv\u0113tkus!\u00bb<\/p>\n","protected":false},"excerpt":{"rendered":"\u00abPriec\u012bgus Ziemassv\u0113tkus! Lai Kristus miers valda j\u016bsu sird\u012bs un j\u016bsu \u0123imen\u0113s!\u00bb \u2013 v\u0113l\u0113ja p\u0101vests Leons XIV, atk\u0101rtojot \u0161o&hellip;\n","protected":false},"author":2,"featured_media":85751,"comment_status":"","ping_status":"","sticky":false,"template":"","format":"standard","meta":{"footnotes":""},"categories":[14],"tags":[23,57,28,29,32,33,22,30,31,35,39,38,36,37,34,40,20,26,27,24,25,54,55,56,21,58],"class_list":{"0":"post-85750","1":"post","2":"type-post","3":"status-publish","4":"format-standard","5":"has-post-thumbnail","7":"category-zinas-no-arvalstim","8":"tag-aktualitates","9":"tag-arvalstim","10":"tag-breaking-news","11":"tag-breakingnews","12":"tag-featured-news","13":"tag-featurednews","14":"tag-headlines","15":"tag-latest-news","16":"tag-latestnews","17":"tag-latvia","18":"tag-latvian","19":"tag-latviesu","20":"tag-latviesu-valoda","21":"tag-latviesuvaloda","22":"tag-latvija","23":"tag-lv","24":"tag-news","25":"tag-popularakas-zinas","26":"tag-popularakaszinas","27":"tag-top-stories","28":"tag-topstories","29":"tag-world","30":"tag-world-news","31":"tag-worldnews","32":"tag-zinas","33":"tag-zinas-no-arvalstim"},"share_on_mastodon":{"url":"https:\/\/pubeurope.com\/@lv\/115780111856726450","error":""},"_links":{"self":[{"href":"https:\/\/www.europesays.com\/lv\/wp-json\/wp\/v2\/posts\/85750","targetHints":{"allow":["GET"]}}],"collection":[{"href":"https:\/\/www.europesays.com\/lv\/wp-json\/wp\/v2\/posts"}],"about":[{"href":"https:\/\/www.europesays.com\/lv\/wp-json\/wp\/v2\/types\/post"}],"author":[{"embeddable":true,"href":"https:\/\/www.europesays.com\/lv\/wp-json\/wp\/v2\/users\/2"}],"replies":[{"embeddable":true,"href":"https:\/\/www.europesays.com\/lv\/wp-json\/wp\/v2\/comments?post=85750"}],"version-history":[{"count":0,"href":"https:\/\/www.europesays.com\/lv\/wp-json\/wp\/v2\/posts\/85750\/revisions"}],"wp:featuredmedia":[{"embeddable":true,"href":"https:\/\/www.europesays.com\/lv\/wp-json\/wp\/v2\/media\/85751"}],"wp:attachment":[{"href":"https:\/\/www.europesays.com\/lv\/wp-json\/wp\/v2\/media?parent=85750"}],"wp:term":[{"taxonomy":"category","embeddable":true,"href":"https:\/\/www.europesays.com\/lv\/wp-json\/wp\/v2\/categories?post=85750"},{"taxonomy":"post_tag","embeddable":true,"href":"https:\/\/www.europesays.com\/lv\/wp-json\/wp\/v2\/tags?post=85750"}],"curies":[{"name":"wp","href":"https:\/\/api.w.org\/{rel}","templated":true}]}}