{"id":85763,"date":"2025-12-25T12:18:07","date_gmt":"2025-12-25T12:18:07","guid":{"rendered":"https:\/\/www.europesays.com\/lv\/85763\/"},"modified":"2025-12-25T12:18:07","modified_gmt":"2025-12-25T12:18:07","slug":"video-%e2%9f%a9-februari-pirmizradi-piedzivos-dz-dz-dzilindzera-filma-perfektie","status":"publish","type":"post","link":"https:\/\/www.europesays.com\/lv\/85763\/","title":{"rendered":"VIDEO \u27e9 Febru\u0101r\u012b pirmizr\u0101di piedz\u012bvos D\u017e. D\u017e. D\u017eilind\u017eera filma &#8220;Perfektie&#8221;"},"content":{"rendered":"<p>D\u017eilind\u017eera re\u017eis\u0113t\u0101 meln\u0101 humora kom\u0113dija &#8220;Perfektie&#8221; veidota p\u0113c it\u0101\u013cu re\u017eisora Paolo D\u017eenov\u0113zes <a href=\"https:\/\/www.apollo.lv\/term\/570324\/filmas\" class=\"topicLink\" target=\"_blank\" rel=\"nofollow noopener\">filmas<\/a> &#8220;Perfektie sve\u0161inieki&#8221; jeb &#8220;Perfetti sconosciuti&#8221;. Latvie\u0161u re\u017eisora versij\u0101 sp\u0113lfilma b\u016b\u0161ot &#8220;aspr\u0101t\u012bgs, meln\u0101 humora pies\u0101tin\u0101ts st\u0101sts, kur\u0101 septi\u0146u draugu vakari\u0146as p\u0101rv\u0113r\u0161as sp\u0113l\u0113, atkl\u0101jot vi\u0146u nosl\u0113pumus&#8221;.<\/p>\n<p>Filmas &#8220;Perfektie&#8221; st\u0101sts s\u0101kas pilnm\u0113ness aptumsuma nakt\u012b, kad septi\u0146i seni draugi san\u0101k kop\u012bg\u0101s vakari\u0146\u0101s. Vakara gait\u0101 k\u0101ds ierosina sp\u0113li, kur\u0101 ikviens noliek savu telefonu uz galda un sola dal\u012bties ar vis\u0101m ien\u0101ko\u0161aj\u0101m zi\u0146\u0101m un zvaniem. S\u0101kum\u0101 nevain\u012bg\u0101 sp\u0113le \u0161\u0137iet nekait\u012bgs joks, jo katrs ir p\u0101rliecin\u0101ts, ka vi\u0146am nav, ko sl\u0113pt, ta\u010du paties\u012bba ir pavisam cit\u0101d\u0101ka, filmas si\u017eetu ieskic\u0113 producenti.<\/p>\n<p>Lomas film\u0101 atveido D\u0101rta Danevi\u010da, Dainis Gr\u016bbe, Intars Re\u0161etins-P\u0113tersons, Linda Kalni\u0146a, M\u0101rti\u0146\u0161 Eglienis, J\u0101nis \u0100manis, Anete Kurs\u012bte un Santa Breik\u0161a.<\/p>\n<p><a href=\"https:\/\/www.apollo.lv\/term\/592730\/filma\" class=\"topicLink\" target=\"_blank\" rel=\"nofollow noopener\">Filma<\/a> &#8220;Perfektie&#8221; uz\u0146emta tr\u012bs valstu versij\u0101s &#8211; Latvijas, Lietuvas un Igaunijas &#8211; vien\u0101s un taj\u0101s pa\u0161\u0101s lok\u0101cij\u0101s Vi\u013c\u0146\u0101. Latvijas versijas re\u017eisors ir D\u017eilind\u017eers, producents &#8211; Kristians Alhimionoks. Ori\u0123in\u0101lo scen\u0101riju sarakst\u012bja D\u017eenov\u0113ze, Filipo Bolo\u0146ja un Paolo Kostella, bet adapt\u0101ciju veidojis D\u017eilind\u017eers. Filmas operators ir Mihkels Soe, m\u0101kslinieks &#8211; Gregs Zundelovi\u010ds, bet kost\u012bmu m\u0101ksliniece &#8211; Anda \u0160\u010derbaka.<\/p>\n","protected":false},"excerpt":{"rendered":"D\u017eilind\u017eera re\u017eis\u0113t\u0101 meln\u0101 humora kom\u0113dija &#8220;Perfektie&#8221; veidota p\u0113c it\u0101\u013cu re\u017eisora Paolo D\u017eenov\u0113zes filmas &#8220;Perfektie sve\u0161inieki&#8221; jeb &#8220;Perfetti sconosciuti&#8221;.&hellip;\n","protected":false},"author":2,"featured_media":84201,"comment_status":"","ping_status":"","sticky":false,"template":"","format":"standard","meta":{"footnotes":""},"categories":[19],"tags":[89,2934,2356,90,1226,35,39,38,36,37,34,40],"class_list":{"0":"post-85763","1":"post","2":"type-post","3":"status-publish","4":"format-standard","5":"has-post-thumbnail","7":"category-izklaide","8":"tag-entertainment","9":"tag-filma","10":"tag-filmas","11":"tag-izklaide","12":"tag-kino","13":"tag-latvia","14":"tag-latvian","15":"tag-latviesu","16":"tag-latviesu-valoda","17":"tag-latviesuvaloda","18":"tag-latvija","19":"tag-lv"},"share_on_mastodon":{"url":"https:\/\/pubeurope.com\/@lv\/115780170760424422","error":""},"_links":{"self":[{"href":"https:\/\/www.europesays.com\/lv\/wp-json\/wp\/v2\/posts\/85763","targetHints":{"allow":["GET"]}}],"collection":[{"href":"https:\/\/www.europesays.com\/lv\/wp-json\/wp\/v2\/posts"}],"about":[{"href":"https:\/\/www.europesays.com\/lv\/wp-json\/wp\/v2\/types\/post"}],"author":[{"embeddable":true,"href":"https:\/\/www.europesays.com\/lv\/wp-json\/wp\/v2\/users\/2"}],"replies":[{"embeddable":true,"href":"https:\/\/www.europesays.com\/lv\/wp-json\/wp\/v2\/comments?post=85763"}],"version-history":[{"count":0,"href":"https:\/\/www.europesays.com\/lv\/wp-json\/wp\/v2\/posts\/85763\/revisions"}],"wp:featuredmedia":[{"embeddable":true,"href":"https:\/\/www.europesays.com\/lv\/wp-json\/wp\/v2\/media\/84201"}],"wp:attachment":[{"href":"https:\/\/www.europesays.com\/lv\/wp-json\/wp\/v2\/media?parent=85763"}],"wp:term":[{"taxonomy":"category","embeddable":true,"href":"https:\/\/www.europesays.com\/lv\/wp-json\/wp\/v2\/categories?post=85763"},{"taxonomy":"post_tag","embeddable":true,"href":"https:\/\/www.europesays.com\/lv\/wp-json\/wp\/v2\/tags?post=85763"}],"curies":[{"name":"wp","href":"https:\/\/api.w.org\/{rel}","templated":true}]}}