{"id":85782,"date":"2025-12-25T13:03:15","date_gmt":"2025-12-25T13:03:15","guid":{"rendered":"https:\/\/www.europesays.com\/lv\/85782\/"},"modified":"2025-12-25T13:03:15","modified_gmt":"2025-12-25T13:03:15","slug":"polija-atgriezas-arvien-vairak-savulaik-uz-lielbritaniju-izcelojuso-pilsonu-raksts","status":"publish","type":"post","link":"https:\/\/www.europesays.com\/lv\/85782\/","title":{"rendered":"Polij\u0101 atgrie\u017eas arvien vair\u0101k savulaik uz Lielbrit\u0101niju izce\u013coju\u0161o pilso\u0146u \/ Raksts"},"content":{"rendered":"<p>&#8220;Liel\u0101 po\u013cu izce\u013co\u0161ana&#8221; \u2013 t\u0101 britu medijs &#8220;Daily Mail&#8221; raksturo p\u0113d\u0113jos gados nov\u0113rojamo tendenci, ka arvien vair\u0101k Polijas pilso\u0146u pamet Lielbrit\u0101niju un atgrie\u017eas Polij\u0101. K\u0101 galvenos iemeslus \u0161\u0101dam l\u0113mumam po\u013ci min noziedz\u012bbas pieaugumu Apvienotaj\u0101 Karalist\u0113, arvien liel\u0101ku birokr\u0101tisko slogu, k\u0101 ar\u012b dz\u012bves l\u012bme\u0146a pazemin\u0101\u0161anos.\u00a0<\/p>\n<p><a id=\"1\" name=\"1\">Arvien vair\u0101k po\u013cu izv\u0113las atgriezties m\u0101j\u0101s\u00a0<\/a><\/p>\n<p>Lielbrit\u0101nij\u0101 \u0161obr\u012bd m\u012bt ap 750 t\u016bksto\u0161iem po\u013cu. Ta\u010du \u0161\u012bs diasporas apm\u0113rs strauji samazin\u0101s. Piem\u0113ram, \u0161ogad l\u012bdz j\u016bnijam Polij\u0101 no Apvienot\u0101s Karalistes pavisam atgriezu\u0161ies 18 t\u016bksto\u0161i cilv\u0113ku.\u00a0<\/p>\n<p>Prognozes gan liecina, ka to po\u013cu skats, kas Lielbrit\u0101niju pamet\u012bs par labu dz\u012bvei sav\u0101 dzimten\u0113,\u00a0tikai turpin\u0101s augt. Britu izdevums &#8220;Daily Mail&#8221; \u0161o fenomenu nod\u0113v\u0113jis par &#8220;po\u013cu lielo izce\u013co\u0161anu&#8221;. Un k\u0101 galvenos iemeslus \u0161\u0101dam l\u0113mumam gan aptauj\u0101tie cilv\u0113ki, gan ar\u012b eksperti sauc Polijas ekonomisko uzplaukumu.\u00a0<\/p>\n<p><a name=\"2\">Polijas pilso\u0146i \u2013\u00a0viena no liel\u0101kaj\u0101m diaspor\u0101m Lielbrit\u0101nij\u0101\u00a0<\/a><\/p>\n<p>Dr\u012bz p\u0113c Polijas iest\u0101\u0161an\u0101s Eiropas Savien\u012bb\u0101 (ES) 2004. gad\u0101 liela da\u013ca valsts iedz\u012bvot\u0101ju dev\u0101s uz Lielbrit\u0101niju lab\u0101kas dz\u012bves mekl\u0113jumos. 2022.\u00a0gad\u0101 <a href=\"https:\/\/migrationobservatory.ox.ac.uk\/resources\/briefings\/migrants-in-the-uk-an-overview\/\" target=\"_blank\" rel=\"nofollow noopener\">aptuveni <\/a>16\u00a0% Apvienot\u0101s Karalistes iedz\u012bvot\u0101ju bija \u0101rvalst\u012bs dzimu\u0161i cilv\u0113ki, bet po\u013ci veidoja vienu no liel\u0101kaj\u0101m \u0161\u0101d\u0101m \u0101rvalstnieku diaspor\u0101m.\u00a0<\/p>\n<p>Pirms trim gadiem aptuveni tre\u0161da\u013ca no visiem \u0101rvalst\u012bs dzimu\u0161ajiem Apvienot\u0101s Karalistes iedz\u012bvot\u0101jiem n\u0101ca no piec\u0101m valst\u012bm \u2013 Indijas (9\u00a0%), Polijas (8\u00a0%), Pakist\u0101nas (6\u00a0%), Rum\u0101nijas (5\u00a0%) un \u012arijas (4\u00a0%).\u00a0<\/p>\n<p>Ar\u012b \u0161obr\u012bd uz Lielbrit\u0101niju turpina ce\u013cot iev\u0113rojams skaits po\u013cu \u2013\u00a0\u0161\u012b gada pirmajos se\u0161os m\u0113ne\u0161os aptuveni 7000 cilv\u0113ku \u2013, ta\u010du arvien liel\u0101ks \u0161\u012bs valsts iedz\u012bvot\u0101ju skaits ar\u012b izce\u013co no Lielbrit\u0101nijas, lai sav\u0101 dzimten\u0113 atgrieztos pavisam.\u00a0<\/p>\n<p><a id=\"3\" name=\"3\">Po\u013cus uz dzimteni vilina augo\u0161\u0101 ekonomika un dz\u012bves l\u012bmenis\u00a0<\/a><\/p>\n<p>Ekonomistu prognozes liecina, ka Polijas iek\u0161zemes kopprodukts (IKP) uz vienu iedz\u012bvot\u0101ju l\u012bdz 2026. gadam p\u0101rsniegs Jap\u0101nas r\u0101d\u012bt\u0101ju (p\u0113c pirktsp\u0113jas parit\u0101tes), ko veicina zem\u0101ki nodok\u013ci uz\u0146\u0113mumiem, zem\u0101kas dz\u012bves izmaksas un iev\u0113rojama infrastrukt\u016bras att\u012bst\u012bba re\u0123ion\u0101lajos centros.\u00a0<\/p>\n<p>Jau v\u0113st\u012bts, ka \u0161ogad Polijas IKP p\u0101rsniedzis vienu triljonu dol\u0101ru un n\u0101kamgad t\u0101 pievienosies ar\u012b G20 jeb pasaules ekonomiski liel\u0101ko valstu grupai.\u00a0<\/p>\n<blockquote>\n<p>Turkl\u0101t, ja \u0161\u0101da aug\u0161upejo\u0161a\u00a0tendence turpin\u0101sies, tad ap 2030. gadu vid\u0113j\u0101 po\u013cu \u0123imene dz\u012bvos lab\u0101k nek\u0101 briti, kurus vi\u0146i reiz apskauda.\u00a0<\/p>\n<\/blockquote>\n<p>Polijas premjerministrs Donalds Tusks v\u0113rt\u0113ja, ka repatrianti dzimten\u0113 bie\u017ei vien atgrie\u017eas t\u0101p\u0113c, ka var nopeln\u012bt vair\u0101k, jo \u012bpa\u0161i jaun\u0101s, strauji augo\u0161\u0101s nozar\u0113s, piem\u0113ram, atjaunojam\u0101s ener\u0123ijas un\u00a0kodolener\u0123ijas projektos.\u00a0<\/p>\n<blockquote>\n<p>Un, lai ar\u012b liel\u0101 da\u013c\u0101 nozaru algas joproj\u0101m ir zem\u0101kas nek\u0101 Lielbrit\u0101nij\u0101, Polij\u0101 ir ar\u012b maz\u0101ki nodok\u013ci, nekustam\u0101 \u012bpa\u0161uma, da\u017e\u0101du pre\u010du un pakalpojumu cenas, radot kopum\u0101 lab\u0101kus dz\u012bves apst\u0101k\u013cus nek\u0101 Lielbrit\u0101nij\u0101.\u00a0<\/p>\n<\/blockquote>\n<p>V\u0113l viens svar\u012bgs faktors ir ar\u012b tas, ka, neraugoties uz infl\u0101ciju, algas Apvienotaj\u0101 Karalist\u0113 kop\u0161 2004. gada gandr\u012bz nav pieaugu\u0161as, kam\u0113r Polij\u0101 taj\u0101 pa\u0161\u0101\u00a0period\u0101 samaksa par darbu ir \u010detrk\u0101r\u0161ojusies.\u00a0<\/p>\n<p>K\u0101 v\u0113l viens gana svar\u012bgs iemesls tiek min\u0113ti ar\u012b migr\u0101cijas ierobe\u017eojumi \u2013\u00a0da\u013ca po\u013cu, jo \u012bpa\u0161i p\u0113c &#8220;Brexit&#8221;,\u00a0baid\u0101s, ka\u00a0vairs nevar\u0113s tik viegli str\u0101d\u0101t Lielbrit\u0101nij\u0101 un apmekl\u0113t Poliju.\u00a0<\/p>\n<p><a name=\"4\">Valsts pan\u0101kumus skaidro ar labu pl\u0101no\u0161anu un v\u0113lmi m\u0101c\u012bties\u00a0<\/a><\/p>\n<p>Ekonomisti \u0161os pan\u0101kumus skaidro ar labu pl\u0101no\u0161anu p\u0113c komunisma sagr\u016b\u0161anas valst\u012b, k\u0101 rezult\u0101t\u0101 bankrot\u0113ju\u0161\u0101s r\u016bpniec\u012bbas nozares tika nodotas labi p\u0101rvald\u012btiem \u0101rvalstu investoriem, nevis oligarhiem.\u00a0<\/p>\n<p>T\u0101pat k\u0101 viens no svar\u012bgiem atbalsta punktiem min\u0113ti Eiropas Savien\u012bbas atbalsta meh\u0101nismi, kurus valsts sa\u0146\u0113ma p\u0113c pievieno\u0161an\u0101s valstu blokam.\u00a0<\/p>\n<p>Aptauj\u0101jot m\u0101j\u0101s atgriezu\u0161os po\u013cus, &#8220;Daily Mail&#8221; ar\u012b izce\u013c, ka v\u0113l viens svar\u012bgs \u0161\u012b veiksmes st\u0101sta pamats ir Polijas gatav\u012bba m\u0101c\u012bties un piel\u0101goties laikam.\u00a0Piem\u0113ram, b\u016bv\u0113jot jaunu apvedce\u013cu pie Gda\u0146skas, pa\u0161vald\u012bbas vad\u012bt\u0101ji l\u016bkoja p\u0113c padoma pie britu b\u016bvuz\u0146\u0113mumiem. Bet, sekojot laikam, ku\u0123u b\u016bv\u0113tav\u0101s tagad tiek rad\u012btas ar\u012b j\u016bras v\u0113ja turb\u012bnas.\u00a0<\/p>\n<p><a name=\"5\">Polijas atdzim\u0161anas simbols \u2013\u00a0Gda\u0146ska\u00a0<\/a><\/p>\n<p>Par Polijas atdzim\u0161anas simbolu k\u013cuvusi Gda\u0146ska, kur\u0101 tagad atrodas modern\u0101 starptautisk\u0101 Leha Valensas lidosta. Pils\u0113tu ar citiem Polijas re\u0123ioniem savieno \u0101trgaitas dzelzce\u013c\u0161. Tur atrodas ar\u012b\u00a0moderni biznesa centri, kuros iek\u0101rtoju\u0161ies glob\u0101li uz\u0146\u0113mumi. Bezdarba l\u012bmenis valst\u012b ir zem 3\u00a0%, t\u0101 samazin\u0101\u0161anos veicin\u0101jusi kvalific\u0113tu repatriantu un selekt\u012bvas ekonomisk\u0101s imigr\u0101cijas kombin\u0101cija.\u00a0Un, lai gan ukrai\u0146i un baltkrievi veido teju piekto da\u013cu no Gda\u0146skas kopum\u0101 480 t\u016bksto\u0161iem iedz\u012bvot\u0101ju, \u0161o cilv\u0113ku iera\u0161an\u0101s nav palielin\u0101jusi bezdarbu.\u00a0<\/p>\n<p>L\u012bdz\u012bgi drosm\u012bgi att\u012bst\u012bbas projekti ienesu\u0161i svaigu elpu ar\u012b cit\u0101s Polijas pils\u0113t\u0101s, piem\u0113ram, Krakov\u0101, kas tiek d\u0113v\u0113ta par jauno Sil\u012bcija ieleju jeb tehnolo\u0123iju centru. Savuk\u0101rt Lodza k\u013cuvusi par Eiropas jaun\u0101ko filmu un modes centru. Da\u013ca ekspertu pat uzskata, ka Polija atrodas uz jauna &#8220;zelta laikmeta&#8221; sliek\u0161\u0146a, kas atbilst 16. gadsimta Polijas\u2013Lietuvas kopvalsts bag\u0101t\u012bbai un varai.<\/p>\n<p>                    Valodas k\u013c\u016bda rakst\u0101?<\/p>\n<p class=\"d-none d-md-block\">Iez\u012bm\u0113jiet tekstu un spiediet Ctrl+Enter, lai nos\u016bt\u012btu labojamo teksta fragmentu redaktoram! Par faktu k\u013c\u016bd\u0101m l\u016bdzam zi\u0146ot e-past\u0101 <a href=\"https:\/\/www.lsm.lv\/cdn-cgi\/l\/email-protection\" class=\"__cf_email__\" data-cfemail=\"790b1c1d18121a10131839150a1457150f\" rel=\"nofollow noopener\" target=\"_blank\">[email\u00a0protected]<\/a>.<\/p>\n<p class=\"d-md-none\">Iez\u012bm\u0113jiet tekstu un spiediet uz Zi\u0146ot par k\u013c\u016bdu pogas, lai nos\u016bt\u012btu labojamo teksta fragmentu redaktoram!<\/p>\n<p>\n                    Zi\u0146ot par k\u013c\u016bdu\n                <\/p>\n","protected":false},"excerpt":{"rendered":"&#8220;Liel\u0101 po\u013cu izce\u013co\u0161ana&#8221; \u2013 t\u0101 britu medijs &#8220;Daily Mail&#8221; raksturo p\u0113d\u0113jos gados nov\u0113rojamo tendenci, ka arvien vair\u0101k Polijas&hellip;\n","protected":false},"author":2,"featured_media":85783,"comment_status":"","ping_status":"","sticky":false,"template":"","format":"standard","meta":{"footnotes":""},"categories":[14],"tags":[23,57,28,29,32,33,22,30,31,35,39,38,36,37,34,40,20,26,27,24,25,54,55,56,21,58],"class_list":{"0":"post-85782","1":"post","2":"type-post","3":"status-publish","4":"format-standard","5":"has-post-thumbnail","7":"category-zinas-no-arvalstim","8":"tag-aktualitates","9":"tag-arvalstim","10":"tag-breaking-news","11":"tag-breakingnews","12":"tag-featured-news","13":"tag-featurednews","14":"tag-headlines","15":"tag-latest-news","16":"tag-latestnews","17":"tag-latvia","18":"tag-latvian","19":"tag-latviesu","20":"tag-latviesu-valoda","21":"tag-latviesuvaloda","22":"tag-latvija","23":"tag-lv","24":"tag-news","25":"tag-popularakas-zinas","26":"tag-popularakaszinas","27":"tag-top-stories","28":"tag-topstories","29":"tag-world","30":"tag-world-news","31":"tag-worldnews","32":"tag-zinas","33":"tag-zinas-no-arvalstim"},"share_on_mastodon":{"url":"https:\/\/pubeurope.com\/@lv\/115780347846380102","error":""},"_links":{"self":[{"href":"https:\/\/www.europesays.com\/lv\/wp-json\/wp\/v2\/posts\/85782","targetHints":{"allow":["GET"]}}],"collection":[{"href":"https:\/\/www.europesays.com\/lv\/wp-json\/wp\/v2\/posts"}],"about":[{"href":"https:\/\/www.europesays.com\/lv\/wp-json\/wp\/v2\/types\/post"}],"author":[{"embeddable":true,"href":"https:\/\/www.europesays.com\/lv\/wp-json\/wp\/v2\/users\/2"}],"replies":[{"embeddable":true,"href":"https:\/\/www.europesays.com\/lv\/wp-json\/wp\/v2\/comments?post=85782"}],"version-history":[{"count":0,"href":"https:\/\/www.europesays.com\/lv\/wp-json\/wp\/v2\/posts\/85782\/revisions"}],"wp:featuredmedia":[{"embeddable":true,"href":"https:\/\/www.europesays.com\/lv\/wp-json\/wp\/v2\/media\/85783"}],"wp:attachment":[{"href":"https:\/\/www.europesays.com\/lv\/wp-json\/wp\/v2\/media?parent=85782"}],"wp:term":[{"taxonomy":"category","embeddable":true,"href":"https:\/\/www.europesays.com\/lv\/wp-json\/wp\/v2\/categories?post=85782"},{"taxonomy":"post_tag","embeddable":true,"href":"https:\/\/www.europesays.com\/lv\/wp-json\/wp\/v2\/tags?post=85782"}],"curies":[{"name":"wp","href":"https:\/\/api.w.org\/{rel}","templated":true}]}}