{"id":85791,"date":"2025-12-25T13:16:09","date_gmt":"2025-12-25T13:16:09","guid":{"rendered":"https:\/\/www.europesays.com\/lv\/85791\/"},"modified":"2025-12-25T13:16:09","modified_gmt":"2025-12-25T13:16:09","slug":"aptuveni-2700-sadales-tikla-klientu-valmiera-trauceta-elektroapgade","status":"publish","type":"post","link":"https:\/\/www.europesays.com\/lv\/85791\/","title":{"rendered":"Aptuveni 2700 &#8220;Sadales t\u012bkla&#8221; klientu Valmier\u0101 trauc\u0113ta elektroapg\u0101de"},"content":{"rendered":"<p>Plkst. 12.06 re\u0123istr\u0113ts tehnolo\u0123isks trauc\u0113jums vid\u0113j\u0101 sprieguma elektrot\u012bkl\u0101, ietekm\u0113jot aptuveni 2700 klientu elektroapg\u0101di Valmier\u0101 &#8211; Georga Api\u0146a, Be\u0101tes, Annas, Rubenes ielas apkaim\u0113.<\/p>\n<p>&#8220;Sadales t\u012bkla&#8221; operat\u012bv\u0101 darba brig\u0101de nekav\u0113joties ir s\u0101kusi boj\u0101juma lokaliz\u0101ciju, lai visiem klientiem atjaunotu elektroener\u0123ijas pieg\u0101di p\u0113c iesp\u0113jas \u0101tr\u0101k.<\/p>\n<p>Elektroapg\u0101des trauc\u0113jumu iemesls tiek noskaidrots.<\/p>\n<p>&#8220;Sadales t\u012bkls&#8221; ir valstij piedero\u0161aj\u0101 &#8220;Latvenergo&#8221; koncern\u0101 ietilpsto\u0161s elektrot\u012bkla uztur\u0113t\u0101js un att\u012bst\u012bt\u0101js Latvij\u0101. Komp\u0101nija nodro\u0161ina sadales elektrot\u012bklu ekspluat\u0101ciju, atjauno\u0161anu un pl\u0101nveida att\u012bst\u012bbu, elektroener\u0123ijas izlieto\u0161anas uzraudz\u012bbu, zudumu samazin\u0101\u0161anas pas\u0101kumus un elektroener\u0123ijas uzskaiti, k\u0101 ar\u012b veic jaunu piesl\u0113gumu izveidi.<\/p>\n","protected":false},"excerpt":{"rendered":"Plkst. 12.06 re\u0123istr\u0113ts tehnolo\u0123isks trauc\u0113jums vid\u0113j\u0101 sprieguma elektrot\u012bkl\u0101, ietekm\u0113jot aptuveni 2700 klientu elektroapg\u0101di Valmier\u0101 &#8211; Georga Api\u0146a, Be\u0101tes,&hellip;\n","protected":false},"author":2,"featured_media":85792,"comment_status":"","ping_status":"","sticky":false,"template":"","format":"standard","meta":{"footnotes":""},"categories":[12],"tags":[23,28,29,3681,32,33,22,30,31,35,39,38,36,37,34,40,20,26,27,5238,24,25,481,21],"class_list":{"0":"post-85791","1":"post","2":"type-post","3":"status-publish","4":"format-standard","5":"has-post-thumbnail","7":"category-latvija","8":"tag-aktualitates","9":"tag-breaking-news","10":"tag-breakingnews","11":"tag-elektroenergija","12":"tag-featured-news","13":"tag-featurednews","14":"tag-headlines","15":"tag-latest-news","16":"tag-latestnews","17":"tag-latvia","18":"tag-latvian","19":"tag-latviesu","20":"tag-latviesu-valoda","21":"tag-latviesuvaloda","22":"tag-latvija","23":"tag-lv","24":"tag-news","25":"tag-popularakas-zinas","26":"tag-popularakaszinas","27":"tag-sadales-tikls","28":"tag-top-stories","29":"tag-topstories","30":"tag-valmiera","31":"tag-zinas"},"share_on_mastodon":{"url":"https:\/\/pubeurope.com\/@lv\/115780398985095481","error":""},"_links":{"self":[{"href":"https:\/\/www.europesays.com\/lv\/wp-json\/wp\/v2\/posts\/85791","targetHints":{"allow":["GET"]}}],"collection":[{"href":"https:\/\/www.europesays.com\/lv\/wp-json\/wp\/v2\/posts"}],"about":[{"href":"https:\/\/www.europesays.com\/lv\/wp-json\/wp\/v2\/types\/post"}],"author":[{"embeddable":true,"href":"https:\/\/www.europesays.com\/lv\/wp-json\/wp\/v2\/users\/2"}],"replies":[{"embeddable":true,"href":"https:\/\/www.europesays.com\/lv\/wp-json\/wp\/v2\/comments?post=85791"}],"version-history":[{"count":0,"href":"https:\/\/www.europesays.com\/lv\/wp-json\/wp\/v2\/posts\/85791\/revisions"}],"wp:featuredmedia":[{"embeddable":true,"href":"https:\/\/www.europesays.com\/lv\/wp-json\/wp\/v2\/media\/85792"}],"wp:attachment":[{"href":"https:\/\/www.europesays.com\/lv\/wp-json\/wp\/v2\/media?parent=85791"}],"wp:term":[{"taxonomy":"category","embeddable":true,"href":"https:\/\/www.europesays.com\/lv\/wp-json\/wp\/v2\/categories?post=85791"},{"taxonomy":"post_tag","embeddable":true,"href":"https:\/\/www.europesays.com\/lv\/wp-json\/wp\/v2\/tags?post=85791"}],"curies":[{"name":"wp","href":"https:\/\/api.w.org\/{rel}","templated":true}]}}