{"id":85816,"date":"2025-12-25T13:37:09","date_gmt":"2025-12-25T13:37:09","guid":{"rendered":"https:\/\/www.europesays.com\/lv\/85816\/"},"modified":"2025-12-25T13:37:09","modified_gmt":"2025-12-25T13:37:09","slug":"kongo-dr-senegala-nigerija-un-tunisija-maroka-demonstre-agrinus-speka-apliecinajumus-lente-lv","status":"publish","type":"post","link":"https:\/\/www.europesays.com\/lv\/85816\/","title":{"rendered":"Kongo DR, Seneg\u0101la, Nig\u0113rija un Tunisija Marok\u0101 demonstr\u0113 agr\u012bnus sp\u0113ka apliecin\u0101jumus\u00a0\u2014\u00a0Lente.lv"},"content":{"rendered":"<p>AFCON 2025 iesild\u0101s ar sp\u0113c\u012bgiem s\u0101kumiem<\/p>\n<p>Ar aizraujo\u0161\u0101m sp\u0113l\u0113m C un D apak\u0161grup\u0101s Marok\u0101 ir s\u0101ku\u0161\u0101s \u0100frikas N\u0101ciju kausa (AFCON) 2025 c\u012b\u0146as, kur\u0101s jau pa\u0161\u0101 s\u0101kum\u0101 savu nodomu apliecin\u0101ja vair\u0101ki turn\u012bra favor\u012bti, pied\u0101v\u0101jot skat\u012bt\u0101jiem v\u0101rtus un lielisku atmosf\u0113ru. K\u0101 inform\u0113 telekan\u0101ls EuroNews, pirm\u0101s sp\u0113les deva daudz intrigas un p\u0101rliecino\u0161us rezult\u0101tus.<\/p>\n<p>D grupas sasprindzin\u0101jums Rabat\u0101 un Tang\u0113r\u0101<\/p>\n<p>Galvaspils\u0113t\u0101 Rab\u0101t\u0101 Demokr\u0101tisk\u0101 Kongo Republika (DR Kongo) aizvad\u012bja \u013coti spraigu D grupas atkl\u0101\u0161anas sp\u0113li pret Beninu, nosl\u0113dzot to ar minim\u0101lu uzvaru. Pirmaj\u0101 puslaik\u0101 Teo Bongonda izmantoja pretinieku aizsardz\u012bbas k\u013c\u016bdu un nodro\u0161in\u0101ja DR Kongo vad\u012bbu. Neskatoties uz Beninas centieniem pan\u0101kt izl\u012bdzin\u0101jumu, \u201cLeopardi\u201d Al Madina stadion\u0101, dz\u012bv\u012bgiem l\u012bdzjut\u0113ju atbalst\u012bti, notur\u0113ja vad\u012bbu un izc\u012bn\u012bja tr\u012bs punktus.<\/p>\n<p>P\u0113c sp\u0113les DR Kongo uzbruc\u0113js Fistons Majele atzina: <\/p>\n<blockquote><p>M\u0113s izdar\u012bj\u0101m to, kas bija j\u0101dara, lai ieg\u016btu tr\u012bs punktus.<\/p><\/blockquote>\n<p> Savuk\u0101rt aizsargs St\u012bvs Kapuadi slav\u0113ja atbalst\u012bt\u0101jus: <\/p>\n<blockquote><p>M\u016bsu atbalst\u012bt\u0101ji bija ieradu\u0161ies mums l\u012bdzi. Vi\u0146i bija kl\u0101teso\u0161i kop\u0101 ar citiem. T\u0101p\u0113c tas bija \u013coti jauki.<\/p><\/blockquote>\n<p> Lai gan Beninas aizsargs Olivj\u0113 Verdons atzina sak\u0101vi, vi\u0146\u0161 izc\u0113la pozit\u012bvo noska\u0146ojumu, nosaucot atmosf\u0113ru un stadionu par labu, un uzsv\u0113ra, ka komanda \u201cturpin\u0101s iet uz priek\u0161u\u201d. <\/p>\n<p>D grupas otr\u0101 sp\u0113le norisin\u0101j\u0101s Tang\u0113r\u0101, Marokas v\u0101rtos uz \u0100friku un Eiropu, kur Seneg\u0101la p\u0101rliecino\u0161i p\u0101rsp\u0113ja Botsv\u0101nu. \u201cTeranga lauvas\u201d \u0101tri p\u0101r\u0146\u0113ma iniciat\u012bvu un neizlaida to no rok\u0101m l\u012bdz pat ma\u010da beig\u0101m. Nikol\u0101 \u017daksons guva v\u0101rtus katr\u0101 puslaik\u0101, bet \u0160erifs Ndiaje ma\u010da galotn\u0113 pan\u0101ca 3:0.<\/p>\n<p>\u017daksons, kur\u0161 kop\u0161 vasaras p\u0101rejas no \u201cChelsea\u201d nav sa\u0146\u0113mis daudz sp\u0113les laika Minhenes \u201cBayern\u201d, palaida gar\u0101m virkni citu iesp\u0113ju. Vi\u0146a pirmo metienu atvair\u012bja v\u0101rtsargs Fokons, p\u0113c tam Pape Gej\u0113 sita p\u0101ri v\u0101rtiem, un Fokons atkal lieliski atsita M\u0113nes v\u0101rtu g\u016b\u0161anas m\u0113\u0123in\u0101jumu. P\u0113c daudzu momentu nerealiz\u0113\u0161anas, \u017daksons beidzot atkl\u0101ja rezult\u0101tu 40. min\u016bt\u0113, viegli ievirzot bumbu v\u0101rtos p\u0113c Ismaila Jakobsa \u0101tras centr\u0113\u0161anas.<\/p>\n<p>Otraj\u0101 puslaik\u0101 Botsv\u0101na s\u0101kotn\u0113ji demonstr\u0113ja liel\u0101ku uzbrukuma amb\u012bciju, ta\u010du tas sniedza \u201cTeranga lauvas\u201d vair\u0101k iesp\u0113ju veidot pretuzbrukumus, un Seneg\u0101la \u0101tri atjaunoja savu dominanci. \u0160ie rezult\u0101ti paredz \u013coti svar\u012bgu D grupas sp\u0113li starp Seneg\u0101lu un DR Kongo Tang\u0113r\u0101 sestdien, kur abas komandas cent\u012bsies nostiprin\u0101t savu poz\u012bciju grupas galvgal\u012b.<\/p>\n<p>Nig\u0113rijas un Tunisijas uzvaras C grup\u0101<\/p>\n<p>C grup\u0101 uzman\u012bba tika piev\u0113rsta F\u0113sai, v\u0113sturiskai un ros\u012bgai pils\u0113tai, kur\u0101 atrodas viens no AFCON 2025 galvenajiem notikumu laukumiem. Nig\u0113rija s\u0101ka savu kampa\u0146u pret Tanz\u0101niju stadion\u0101, kas vibr\u0113ja no ener\u0123ijas. Semi Ajayi izvirz\u012bja \u201cSuper Eagles\u201d vad\u012bb\u0101, ta\u010du Tanz\u0101nija atsp\u0113l\u0113j\u0101s jau dr\u012bz p\u0113c otr\u0101 puslaika s\u0101kuma. Tom\u0113r Ademola Lukmans atjaunoja Nig\u0113rijas p\u0101rsvaru, un tr\u012bsk\u0101rt\u0113jie \u0100frikas \u010dempioni notur\u0113ja gr\u016bti izc\u012bn\u012bto uzvaru.<\/p>\n<p>Nig\u0113rijas zvaigzne Viktors Osimens, kuram pirms tam tika neieskait\u012bti v\u0101rti aizmugures st\u0101vok\u013ca d\u0113\u013c, bija neapmierin\u0101ts, tiekot nomain\u012bts 86. min\u016bt\u0113. Tanz\u0101nijas pus\u0113 Ibrahimam Hamadam bija p\u0113d\u0113j\u0101 iesp\u0113ja main\u012bt rezult\u0101tu, bet AFCON iepriek\u0161\u0113j\u0101s ed\u012bcijas fin\u0101listi ar savu pieredzi galu gal\u0101 sp\u0113ja notur\u0113t vad\u012bbu.<\/p>\n<p>Atgrie\u017eoties Rabat\u0101, Tunisija uzs\u0101ka savu turn\u012bru pret Ugandu Princa Mulaja Abdell\u0101ha stadion\u0101. Eljess \u0160hiri guva pirmos v\u0101rtus agri, bet Aniss A\u0161\u016bri pievienoja v\u0113l divus, nost\u0101dot \u201cKart\u0101gas \u0113rg\u013cus\u201d piln\u012bg\u0101 kontrol\u0113. Ugandai izdev\u0101s g\u016bt v\u0101rtus c\u012b\u0146as beig\u0101s, ta\u010du Tunisijas 3:1 uzvara iez\u012bm\u0113ja vi\u0146u pirmo atkl\u0101\u0161anas ma\u010da pan\u0101kumu AFCON p\u0113d\u0113jo 12 gadu laik\u0101 un sagatavoja augstas likmes sp\u0113li pret Nig\u0113riju F\u0113s\u0101 sestdien.<\/p>\n<p>Sv\u0113tku gars virmo \u0101rpus laukuma<\/p>\n<p>Kam\u0113r laukum\u0101 risin\u0101j\u0101s sp\u0113les, AFCON gars bija tikpat dz\u012bvs ar\u012b \u0101rpus t\u0101. Laaj\u016bn\u0101, Marokas dienvidu Laaj\u016bnas-Sakijas el Hamras re\u0123ion\u0101, l\u012bdzjut\u0113ji piepild\u012bja ofici\u0101lo fanu zonu ar m\u016bziku, dej\u0101m un sv\u0113tku saj\u016btu. Spilgtas drona \u0161ova gaismas nakts debesis izgaismoja ar turn\u012bra t\u0113liem, un svin\u012bbas turpin\u0101j\u0101s l\u012bdz pat v\u0113lam vakaram.<\/p>\n","protected":false},"excerpt":{"rendered":"AFCON 2025 iesild\u0101s ar sp\u0113c\u012bgiem s\u0101kumiem Ar aizraujo\u0161\u0101m sp\u0113l\u0113m C un D apak\u0161grup\u0101s Marok\u0101 ir s\u0101ku\u0161\u0101s \u0100frikas N\u0101ciju&hellip;\n","protected":false},"author":2,"featured_media":85817,"comment_status":"","ping_status":"","sticky":false,"template":"","format":"standard","meta":{"footnotes":""},"categories":[17],"tags":[20626,17512,35,39,38,36,37,34,40,21019,8752,21541,67],"class_list":{"0":"post-85816","1":"post","2":"type-post","3":"status-publish","4":"format-standard","5":"has-post-thumbnail","7":"category-sports","8":"tag-afcon-2025","9":"tag-kongo-dr","10":"tag-latvia","11":"tag-latvian","12":"tag-latviesu","13":"tag-latviesu-valoda","14":"tag-latviesuvaloda","15":"tag-latvija","16":"tag-lv","17":"tag-maroka","18":"tag-nigerija","19":"tag-senegala","20":"tag-sports"},"share_on_mastodon":{"url":"https:\/\/pubeurope.com\/@lv\/115780481369840111","error":""},"_links":{"self":[{"href":"https:\/\/www.europesays.com\/lv\/wp-json\/wp\/v2\/posts\/85816","targetHints":{"allow":["GET"]}}],"collection":[{"href":"https:\/\/www.europesays.com\/lv\/wp-json\/wp\/v2\/posts"}],"about":[{"href":"https:\/\/www.europesays.com\/lv\/wp-json\/wp\/v2\/types\/post"}],"author":[{"embeddable":true,"href":"https:\/\/www.europesays.com\/lv\/wp-json\/wp\/v2\/users\/2"}],"replies":[{"embeddable":true,"href":"https:\/\/www.europesays.com\/lv\/wp-json\/wp\/v2\/comments?post=85816"}],"version-history":[{"count":0,"href":"https:\/\/www.europesays.com\/lv\/wp-json\/wp\/v2\/posts\/85816\/revisions"}],"wp:featuredmedia":[{"embeddable":true,"href":"https:\/\/www.europesays.com\/lv\/wp-json\/wp\/v2\/media\/85817"}],"wp:attachment":[{"href":"https:\/\/www.europesays.com\/lv\/wp-json\/wp\/v2\/media?parent=85816"}],"wp:term":[{"taxonomy":"category","embeddable":true,"href":"https:\/\/www.europesays.com\/lv\/wp-json\/wp\/v2\/categories?post=85816"},{"taxonomy":"post_tag","embeddable":true,"href":"https:\/\/www.europesays.com\/lv\/wp-json\/wp\/v2\/tags?post=85816"}],"curies":[{"name":"wp","href":"https:\/\/api.w.org\/{rel}","templated":true}]}}