{"id":85830,"date":"2025-12-25T13:53:08","date_gmt":"2025-12-25T13:53:08","guid":{"rendered":"https:\/\/www.europesays.com\/lv\/85830\/"},"modified":"2025-12-25T13:53:08","modified_gmt":"2025-12-25T13:53:08","slug":"konfesiju-parstavji-ziemassvetkos-runa-par-nemieru-pasaule-un-kopigam-vertibam","status":"publish","type":"post","link":"https:\/\/www.europesays.com\/lv\/85830\/","title":{"rendered":"Konfesiju p\u0101rst\u0101vji Ziemassv\u0113tkos run\u0101 par nemieru pasaul\u0113 un kop\u012bg\u0101m v\u0113rt\u012bb\u0101m"},"content":{"rendered":"<p>Latvijas Eva\u0146\u0123\u0113liski luterisk\u0101s bazn\u012bcas R\u012bgas arhib\u012bskaps Rinalds Grants sav\u0101 Ziemassv\u0113tku v\u0113st\u012bjum\u0101 v\u0113l neuztraukties, ja sirdsmiera tr\u016bkst vair\u0101k nek\u0101 ierasts.<\/p>\n<p>&#8220;Ja ir kaut kas, no k\u0101 vajadz\u0113tu izvair\u012bties Ziemsv\u0113tkos, tad t\u0101 ir d\u0101vanas atdo\u0161ana d\u0101vin\u0101t\u0101jam,&#8221; nor\u0101da Grants. Vi\u0146\u0161 uzrun\u0101 skaidro, ka attiec\u012bb\u0101s ar Dievu m\u0113dz t\u0101 notikt.<\/p>\n<p>&#8220;T\u0101p\u0113c neuztrauksimies, ja sirdsmiera daudziem no mums tr\u016bkst vair\u0101k nek\u0101 ierasts. Iesp\u0113jams, tie\u0161i t\u0101 m\u0113s k\u013c\u016bstam gatav\u0101ki sa\u0146emt Vi\u0146u &#8211; Kristu, m\u016bsu mieru,&#8221; uzsver arhib\u012bskaps.<\/p>\n<p>Sav\u0101 v\u0113st\u012bjum\u0101 Grants nor\u0101da, ka iemesli nemieram \u0161aj\u0101 pasaul\u0113 b\u016bs vienm\u0113r.<\/p>\n<p>Vi\u0146\u0161 Ziemassv\u0113tkos nov\u0113l uztic\u0113ties Kristum, nor\u0101dot, ka pat pasaules nemieru, kara un iek\u0161\u0113jo spried\u017eu apst\u0101k\u013cos sirdsmiers ir iesp\u0113jams, ja tas balst\u0101s nevis apst\u0101k\u013cos, bet person\u0101 &#8211; Krist\u016b, kas ir ar mums, t\u0101d\u0113\u013c sirdsmiers k\u013c\u016bst iesp\u0113jams.<\/p>\n<p>V\u0113st\u012bjum\u0101 vi\u0146\u0161 uzsver, ka patiesais miers nesak\u0146ojas apst\u0101k\u013cos vai diplom\u0101tij\u0101, bet Krist\u016b, atsaucoties ar\u012b uz Sv\u0113t\u0101 August\u012bna atzi\u0146u, ka &#8220;Kristus ir m\u016bsu miers&#8221;. Vienlaikus Grants nor\u0101da, ka gr\u0113ka realit\u0101tes ignor\u0113\u0161ana liedz mieram atjaunoties, savuk\u0101rt Kristus upuris \u013cauj cilv\u0113kam s\u0101kt atjaunotu dz\u012bvi.<\/p>\n","protected":false},"excerpt":{"rendered":"Latvijas Eva\u0146\u0123\u0113liski luterisk\u0101s bazn\u012bcas R\u012bgas arhib\u012bskaps Rinalds Grants sav\u0101 Ziemassv\u0113tku v\u0113st\u012bjum\u0101 v\u0113l neuztraukties, ja sirdsmiera tr\u016bkst vair\u0101k nek\u0101&hellip;\n","protected":false},"author":2,"featured_media":85831,"comment_status":"","ping_status":"","sticky":false,"template":"","format":"standard","meta":{"footnotes":""},"categories":[5],"tags":[23,28,29,32,33,22,30,31,35,39,38,36,37,34,40,20,26,27,24,25,15961,9687,21],"class_list":{"0":"post-85830","1":"post","2":"type-post","3":"status-publish","4":"format-standard","5":"has-post-thumbnail","7":"category-aktualitates","8":"tag-aktualitates","9":"tag-breaking-news","10":"tag-breakingnews","11":"tag-featured-news","12":"tag-featurednews","13":"tag-headlines","14":"tag-latest-news","15":"tag-latestnews","16":"tag-latvia","17":"tag-latvian","18":"tag-latviesu","19":"tag-latviesu-valoda","20":"tag-latviesuvaloda","21":"tag-latvija","22":"tag-lv","23":"tag-news","24":"tag-popularakas-zinas","25":"tag-popularakaszinas","26":"tag-top-stories","27":"tag-topstories","28":"tag-ziemas-saulgriezi","29":"tag-ziemassvetki","30":"tag-zinas"},"share_on_mastodon":{"url":"https:\/\/pubeurope.com\/@lv\/115780544314952893","error":""},"_links":{"self":[{"href":"https:\/\/www.europesays.com\/lv\/wp-json\/wp\/v2\/posts\/85830","targetHints":{"allow":["GET"]}}],"collection":[{"href":"https:\/\/www.europesays.com\/lv\/wp-json\/wp\/v2\/posts"}],"about":[{"href":"https:\/\/www.europesays.com\/lv\/wp-json\/wp\/v2\/types\/post"}],"author":[{"embeddable":true,"href":"https:\/\/www.europesays.com\/lv\/wp-json\/wp\/v2\/users\/2"}],"replies":[{"embeddable":true,"href":"https:\/\/www.europesays.com\/lv\/wp-json\/wp\/v2\/comments?post=85830"}],"version-history":[{"count":0,"href":"https:\/\/www.europesays.com\/lv\/wp-json\/wp\/v2\/posts\/85830\/revisions"}],"wp:featuredmedia":[{"embeddable":true,"href":"https:\/\/www.europesays.com\/lv\/wp-json\/wp\/v2\/media\/85831"}],"wp:attachment":[{"href":"https:\/\/www.europesays.com\/lv\/wp-json\/wp\/v2\/media?parent=85830"}],"wp:term":[{"taxonomy":"category","embeddable":true,"href":"https:\/\/www.europesays.com\/lv\/wp-json\/wp\/v2\/categories?post=85830"},{"taxonomy":"post_tag","embeddable":true,"href":"https:\/\/www.europesays.com\/lv\/wp-json\/wp\/v2\/tags?post=85830"}],"curies":[{"name":"wp","href":"https:\/\/api.w.org\/{rel}","templated":true}]}}