{"id":85834,"date":"2025-12-25T13:57:07","date_gmt":"2025-12-25T13:57:07","guid":{"rendered":"https:\/\/www.europesays.com\/lv\/85834\/"},"modified":"2025-12-25T13:57:07","modified_gmt":"2025-12-25T13:57:07","slug":"vardarbiga-nave-miris-13-gadus-vecs-zens","status":"publish","type":"post","link":"https:\/\/www.europesays.com\/lv\/85834\/","title":{"rendered":"Vardarb\u012bg\u0101 n\u0101v\u0113 miris 13 gadus vecs z\u0113ns"},"content":{"rendered":"<p class=\"descr\">Tomar\u0101, Portug\u0101l\u0113, 24. decembr\u012b 13 gadus vecs britu z\u0113ns Alfijs Halets (Alfie Hallett) iris no na\u017ea d\u016brieniem sav\u0101s m\u0101j\u0101s, v\u0113sta Sky News.<\/p>\n<p><a href=\"https:\/\/nra.lv\/pasaule\/509448-12-gadus-vecs-zens-aizturets-aizdomas-par-slepkavibu.htm\" data-item-link=\"true\" data-item-id=\"509448\" rel=\"nofollow noopener\" target=\"_blank\">Incidents <\/a>noticis vardarb\u012bbas epizod\u0113 vi\u0146a \u0123imenes m\u0101j\u0101s Casais ciemat\u0101 net\u0101lu no Tomaras pils\u0113tas.<\/p>\n<p>Saska\u0146\u0101 ar Portug\u0101les Krimin\u0101lpolicijas (Pol\u00edcia Judici\u00e1ria) pazi\u0146ojumu, aizdom\u0101s tur\u0113tais &#8211; z\u0113na m\u0101tes biju\u0161ais partneris, 43 gadus vecs v\u012brietis ar iepriek\u0161\u0113ju slepkav\u012bbas sod\u0101m\u012bbu &#8211; uzbrucis m\u0101tei, sas\u0113jis vi\u0146u un nod\u016bris z\u0113nu. P\u0113c tam v\u012brietis, iesp\u0113jams, nod\u016bris sevi un izrais\u012bjis g\u0101zes spr\u0101dzienu m\u0101j\u0101, kas savainoja vienu policistu.<\/p>\n<p> Abi &#8211; <a href=\"https:\/\/nra.lv\/pasaule\/509258-skolotaja-un-skolnieks-ar-durtam-brucem-nonak-slimnica.htm\" data-item-link=\"true\" data-item-id=\"509258\" rel=\"nofollow noopener\" target=\"_blank\">z\u0113ns <\/a>un uzbruc\u0113js &#8211; miru\u0161i notikuma viet\u0101.Z\u0113na m\u0101te, kurai konstat\u0113tas sasie\u0161anas un uzbrukuma paz\u012bmes, tika hospitaliz\u0113ta, bet vi\u0146as dz\u012bv\u012bbai briesmas nedraud.<\/p>\n<p>Alfijs bija talant\u012bgs basketbolists viet\u0113j\u0101 klub\u0101 Sport Club Operario Cem Soldos (SCOCS) Tomar\u0101. Klubs soci\u0101lajos t\u012bklos public\u0113jis aizkustino\u0161u atvadu v\u0113st\u012bjumu: &#8220;M\u016bsu sportists Alfijs aizg\u0101ja m\u016b\u017e\u012bb\u0101 13 gadu vecum\u0101. Vi\u0146\u0161 sp\u0113l\u0113ja savu p\u0113d\u0113jo sp\u0113li sestdien\u0101, sp\u0113l\u0113ja tik labi, ka lik\u0101s, it k\u0101 zin\u0101tu, ka t\u0101 b\u016bs p\u0113d\u0113j\u0101&#8230; M\u0113s v\u0113lamies tev pateikt, cik \u013coti tevi m\u012blam un ka tu vienm\u0113r b\u016bsi m\u016bsu sird\u012bs.<\/p>\n<p>&#8220;Lieta tiek izmekl\u0113ta k\u0101 m\u0101jsaimniec\u012bbas vardarb\u012bba. Lielbrit\u0101nijas \u0100rlietu ministrija apstiprin\u0101jusi, ka ir kontakt\u0101 ar Portug\u0101les varas iest\u0101d\u0113m un gatava sniegt konsul\u0101ro pal\u012bdz\u012bbu.<\/p>\n<p>\t\t\t\t\t\tinfo<\/p>\n<p>Uzzini pirmais<br \/>kas interesants noticis Latvij\u0101 un pasaul\u0113,<br \/>pievienojoties mums <a href=\"https:\/\/t.me\/neatkariga\" rel=\"nofollow\">Telegram<\/a> vai <a href=\"https:\/\/whatsapp.com\/channel\/0029VaMLFUH5K3zLU5s4wm3y\" rel=\"nofollow noopener\" target=\"_blank\">Whatsapp<\/a> kan\u0101l\u0101<\/p>\n","protected":false},"excerpt":{"rendered":"Tomar\u0101, Portug\u0101l\u0113, 24. decembr\u012b 13 gadus vecs britu z\u0113ns Alfijs Halets (Alfie Hallett) iris no na\u017ea d\u016brieniem sav\u0101s&hellip;\n","protected":false},"author":2,"featured_media":85835,"comment_status":"","ping_status":"","sticky":false,"template":"","format":"standard","meta":{"footnotes":""},"categories":[14],"tags":[23,57,28,29,32,33,22,30,31,35,39,38,36,37,34,40,20,26,27,24,25,54,55,56,21,58],"class_list":{"0":"post-85834","1":"post","2":"type-post","3":"status-publish","4":"format-standard","5":"has-post-thumbnail","7":"category-zinas-no-arvalstim","8":"tag-aktualitates","9":"tag-arvalstim","10":"tag-breaking-news","11":"tag-breakingnews","12":"tag-featured-news","13":"tag-featurednews","14":"tag-headlines","15":"tag-latest-news","16":"tag-latestnews","17":"tag-latvia","18":"tag-latvian","19":"tag-latviesu","20":"tag-latviesu-valoda","21":"tag-latviesuvaloda","22":"tag-latvija","23":"tag-lv","24":"tag-news","25":"tag-popularakas-zinas","26":"tag-popularakaszinas","27":"tag-top-stories","28":"tag-topstories","29":"tag-world","30":"tag-world-news","31":"tag-worldnews","32":"tag-zinas","33":"tag-zinas-no-arvalstim"},"share_on_mastodon":{"url":"https:\/\/pubeurope.com\/@lv\/115780560345151947","error":""},"_links":{"self":[{"href":"https:\/\/www.europesays.com\/lv\/wp-json\/wp\/v2\/posts\/85834","targetHints":{"allow":["GET"]}}],"collection":[{"href":"https:\/\/www.europesays.com\/lv\/wp-json\/wp\/v2\/posts"}],"about":[{"href":"https:\/\/www.europesays.com\/lv\/wp-json\/wp\/v2\/types\/post"}],"author":[{"embeddable":true,"href":"https:\/\/www.europesays.com\/lv\/wp-json\/wp\/v2\/users\/2"}],"replies":[{"embeddable":true,"href":"https:\/\/www.europesays.com\/lv\/wp-json\/wp\/v2\/comments?post=85834"}],"version-history":[{"count":0,"href":"https:\/\/www.europesays.com\/lv\/wp-json\/wp\/v2\/posts\/85834\/revisions"}],"wp:featuredmedia":[{"embeddable":true,"href":"https:\/\/www.europesays.com\/lv\/wp-json\/wp\/v2\/media\/85835"}],"wp:attachment":[{"href":"https:\/\/www.europesays.com\/lv\/wp-json\/wp\/v2\/media?parent=85834"}],"wp:term":[{"taxonomy":"category","embeddable":true,"href":"https:\/\/www.europesays.com\/lv\/wp-json\/wp\/v2\/categories?post=85834"},{"taxonomy":"post_tag","embeddable":true,"href":"https:\/\/www.europesays.com\/lv\/wp-json\/wp\/v2\/tags?post=85834"}],"curies":[{"name":"wp","href":"https:\/\/api.w.org\/{rel}","templated":true}]}}