{"id":85849,"date":"2025-12-25T14:13:08","date_gmt":"2025-12-25T14:13:08","guid":{"rendered":"https:\/\/www.europesays.com\/lv\/85849\/"},"modified":"2025-12-25T14:13:08","modified_gmt":"2025-12-25T14:13:08","slug":"irana-pazino-ka-nepielaus-praida-macu-2026-gada-pasaules-kausa-futbola","status":"publish","type":"post","link":"https:\/\/www.europesays.com\/lv\/85849\/","title":{"rendered":"Ir\u0101na pazi\u0146o, ka nepie\u013caus praida ma\u010du 2026. gada Pasaules kaus\u0101 futbol\u0101"},"content":{"rendered":"<p>Decembra s\u0101kum\u0101 notiku\u0161aj\u0101 Pasaules kausa fin\u0101lturn\u012bra grupu izloz\u0113 noskaidroj\u0101s, ka Ir\u0101nas futbolisti sp\u0113l\u0113s kop\u0101 ar Be\u013c\u0123iju, \u0112\u0123ipti un Jaunz\u0113landi.<\/p>\n<p>Savuk\u0101rt p\u0113c sp\u0113\u013cu kalend\u0101ra sast\u0101d\u012b\u0161anas turn\u012bra organiz\u0113t\u0101ji pav\u0113st\u012bja, ka 26. j\u016bnij\u0101 Sietl\u0101 paredz\u0113t\u0101 c\u012b\u0146a starp Ir\u0101nu un \u0112\u0123ipti tiks aizvad\u012bta k\u0101 praida sp\u0113le, kur\u0101 tiks pausts atbalsts LGBTQ+ kopienai.<\/p>\n<p>&#8220;M\u0113s nek\u0101d\u0101 zi\u0146\u0101 neesam ieinteres\u0113ti, lai m\u016bsu tre\u0161\u0101 Pasaules kausa izc\u012b\u0146as sp\u0113le notiktu varav\u012bksnes kr\u0101s\u0101s. M\u0113s esam ap\u0146\u0113m\u012bbas pilni to nepie\u013caut, un m\u0113s to ar\u012b dar\u012bsim,&#8221; laikrakstam &#8220;Hammihan&#8221; pauda Tad\u017es.<\/p>\n<p>Ir\u0101nas Futbola feder\u0101cijas prezidents izc\u0113la, ka sp\u0113les diena sakr\u012bt ar musulma\u0146u sv\u0113tkiem.<\/p>\n<p>Ar\u012b <a href=\"https:\/\/www.apollo.lv\/term\/555451\/egipte\" class=\"topicLink\" target=\"_blank\" rel=\"nofollow noopener\">\u0112\u0123ipte<\/a> ir paudusi nev\u0113l\u0113\u0161anos aizvad\u012bt praida sp\u0113li, nos\u016btot v\u0113stuli Starptautiskajai Futbola feder\u0101ciju asoci\u0101cijai (FIFA), kur\u0101 nor\u0101d\u012bts, ka \u0161\u0101das darb\u012bbas ir tie\u0161\u0101 pretrun\u0101 ar kult\u016bras, reli\u0123iskaj\u0101m un soci\u0101laj\u0101m v\u0113rt\u012bb\u0101m, kas valda ar\u0101bu un isl\u0101ma sabiedr\u012bb\u0101s.<\/p>\n<p>Jau pirms grupu izlozes bija pav\u0113st\u012bts, ka 26. j\u016bnija sp\u0113le ievad\u012bs ikgad\u0113jos praida festiv\u0101la pas\u0101kumus Sietl\u0101.<\/p>\n<p>Pasaules kausa fin\u0101lturn\u012brs Kan\u0101d\u0101, Meksik\u0101 un ASV norisin\u0101sies 2026. gada j\u016bnij\u0101 un j\u016blij\u0101.<\/p>\n<p>2026. gad\u0101 Pasaules kausa fin\u0101lturn\u012br\u0101 pirmoreiz 32 komandu viet\u0101 sp\u0113l\u0113s 48 izlases, kas sadal\u012btas 12 apak\u0161grup\u0101s. Izsl\u0113g\u0161anas turn\u012br\u0101 iek\u013c\u016bs katras grupas divu pirmo vietu ieguv\u0113jas un asto\u0146as lab\u0101k\u0101s no 12 tre\u0161o vietu ieguv\u0113j\u0101m.<\/p>\n","protected":false},"excerpt":{"rendered":"Decembra s\u0101kum\u0101 notiku\u0161aj\u0101 Pasaules kausa fin\u0101lturn\u012bra grupu izloz\u0113 noskaidroj\u0101s, ka Ir\u0101nas futbolisti sp\u0113l\u0113s kop\u0101 ar Be\u013c\u0123iju, \u0112\u0123ipti un&hellip;\n","protected":false},"author":2,"featured_media":85850,"comment_status":"","ping_status":"","sticky":false,"template":"","format":"standard","meta":{"footnotes":""},"categories":[17],"tags":[11476,676,2562,35,39,38,36,37,34,40,67],"class_list":{"0":"post-85849","1":"post","2":"type-post","3":"status-publish","4":"format-standard","5":"has-post-thumbnail","7":"category-sports","8":"tag-egipte","9":"tag-futbols","10":"tag-irana","11":"tag-latvia","12":"tag-latvian","13":"tag-latviesu","14":"tag-latviesu-valoda","15":"tag-latviesuvaloda","16":"tag-latvija","17":"tag-lv","18":"tag-sports"},"share_on_mastodon":{"url":"https:\/\/pubeurope.com\/@lv\/115780622945714328","error":""},"_links":{"self":[{"href":"https:\/\/www.europesays.com\/lv\/wp-json\/wp\/v2\/posts\/85849","targetHints":{"allow":["GET"]}}],"collection":[{"href":"https:\/\/www.europesays.com\/lv\/wp-json\/wp\/v2\/posts"}],"about":[{"href":"https:\/\/www.europesays.com\/lv\/wp-json\/wp\/v2\/types\/post"}],"author":[{"embeddable":true,"href":"https:\/\/www.europesays.com\/lv\/wp-json\/wp\/v2\/users\/2"}],"replies":[{"embeddable":true,"href":"https:\/\/www.europesays.com\/lv\/wp-json\/wp\/v2\/comments?post=85849"}],"version-history":[{"count":0,"href":"https:\/\/www.europesays.com\/lv\/wp-json\/wp\/v2\/posts\/85849\/revisions"}],"wp:featuredmedia":[{"embeddable":true,"href":"https:\/\/www.europesays.com\/lv\/wp-json\/wp\/v2\/media\/85850"}],"wp:attachment":[{"href":"https:\/\/www.europesays.com\/lv\/wp-json\/wp\/v2\/media?parent=85849"}],"wp:term":[{"taxonomy":"category","embeddable":true,"href":"https:\/\/www.europesays.com\/lv\/wp-json\/wp\/v2\/categories?post=85849"},{"taxonomy":"post_tag","embeddable":true,"href":"https:\/\/www.europesays.com\/lv\/wp-json\/wp\/v2\/tags?post=85849"}],"curies":[{"name":"wp","href":"https:\/\/api.w.org\/{rel}","templated":true}]}}