{"id":85860,"date":"2025-12-25T14:46:09","date_gmt":"2025-12-25T14:46:09","guid":{"rendered":"https:\/\/www.europesays.com\/lv\/85860\/"},"modified":"2025-12-25T14:46:09","modified_gmt":"2025-12-25T14:46:09","slug":"otrajos-ziemassvetkos-daudzviet-uzspides-saule","status":"publish","type":"post","link":"https:\/\/www.europesays.com\/lv\/85860\/","title":{"rendered":"Otrajos Ziemassv\u0113tkos daudzviet uzsp\u012bd\u0113s saule"},"content":{"rendered":"<p>Nakts b\u016bs p\u0101rsvar\u0101 m\u0101ko\u0146aina, r\u012bta stund\u0101s viet\u0101m valsts zieme\u013cos debesis s\u0101ks skaidroties. Valsts austrumu rajonos gaid\u0101mi nelieli nokri\u0161\u0146i &#8211; lietus, viet\u0101m ar\u012b slapj\u0161 sniegs.<\/p>\n<p>P\u016bt\u012bs m\u0113rens l\u012bdz m\u0113reni stiprs rietumu, zieme\u013crietumu v\u0113j\u0161, br\u0101zm\u0101s 15-17 metri sekund\u0113 (m\/s). Gaisa temperat\u016bra b\u016bs l\u012bdz\u012bga k\u0101 iepriek\u0161\u0113j\u0101 dien\u0101: -1&#8230;+4\u00b0, viet\u0101m piekrast\u0113 neb\u016bs v\u0113s\u0101k par +5&#8230;+6\u00b0.<\/p>\n<p>Ar\u012b R\u012bg\u0101 laiks b\u016bs liel\u0101koties m\u0101ko\u0146ains, tom\u0113r nokri\u0161\u0146i nav gaid\u0101mi. P\u016bt\u012bs m\u0113rens zieme\u013crietumu, rietumu v\u0113j\u0161, br\u0101zm\u0101s 15-16 m\/s. Gaisa temperat\u016bra saglab\u0101sies +2&#8230;+4\u00b0 robe\u017e\u0101s.<\/p>\n<p>Dien\u0101 daudzviet uzsp\u012bd\u0113s saule un laiks b\u016bs sauss, bet m\u0101ko\u0146i t\u0101pat debes\u012bs b\u016bs man\u0101mi. Domin\u0113s m\u0113reni zieme\u013crietumu, zieme\u013cu v\u0113ji, kas saglab\u0101sies br\u0101zmaini vairs tikai Vidzemes piekrast\u0113.<\/p>\n<p>Gaiss iesils l\u012bdz +3&#8230;+7\u00b0, nedaudz v\u0113s\u0101ks laiks austrumu rajonos, kur neb\u016bs silt\u0101k par +1&#8230;+3\u00b0. Vakarpus\u0113 viet\u0101m Kurzem\u0113 s\u0101ks veidoties migla.<\/p>\n<p>R\u012bg\u0101 Otrie Ziemassv\u0113tki aizrit\u0113s ar main\u012bgu m\u0101ko\u0146u daudzumu, bet nokri\u0161\u0146i nav gaid\u0101mi. Zieme\u013crietumu, zieme\u013cu v\u0113j\u0161 br\u0101zm\u0101s pastiprin\u0101sies l\u012bdz 15-16 m\/s, un maksim\u0101l\u0101 gaisa temperat\u016bra pietur\u0113sies +5&#8230;+6\u00b0 robe\u017e\u0101s.<\/p>\n","protected":false},"excerpt":{"rendered":"Nakts b\u016bs p\u0101rsvar\u0101 m\u0101ko\u0146aina, r\u012bta stund\u0101s viet\u0101m valsts zieme\u013cos debesis s\u0101ks skaidroties. Valsts austrumu rajonos gaid\u0101mi nelieli nokri\u0161\u0146i&hellip;\n","protected":false},"author":2,"featured_media":83281,"comment_status":"","ping_status":"","sticky":false,"template":"","format":"standard","meta":{"footnotes":""},"categories":[12],"tags":[23,28,29,32,33,22,396,30,31,35,39,38,36,37,34,40,20,26,27,24,25,21],"class_list":{"0":"post-85860","1":"post","2":"type-post","3":"status-publish","4":"format-standard","5":"has-post-thumbnail","7":"category-latvija","8":"tag-aktualitates","9":"tag-breaking-news","10":"tag-breakingnews","11":"tag-featured-news","12":"tag-featurednews","13":"tag-headlines","14":"tag-laika-zinas","15":"tag-latest-news","16":"tag-latestnews","17":"tag-latvia","18":"tag-latvian","19":"tag-latviesu","20":"tag-latviesu-valoda","21":"tag-latviesuvaloda","22":"tag-latvija","23":"tag-lv","24":"tag-news","25":"tag-popularakas-zinas","26":"tag-popularakaszinas","27":"tag-top-stories","28":"tag-topstories","29":"tag-zinas"},"share_on_mastodon":{"url":"https:\/\/pubeurope.com\/@lv\/115780752680004090","error":""},"_links":{"self":[{"href":"https:\/\/www.europesays.com\/lv\/wp-json\/wp\/v2\/posts\/85860","targetHints":{"allow":["GET"]}}],"collection":[{"href":"https:\/\/www.europesays.com\/lv\/wp-json\/wp\/v2\/posts"}],"about":[{"href":"https:\/\/www.europesays.com\/lv\/wp-json\/wp\/v2\/types\/post"}],"author":[{"embeddable":true,"href":"https:\/\/www.europesays.com\/lv\/wp-json\/wp\/v2\/users\/2"}],"replies":[{"embeddable":true,"href":"https:\/\/www.europesays.com\/lv\/wp-json\/wp\/v2\/comments?post=85860"}],"version-history":[{"count":0,"href":"https:\/\/www.europesays.com\/lv\/wp-json\/wp\/v2\/posts\/85860\/revisions"}],"wp:featuredmedia":[{"embeddable":true,"href":"https:\/\/www.europesays.com\/lv\/wp-json\/wp\/v2\/media\/83281"}],"wp:attachment":[{"href":"https:\/\/www.europesays.com\/lv\/wp-json\/wp\/v2\/media?parent=85860"}],"wp:term":[{"taxonomy":"category","embeddable":true,"href":"https:\/\/www.europesays.com\/lv\/wp-json\/wp\/v2\/categories?post=85860"},{"taxonomy":"post_tag","embeddable":true,"href":"https:\/\/www.europesays.com\/lv\/wp-json\/wp\/v2\/tags?post=85860"}],"curies":[{"name":"wp","href":"https:\/\/api.w.org\/{rel}","templated":true}]}}