{"id":85866,"date":"2025-12-25T14:57:07","date_gmt":"2025-12-25T14:57:07","guid":{"rendered":"https:\/\/www.europesays.com\/lv\/85866\/"},"modified":"2025-12-25T14:57:07","modified_gmt":"2025-12-25T14:57:07","slug":"video-%e2%9f%a9-ukrainas-droni-trapa-naftas-parstrades-rupnicai-novosahtinska","status":"publish","type":"post","link":"https:\/\/www.europesays.com\/lv\/85866\/","title":{"rendered":"VIDEO \u27e9 Ukrainas droni tr\u0101pa naftas p\u0101rstr\u0101des r\u016bpn\u012bcai Novo\u0161ahtinsk\u0101"},"content":{"rendered":"<p>Trieciens veikts ar &#8220;gaiss-gaiss&#8221; tipa sp\u0101rnotaj\u0101m ra\u0137et\u0113m &#8220;Storm Shadow&#8221;.<\/p>\n<p>Pazi\u0146ojum\u0101 sac\u012bts, ka fiks\u0113ti daudzi spr\u0101dzieni un post\u012bjumu apm\u0113rs tiek preciz\u0113ts.<\/p>\n<p>\u0122ener\u0101l\u0161t\u0101bs ar\u012b pav\u0113st\u012bja, ka Ukrainas Bru\u0146otie sp\u0113ki devu\u0161i triecienu milit\u0101rajam lidlaukam pie Krievij\u0101 ietilpsto\u0161\u0101s Adigejas republikas galvaspils\u0113tas Maikopas. P\u0113c trieciena tur izc\u0113lies ugunsgr\u0113ks. Pazi\u0146ojum\u0101 nav teikts, ar k\u0101diem iero\u010diem dots trieciens.<\/p>\n<p>Iepriek\u0161 v\u0113st\u012bts, ka Ukrainas droni ceturtdien uzbruku\u0161i Temrjukas ostai Krasnodaras novad\u0101, kur aizdegu\u0161ies divi naftas rezervu\u0101ri, k\u0101 ar\u012b Orenburgas g\u0101zes p\u0101rstr\u0101des r\u016bpn\u012bcai, kur aizdedzies cauru\u013cvads.<\/p>\n","protected":false},"excerpt":{"rendered":"Trieciens veikts ar &#8220;gaiss-gaiss&#8221; tipa sp\u0101rnotaj\u0101m ra\u0137et\u0113m &#8220;Storm Shadow&#8221;. Pazi\u0146ojum\u0101 sac\u012bts, ka fiks\u0113ti daudzi spr\u0101dzieni un post\u012bjumu apm\u0113rs&hellip;\n","protected":false},"author":2,"featured_media":85867,"comment_status":"","ping_status":"","sticky":false,"template":"","format":"standard","meta":{"footnotes":""},"categories":[14],"tags":[23,57,28,29,32,33,22,74,30,31,35,39,38,36,37,34,40,20,26,27,24,25,54,55,56,21,58],"class_list":{"0":"post-85866","1":"post","2":"type-post","3":"status-publish","4":"format-standard","5":"has-post-thumbnail","7":"category-zinas-no-arvalstim","8":"tag-aktualitates","9":"tag-arvalstim","10":"tag-breaking-news","11":"tag-breakingnews","12":"tag-featured-news","13":"tag-featurednews","14":"tag-headlines","15":"tag-krievijas-iebrukums-ukraina","16":"tag-latest-news","17":"tag-latestnews","18":"tag-latvia","19":"tag-latvian","20":"tag-latviesu","21":"tag-latviesu-valoda","22":"tag-latviesuvaloda","23":"tag-latvija","24":"tag-lv","25":"tag-news","26":"tag-popularakas-zinas","27":"tag-popularakaszinas","28":"tag-top-stories","29":"tag-topstories","30":"tag-world","31":"tag-world-news","32":"tag-worldnews","33":"tag-zinas","34":"tag-zinas-no-arvalstim"},"share_on_mastodon":{"url":"https:\/\/pubeurope.com\/@lv\/115780796110837827","error":""},"_links":{"self":[{"href":"https:\/\/www.europesays.com\/lv\/wp-json\/wp\/v2\/posts\/85866","targetHints":{"allow":["GET"]}}],"collection":[{"href":"https:\/\/www.europesays.com\/lv\/wp-json\/wp\/v2\/posts"}],"about":[{"href":"https:\/\/www.europesays.com\/lv\/wp-json\/wp\/v2\/types\/post"}],"author":[{"embeddable":true,"href":"https:\/\/www.europesays.com\/lv\/wp-json\/wp\/v2\/users\/2"}],"replies":[{"embeddable":true,"href":"https:\/\/www.europesays.com\/lv\/wp-json\/wp\/v2\/comments?post=85866"}],"version-history":[{"count":0,"href":"https:\/\/www.europesays.com\/lv\/wp-json\/wp\/v2\/posts\/85866\/revisions"}],"wp:featuredmedia":[{"embeddable":true,"href":"https:\/\/www.europesays.com\/lv\/wp-json\/wp\/v2\/media\/85867"}],"wp:attachment":[{"href":"https:\/\/www.europesays.com\/lv\/wp-json\/wp\/v2\/media?parent=85866"}],"wp:term":[{"taxonomy":"category","embeddable":true,"href":"https:\/\/www.europesays.com\/lv\/wp-json\/wp\/v2\/categories?post=85866"},{"taxonomy":"post_tag","embeddable":true,"href":"https:\/\/www.europesays.com\/lv\/wp-json\/wp\/v2\/tags?post=85866"}],"curies":[{"name":"wp","href":"https:\/\/api.w.org\/{rel}","templated":true}]}}