{"id":85878,"date":"2025-12-25T15:13:10","date_gmt":"2025-12-25T15:13:10","guid":{"rendered":"https:\/\/www.europesays.com\/lv\/85878\/"},"modified":"2025-12-25T15:13:10","modified_gmt":"2025-12-25T15:13:10","slug":"majas-trases-prieksrocibas-neizdevas-parverst-desmitnieka-lente-lv","status":"publish","type":"post","link":"https:\/\/www.europesays.com\/lv\/85878\/","title":{"rendered":"M\u0101jas trases priek\u0161roc\u012bbas neizdev\u0101s p\u0101rv\u0113rst desmitniek\u0101\u00a0\u2014\u00a0Lente.lv"},"content":{"rendered":"<p>M\u0101jas posms bez augst\u0101kaj\u0101m amb\u012bcij\u0101m<\/p>\n<p>Neskatoties uz ilg\u0101m treni\u0146u stund\u0101m un labi zin\u0101mo Siguldas trasi, Latvijas bobsleja un skeletona sportistiem noz\u012bm\u012bgais 2025.\/2026. gada Pasaules kausa posms Siguld\u0101 nosl\u0113dz\u0101s bez iek\u013c\u016b\u0161anas lab\u0101ko desmitniek\u0101. \u0160is posms bija \u012bpa\u0161i svar\u012bgs, jo sportisti akt\u012bvi uzkr\u0101j punktus, kas noteiks vi\u0146u izredzes kvalific\u0113ties 2026. gada Olimpiskaj\u0101m sp\u0113l\u0113m Mil\u0101n\u0101 un Kort\u012bn\u0101 d&#8217;Ampeco. K\u0101 zi\u0146o av\u012bze Diena, rezult\u0101ti kopum\u0101 nebija tik sp\u012bdo\u0161i, k\u0101 gaid\u012bts gan no pa\u0161iem sportistiem, gan l\u012bdzjut\u0113jiem, kuri sacens\u012bbas apmekl\u0113ja liel\u0101 skait\u0101.<\/p>\n<p>Sv\u0113tdien, 24. decembr\u012b, nosl\u0113dz\u0101s bobsleja divnieku sacens\u012bbas, kur\u0101s lab\u0101k\u0101 no Latvijas ekip\u0101\u017e\u0101m fini\u0161\u0113ja \u0101rpus TOP-10. \u0160is rezult\u0101ts at\u0161\u0137\u012br\u0101s no iepriek\u0161\u0113j\u0101 posma sestdien\u0101, kad J\u0113kaba Kalendas un Mat\u012bsa Mik\u0146a ekip\u0101\u017ea uzr\u0101d\u012bja sept\u012bto vietu, kas gan ar\u012b nebija desmitnieka sasniegums, bet sestdienas posm\u0101 Kalenda ar st\u016bm\u0113ju Edgaru Unguru sv\u0113tdien fini\u0161\u0113ja 13. poz\u012bcij\u0101.<\/p>\n<p>Bobsleja ekip\u0101\u017eu sniegums un sv\u0101rst\u012bbas<\/p>\n<p>J\u0113kaba Kalendas un st\u016bm\u0113ja Edgara Ungura divnieku ekip\u0101\u017ea Pasaules kausa posm\u0101 Siguld\u0101 sacens\u012bbas nosl\u0113dza 13. viet\u0101, kop\u0101 25 start\u0113ju\u0161o komandu konkurenc\u0113. Vi\u0146u sniegums iez\u012bm\u0113j\u0101s ar iev\u0113rojam\u0101m sv\u0101rst\u012bb\u0101m starp braucieniem. P\u0113c pirm\u0101 nobrauciena \u0161\u012b ekip\u0101\u017ea atrad\u0101s visai cer\u012bgaj\u0101, 8. viet\u0101, radot pamatotas cer\u012bbas uz augst\u0101ku fin\u0101la rezult\u0101tu. Tom\u0113r otraj\u0101 braucien\u0101 sekoja kritums sniegum\u0101, kur\u0101 tika sasniegts tikai 18. lab\u0101kais laiks. \u0160\u0101da at\u0161\u0137ir\u012bba starp braucieniem summ\u0101 Kalendam un Unguram liedza iesp\u0113ju notur\u0113ties lab\u0101ko desmitniek\u0101, kop\u0113j\u0101 laik\u0101 zaud\u0113jot uzvar\u0113t\u0101jiem 1,46 sekundes.<\/p>\n<p>Otra Latvijas bobsleja divnieku ekip\u0101\u017ea, Ren\u0101rs Granti\u0146\u0161 ar Arni Bebri\u0161u, ie\u0146\u0113ma 18. poz\u012bciju. Vi\u0146u m\u0113r\u0137is bija nodro\u0161in\u0101t iek\u013c\u016b\u0161anu otraj\u0101 braucien\u0101, kas ar\u012b izdev\u0101s. Granti\u0146a un Bebri\u0161a sniegums bija nedaudz stabil\u0101ks nek\u0101 Kalendam\u0101 ekip\u0101\u017eai, tom\u0113r ar\u012b vi\u0146i nesp\u0113ja iespraukties l\u012bderu vid\u016b, fini\u0161\u0113jot 1,77 sekundes aiz uzvar\u0113t\u0101jiem. \u0160is rezult\u0101ts sekoja p\u0113c sestdienas sacens\u012bb\u0101m, kur\u0101s Granti\u0146\u0161 piedz\u012bvoja kritienu, kas b\u016btiski ietekm\u0113ja vi\u0146a sniegumu iepriek\u0161\u0113j\u0101 dien\u0101.<\/p>\n<p>Sievie\u0161u debija un c\u012b\u0146a skeleton\u0101<\/p>\n<p>Latvijas sievie\u0161u bobsleja duetam \u2013 Am\u0113lijai Kot\u0101nei un Just\u012bnei B\u0113rzi\u0146ai \u2013 Siguldas posms iez\u012bm\u0113ja debiju Pasaules kausa izc\u012b\u0146\u0101 divnieku konkurenc\u0113. Vi\u0146as abos braucienos sp\u0113ja saglab\u0101t 18. vietu no 19 start\u0113ju\u0161aj\u0101m ekip\u0101\u017e\u0101m, kop\u0113j\u0101 laik\u0101 atpaliekot 3,31 sekundi no uzvar\u0113t\u0101j\u0101m \u2013 ASV ekip\u0101\u017eas Keilijas Hamfr\u012bsas un E\u0161l\u012b Renna. Kot\u0101ne bija pirm\u0101 bobsleja p\u0101rst\u0101ve Latvij\u0101, kas kop\u0161 2008. gada start\u0113ja Pasaules kaus\u0101, turkl\u0101t sestdien vi\u0146a debit\u0113ja ar\u012b monobobsleja sacens\u012bb\u0101s, ie\u0146emot 19. vietu. \u0160is jaun\u0101ko sportistu iesaist\u012b\u0161an\u0101s ir b\u016btisks solis Latvijas bobsleja n\u0101kotnei, lai ar\u012b pagaid\u0101m rezult\u0101ti ir re\u0123istr\u0113ti zem\u0101kos reitingos.<\/p>\n<p>Skeletona sacens\u012bbas, kas norisin\u0101j\u0101s jau iepriek\u0161\u0113j\u0101s dien\u0101s, ar\u012b nelutin\u0101ja ar iek\u013c\u016b\u0161anu TOP-10. Em\u012bls Indriksons ab\u0101s sacens\u012bbu dien\u0101s fini\u0161\u0113ja 12. viet\u0101. Vi\u0146\u0161 atsevi\u0161\u0137os braucienos sp\u0113ja uzr\u0101d\u012bt iev\u0113rojamus rezult\u0101tus, piem\u0113ram, pirmaj\u0101 braucien\u0101 vi\u0146\u0161 atrad\u0101s 5. viet\u0101, ta\u010du otraj\u0101 braucien\u0101 summ\u0101 neizdev\u0101s saglab\u0101t augsto poz\u012bciju. D\u0101vis Valdovskis attiec\u012bgi ie\u0146\u0113ma 24. un 29. vietu, nekvalific\u0113joties otrajam braucienam vien\u0101 no posmiem. Latvijas skeletona treneri nor\u0101d\u012bju\u0161i, ka individu\u0101lie braucieni sniedz labu inform\u0101ciju, ta\u010du divu stabilu braucienu savieno\u0161ana ir liel\u0101kais izaicin\u0101jums.<\/p>\n<p>V\u0101cijas dominance un olimpiskais konteksts<\/p>\n<p>Ar\u012b \u0161aj\u0101 Siguldas posm\u0101 domin\u0113ja V\u0101cijas bobsleja izlase, \u012bpa\u0161i v\u012brie\u0161u divnieku konkurenc\u0113. V\u0101cijas ekip\u0101\u017eas ie\u0146\u0113ma pirm\u0101s tr\u012bs vietas. \u0100tr\u0101kais bija Johanness Lohners, kur\u0161 uzvar\u0113ja abos braucienos, apsteidzot Fran\u010desko Fr\u012bdrihu un \u0100damu Amm\u016bru. \u0160is V\u0101cijas p\u0101r\u0101kums ilustr\u0113 starptautisk\u0101 l\u012bme\u0146a augst\u0101s pras\u012bbas un at\u0161\u0137ir\u012bbu no m\u0101jinieku rezult\u0101tiem.<\/p>\n<p>K\u0101 atz\u012bm\u0113 Latvijas Bobsleja un Skeletona feder\u0101cija, \u0161\u012b sezona ir \u012bpa\u0161i intens\u012bva c\u012b\u0146\u0101 par viet\u0101m n\u0101kamaj\u0101s olimpiskaj\u0101s sp\u0113l\u0113s. \u0160obr\u012bd kopv\u0113rt\u0113jum\u0101 J\u0113kabs Kalenda ar 568 punktiem ie\u0146em 9. poz\u012bciju, kas ir lab\u0101kais sasniegums no Latvijas pilotiem un vismaz pagaid\u0101m dod zin\u0101mu p\u0101rsvaru c\u012b\u0146\u0101 par ce\u013caz\u012bmi. Ren\u0101ra Granti\u0146a poz\u012bcija ir zem\u0101ka, attiec\u012bgi 21. viet\u0101. Lai gan Siguldas rezult\u0101ts nebija k\u0101rojamais, Kalendas ekip\u0101\u017eai izdev\u0101s saglab\u0101t vietu lab\u0101ko desmitniek\u0101 kopv\u0113rt\u0113jum\u0101, kas ir svar\u012bg\u0101kais r\u0101d\u012bt\u0101js \u0161aj\u0101 sezonas f\u0101z\u0113.<\/p>\n<p>N\u0101kamie starti un refleksija<\/p>\n<p>P\u0113c spraig\u0101 decembra Siguld\u0101, kur norisin\u0101j\u0101s divi Pasaules kausa posmi (s\u0101kotn\u0113ji Insbruk\u0101 paredz\u0113tais posms tika p\u0101rcelts uz Latviju trases probl\u0113mu d\u0113\u013c), sportistiem paredz\u0113ta \u012bsa pauze. N\u0101kamais, piektais Pasaules kausa posms uzreiz p\u0113c Jaun\u0101 gada pl\u0101nots Vinterberg\u0101, V\u0101cij\u0101. \u0160is posms b\u016bs n\u0101kamais nopietnais p\u0101rbaud\u012bjums, kur\u0101 b\u016bs j\u0101demonstr\u0113 sp\u0113ja piel\u0101goties sve\u0161\u0101m, ta\u010du v\u0101cie\u0161iem labi zin\u0101m\u0101m tras\u0113m.<\/p>\n<p>Sporta sabiedr\u012bb\u0101 valda viegla vil\u0161an\u0101s par to, ka m\u0101j\u0101s, sav\u0101 tras\u0113, kuras specifikai latvie\u0161i ir lab\u0101k sagatavoti, neizdev\u0101s sasniegt augst\u0101kus rezult\u0101tus. Daudzi cer\u0113ja uz vietu pirmaj\u0101 astotniek\u0101, kas b\u016btu noz\u012bm\u012bgs psiholo\u0123isks atspaids. Tom\u0113r j\u0101atz\u012bst, ka \u0161is ir jaun\u0101s paaudzes sportistu (piem\u0113ram, debiju piedz\u012bvoju\u0161o sievie\u0161u) un eso\u0161o l\u012bderu c\u012b\u0146a ar pasaules eliti. Latvijas bobsleja un skeletona treneri, visticam\u0101k, analiz\u0113s katru m\u012bzeru sekundes simtda\u013cu, kas tika zaud\u0113ta kritiskos posmos, lai turpm\u0101kaj\u0101s ned\u0113\u013c\u0101s uzlabotu sniegumu pirms sezonas iz\u0161\u0137iro\u0161ajiem startiem.<\/p>\n","protected":false},"excerpt":{"rendered":"M\u0101jas posms bez augst\u0101kaj\u0101m amb\u012bcij\u0101m Neskatoties uz ilg\u0101m treni\u0146u stund\u0101m un labi zin\u0101mo Siguldas trasi, Latvijas bobsleja un&hellip;\n","protected":false},"author":2,"featured_media":85879,"comment_status":"","ping_status":"","sticky":false,"template":"","format":"standard","meta":{"footnotes":""},"categories":[17],"tags":[2158,35,39,38,36,37,34,4765,40,20387,20386,11526,67],"class_list":{"0":"post-85878","1":"post","2":"type-post","3":"status-publish","4":"format-standard","5":"has-post-thumbnail","7":"category-sports","8":"tag-bobslejs","9":"tag-latvia","10":"tag-latvian","11":"tag-latviesu","12":"tag-latviesu-valoda","13":"tag-latviesuvaloda","14":"tag-latvija","15":"tag-latvijas-izlase","16":"tag-lv","17":"tag-olimpiska-kvalifikacija","18":"tag-pasaules-kauss-sigulda","19":"tag-skeletons","20":"tag-sports"},"share_on_mastodon":{"url":"https:\/\/pubeurope.com\/@lv\/115780858927309532","error":""},"_links":{"self":[{"href":"https:\/\/www.europesays.com\/lv\/wp-json\/wp\/v2\/posts\/85878","targetHints":{"allow":["GET"]}}],"collection":[{"href":"https:\/\/www.europesays.com\/lv\/wp-json\/wp\/v2\/posts"}],"about":[{"href":"https:\/\/www.europesays.com\/lv\/wp-json\/wp\/v2\/types\/post"}],"author":[{"embeddable":true,"href":"https:\/\/www.europesays.com\/lv\/wp-json\/wp\/v2\/users\/2"}],"replies":[{"embeddable":true,"href":"https:\/\/www.europesays.com\/lv\/wp-json\/wp\/v2\/comments?post=85878"}],"version-history":[{"count":0,"href":"https:\/\/www.europesays.com\/lv\/wp-json\/wp\/v2\/posts\/85878\/revisions"}],"wp:featuredmedia":[{"embeddable":true,"href":"https:\/\/www.europesays.com\/lv\/wp-json\/wp\/v2\/media\/85879"}],"wp:attachment":[{"href":"https:\/\/www.europesays.com\/lv\/wp-json\/wp\/v2\/media?parent=85878"}],"wp:term":[{"taxonomy":"category","embeddable":true,"href":"https:\/\/www.europesays.com\/lv\/wp-json\/wp\/v2\/categories?post=85878"},{"taxonomy":"post_tag","embeddable":true,"href":"https:\/\/www.europesays.com\/lv\/wp-json\/wp\/v2\/tags?post=85878"}],"curies":[{"name":"wp","href":"https:\/\/api.w.org\/{rel}","templated":true}]}}