{"id":85907,"date":"2025-12-25T15:52:13","date_gmt":"2025-12-25T15:52:13","guid":{"rendered":"https:\/\/www.europesays.com\/lv\/85907\/"},"modified":"2025-12-25T15:52:13","modified_gmt":"2025-12-25T15:52:13","slug":"bauskas-slimnica-pagaidam-slegta-terapijas-un-aprupes-nodala-pec-buvkonstrukciju-tehnisko-bojajumu-atklasanas-lente-lv","status":"publish","type":"post","link":"https:\/\/www.europesays.com\/lv\/85907\/","title":{"rendered":"Bauskas slimn\u012bc\u0101 pagaid\u0101m sl\u0113gta Terapijas un apr\u016bpes noda\u013ca p\u0113c b\u016bvkonstrukciju tehnisko boj\u0101jumu atkl\u0101\u0161anas\u00a0\u2014\u00a0Lente.lv"},"content":{"rendered":"<p>Noda\u013cas darb\u012bba aptur\u0113ta dro\u0161\u012bbas apsv\u0113rumu d\u0113\u013c<\/p>\n<p>Bauskas slimn\u012bc\u0101 ir izsludin\u0101ta \u0101rk\u0101rtas situ\u0101cija un uz laiku aptur\u0113ta Terapijas un apr\u016bpes noda\u013cas (TAN) darb\u012bba. L\u0113mums pie\u0146emts p\u0113c tam, kad pacientu dro\u0161\u012bbas nodro\u0161in\u0101\u0161anai tika konstat\u0113ti nopietni tehniskie boj\u0101jumi slimn\u012bcas lab\u0101 sp\u0101rna otr\u0101 st\u0101va p\u0101rseguma konstrukcij\u0101s. K\u0101 zi\u0146o av\u012bze Diena, \u0161o inform\u0101ciju sniedzusi pati slimn\u012bca. Incidenta atkl\u0101\u0161ana notika 22. decembr\u012b ikdienas darba uzraudz\u012bbas gait\u0101, kad person\u0101ls zem iepriek\u0161 uzliktajiem piekaramajiem griestiem paman\u012bja lok\u0101lus boj\u0101jumus neso\u0161aj\u0101s koka sij\u0101s.<\/p>\n<p>Situ\u0101cijas nopietn\u012bbas d\u0113\u013c, kas prevent\u012bvi tika nov\u0113rt\u0113ta k\u0101 potenci\u0101ls pirmsav\u0101rijas st\u0101voklis, nekav\u0113joties tika aktiviz\u0113ti dro\u0161\u012bbas protokoli. Terapijas un apr\u016bpes noda\u013ca, kas nodro\u0161ina stacion\u0101ro pal\u012bdz\u012bbu hronisku saslim\u0161anu, onkolo\u0123ijas un paliat\u012bv\u0101s apr\u016bpes pacientiem, k\u0101 ar\u012b atvese\u013co\u0161an\u0101s posmu p\u0113c oper\u0101cij\u0101m, tika nekav\u0113joties evaku\u0113ta. \u0160\u012b noda\u013ca Bauskas novada iedz\u012bvot\u0101jiem ir \u013coti svar\u012bga, nodro\u0161inot vid\u0113ji ap 42 gultasvietas.<\/p>\n<p>Pacientu p\u0101rve\u0161ana un pa\u0161reiz\u0113j\u0101 situ\u0101cija<\/p>\n<p>R\u012bc\u012bba notika \u0101tri un koordin\u0113ti. No sl\u0113gt\u0101s noda\u013cas tika izrakst\u012bti devi\u0146i pacienti, savuk\u0101rt desmit pacienti tika p\u0101rvesti uz cit\u0101m atbilsto\u0161\u0101m \u0101rstniec\u012bbas iest\u0101d\u0113m, lai nodro\u0161in\u0101tu vi\u0146u apr\u016bpes nep\u0101rtraukt\u012bbu. Slimn\u012bcas vad\u012bba uzsver, ka Bauskas slimn\u012bcas Neatliekam\u0101s medic\u012bnas un pacientu uz\u0146em\u0161anas noda\u013cas (NMPUN) darbs netiek aptur\u0113ts un pal\u012bdz\u012bbas snieg\u0161ana turpin\u0101s ierastaj\u0101 re\u017e\u012bm\u0101.<\/p>\n<blockquote>\n<p>Pa\u0161laik uz Terapijas un apr\u016bpes noda\u013cu jaunus pacientus neuz\u0146ems, kam\u0113r nav sa\u0146emts sertific\u0113ta b\u016bvin\u017eeniera atzinums par konstrukciju dro\u0161umu un pie\u0146emti turpm\u0101kie l\u0113mumi.<\/p>\n<\/blockquote>\n<p>Par notiku\u0161o ir inform\u0113ts Bauskas novada pa\u0161vald\u012bbas vad\u012bba k\u0101 kapit\u0101lda\u013cu tur\u0113t\u0101js, k\u0101 ar\u012b Vesel\u012bbas ministrijas Nozares kr\u012bzes vad\u012bbas noda\u013ca un B\u016bvniec\u012bbas valsts kontroles birojs (BVKB). L\u0113mumu pie\u0146em\u0161an\u0101 liela loma ir pacienta dro\u0161\u012bbai.<\/p>\n<p>Atbild\u012bbas no\u0161\u0137ir\u0161ana no notieko\u0161ajiem b\u016bvdarbiem<\/p>\n<p>Viens no b\u016btiskiem aspektiem, ko Bauskas slimn\u012bca skaidri komuniz\u0113, ir tas, ka konstat\u0113t\u0101 konstrukcijas probl\u0113ma nav saist\u012bta ar \u0161obr\u012bd slimn\u012bc\u0101 notieko\u0161ajiem apjom\u012bgajiem atjauno\u0161anas darbiem. Boj\u0101jumi lokaliz\u0113ti cit\u0101 \u0113kas da\u013c\u0101 \u2013 \u0101rpus akt\u012bv\u0101s b\u016bvdarbu zonas, virs neizmantot\u0101m b\u0113ni\u0146u telp\u0101m. S\u0101kotn\u0113j\u0101 izv\u0113rt\u0113jum\u0101 secin\u0101ts, ka defekti ir ilgsto\u0161a nolietojuma un iepriek\u0161\u0113j\u0101s apsaimnieko\u0161anas sekas, kas k\u013cuvu\u0161as vizu\u0101li paman\u0101mas tie\u0161i ikdienas uzraudz\u012bbas laik\u0101.<\/p>\n<p>\u0160obr\u012bd notieko\u0161ie b\u016bvdarbi ir da\u013ca no pla\u0161\u0101ka moderniz\u0101cijas projekta, kura m\u0113r\u0137is ir uzlabot NMPUN un izb\u016bv\u0113t jaunu dienas stacion\u0101ru, gatavojoties slimn\u012bcas 190. gadadienai 2025. gad\u0101. \u0160ie darbi, kas ietver jaunu telpu izb\u016bvi, turpin\u0101s atsevi\u0161\u0137\u0101 zon\u0101, iev\u0113rojot visas dro\u0161\u012bbas pras\u012bbas, un netiek uzskat\u012bts, ka tie b\u016btu izrais\u012bju\u0161i tie\u0161i \u0161o kritisko situ\u0101ciju.<\/p>\n<p>N\u0101kamie so\u013ci: Ekspert\u012bze un remonts<\/p>\n<p>Slimn\u012bca ir s\u0101kusi procesus, lai situ\u0101ciju risin\u0101tu operat\u012bvi. Uzs\u0101kta b\u016bves tehnisk\u0101 ekspert\u012bze, piesaistot sertific\u0113tu b\u016bvin\u017eenieri, kuram paredz\u0113ts sniegt atzinumu par konstrukciju st\u0101vokli 29. decembr\u012b. Tikai p\u0113c \u0161\u012b atzinuma sa\u0146em\u0161anas tiks pie\u0146emti gal\u012bgie l\u0113mumi par remontdarbu apjomu, nepiecie\u0161amo finans\u0113jumu un turpm\u0101ko r\u012bc\u012bbu.<\/p>\n<p>Paredzams, ka remontdarbi b\u016bs neatliekami, un tie ietvers boj\u0101to koka siju nomai\u0146u un konstrukciju pastiprin\u0101\u0161anu, lai nodro\u0161in\u0101tu \u0113kas dro\u0161u ekspluat\u0101ciju ilgtermi\u0146\u0101. \u0160is sare\u017e\u0123\u012btais un neparedz\u0113tais remonta posms pagaid\u0101m aiztur moderniz\u0101cijas pl\u0101nus, kas kopum\u0101 slimn\u012bcai ir noz\u012bm\u012bgs solis, lai k\u013c\u016btu par modern\u0101ku medic\u012bnas centru Zemgales re\u0123ion\u0101. Sabiedr\u012bba tiek aicin\u0101ta sekot l\u012bdzi ofici\u0101lajai inform\u0101cijai par t\u0101l\u0101ko norisi.<\/p>\n","protected":false},"excerpt":{"rendered":"Noda\u013cas darb\u012bba aptur\u0113ta dro\u0161\u012bbas apsv\u0113rumu d\u0113\u013c Bauskas slimn\u012bc\u0101 ir izsludin\u0101ta \u0101rk\u0101rtas situ\u0101cija un uz laiku aptur\u0113ta Terapijas un&hellip;\n","protected":false},"author":2,"featured_media":85908,"comment_status":"","ping_status":"","sticky":false,"template":"","format":"standard","meta":{"footnotes":""},"categories":[12],"tags":[23,21727,21798,28,29,21800,32,33,22,30,31,35,39,38,36,37,34,40,20,18992,26,27,21799,24,25,21],"class_list":{"0":"post-85907","1":"post","2":"type-post","3":"status-publish","4":"format-standard","5":"has-post-thumbnail","7":"category-latvija","8":"tag-aktualitates","9":"tag-arkartas-situacija","10":"tag-bauskas-slimnica","11":"tag-breaking-news","12":"tag-breakingnews","13":"tag-buvkonstrukcijas","14":"tag-featured-news","15":"tag-featurednews","16":"tag-headlines","17":"tag-latest-news","18":"tag-latestnews","19":"tag-latvia","20":"tag-latvian","21":"tag-latviesu","22":"tag-latviesu-valoda","23":"tag-latviesuvaloda","24":"tag-latvija","25":"tag-lv","26":"tag-news","27":"tag-pacientu-drosiba","28":"tag-popularakas-zinas","29":"tag-popularakaszinas","30":"tag-terapijas-un-aprupes-nodala","31":"tag-top-stories","32":"tag-topstories","33":"tag-zinas"},"share_on_mastodon":{"url":"https:\/\/pubeurope.com\/@lv\/115781012338222012","error":""},"_links":{"self":[{"href":"https:\/\/www.europesays.com\/lv\/wp-json\/wp\/v2\/posts\/85907","targetHints":{"allow":["GET"]}}],"collection":[{"href":"https:\/\/www.europesays.com\/lv\/wp-json\/wp\/v2\/posts"}],"about":[{"href":"https:\/\/www.europesays.com\/lv\/wp-json\/wp\/v2\/types\/post"}],"author":[{"embeddable":true,"href":"https:\/\/www.europesays.com\/lv\/wp-json\/wp\/v2\/users\/2"}],"replies":[{"embeddable":true,"href":"https:\/\/www.europesays.com\/lv\/wp-json\/wp\/v2\/comments?post=85907"}],"version-history":[{"count":0,"href":"https:\/\/www.europesays.com\/lv\/wp-json\/wp\/v2\/posts\/85907\/revisions"}],"wp:featuredmedia":[{"embeddable":true,"href":"https:\/\/www.europesays.com\/lv\/wp-json\/wp\/v2\/media\/85908"}],"wp:attachment":[{"href":"https:\/\/www.europesays.com\/lv\/wp-json\/wp\/v2\/media?parent=85907"}],"wp:term":[{"taxonomy":"category","embeddable":true,"href":"https:\/\/www.europesays.com\/lv\/wp-json\/wp\/v2\/categories?post=85907"},{"taxonomy":"post_tag","embeddable":true,"href":"https:\/\/www.europesays.com\/lv\/wp-json\/wp\/v2\/tags?post=85907"}],"curies":[{"name":"wp","href":"https:\/\/api.w.org\/{rel}","templated":true}]}}