{"id":85916,"date":"2025-12-25T15:59:28","date_gmt":"2025-12-25T15:59:28","guid":{"rendered":"https:\/\/www.europesays.com\/lv\/85916\/"},"modified":"2025-12-25T15:59:28","modified_gmt":"2025-12-25T15:59:28","slug":"video-%e2%9f%a9-turpinoties-gripas-epidemijai-latvija-piegadatas-6000-vakcinas","status":"publish","type":"post","link":"https:\/\/www.europesays.com\/lv\/85916\/","title":{"rendered":"VIDEO \u27e9 Turpinoties gripas epid\u0113mijai, Latvij\u0101 pieg\u0101d\u0101tas 6000 vakc\u012bnas"},"content":{"rendered":"<p>Slim\u012bbu profilakses un kontroles centra (SPKC) p\u0101rst\u0101ve Ilze \u016adre skaidro, ka pag\u0101ju\u0161aj\u0101 ned\u0113\u013c\u0101 ien\u0101ku\u0161as papildu 6000 devas, tika veiktas pirm\u0101s pieg\u0101des R\u012bg\u0101, Pier\u012bg\u0101. Tiem, kas ir veiku\u0161i pas\u016bt\u012bjumu, pieg\u0101des tiek nodro\u0161in\u0101tas.<\/p>\n<p>Latvijas Lauku \u0123imenes \u0101rstu asoci\u0101cija nor\u0101da, ka jau vair\u0101kus gadus \u0123imenes \u0101rsti v\u0113r\u0161 uzman\u012bbu uz nepietiekamu valsts apmaks\u0101to gripas vakc\u012bnu apjomu, kas ne\u013cauj piln\u012bb\u0101 nodro\u0161in\u0101t vakcin\u0101ciju riska grup\u0101m. Ar\u012b \u0161obr\u012bd papildu 6000 pieg\u0101d\u0101t\u0101s valsts apmaks\u0101t\u0101s vakc\u012bnu devas jau ir rezerv\u0113tas, un ne visas prakses, kas t\u0101s bija pieteiku\u0161as, t\u0101s var\u0113s sa\u0146emt.<\/p>\n<p>Lai ar\u012b piepras\u012bjums p\u0113c gripas vakc\u012bn\u0101m p\u0113d\u0113jos gados pieaug gan valsts apmaks\u0101taj\u0101, gan maksas segment\u0101, <a href=\"https:\/\/www.apollo.lv\/term\/560008\/vakcinas\" class=\"topicLink\" target=\"_blank\" rel=\"nofollow noopener\">vakc\u012bnas<\/a> netiek iepirktas liel\u0101k\u0101 apjom\u0101. Tam ir vair\u0101ki iemesli \u2013 iepriek\u0161 biju\u0161i gadi, kad da\u013ca vakc\u012bnu palikusi neizmantota, radot zaud\u0113jumus, turkl\u0101t ik gadu ir ar\u012b ierobe\u017eots finans\u0113jums valsts apmaks\u0101taj\u0101m vakc\u012bn\u0101m.<\/p>\n<p>Vair\u0101k skaties si\u017eet\u0101:<\/p>\n","protected":false},"excerpt":{"rendered":"Slim\u012bbu profilakses un kontroles centra (SPKC) p\u0101rst\u0101ve Ilze \u016adre skaidro, ka pag\u0101ju\u0161aj\u0101 ned\u0113\u013c\u0101 ien\u0101ku\u0161as papildu 6000 devas, tika&hellip;\n","protected":false},"author":2,"featured_media":85917,"comment_status":"","ping_status":"","sticky":false,"template":"","format":"standard","meta":{"footnotes":""},"categories":[5],"tags":[23,28,29,32,33,5657,22,30,31,35,39,38,36,37,34,40,20,26,27,24,25,21802,787,21],"class_list":{"0":"post-85916","1":"post","2":"type-post","3":"status-publish","4":"format-standard","5":"has-post-thumbnail","7":"category-aktualitates","8":"tag-aktualitates","9":"tag-breaking-news","10":"tag-breakingnews","11":"tag-featured-news","12":"tag-featurednews","13":"tag-gripa","14":"tag-headlines","15":"tag-latest-news","16":"tag-latestnews","17":"tag-latvia","18":"tag-latvian","19":"tag-latviesu","20":"tag-latviesu-valoda","21":"tag-latviesuvaloda","22":"tag-latvija","23":"tag-lv","24":"tag-news","25":"tag-popularakas-zinas","26":"tag-popularakaszinas","27":"tag-top-stories","28":"tag-topstories","29":"tag-vakcinas","30":"tag-veselibas-aprupe","31":"tag-zinas"},"share_on_mastodon":{"url":"https:\/\/pubeurope.com\/@lv\/115781039859686772","error":""},"_links":{"self":[{"href":"https:\/\/www.europesays.com\/lv\/wp-json\/wp\/v2\/posts\/85916","targetHints":{"allow":["GET"]}}],"collection":[{"href":"https:\/\/www.europesays.com\/lv\/wp-json\/wp\/v2\/posts"}],"about":[{"href":"https:\/\/www.europesays.com\/lv\/wp-json\/wp\/v2\/types\/post"}],"author":[{"embeddable":true,"href":"https:\/\/www.europesays.com\/lv\/wp-json\/wp\/v2\/users\/2"}],"replies":[{"embeddable":true,"href":"https:\/\/www.europesays.com\/lv\/wp-json\/wp\/v2\/comments?post=85916"}],"version-history":[{"count":0,"href":"https:\/\/www.europesays.com\/lv\/wp-json\/wp\/v2\/posts\/85916\/revisions"}],"wp:featuredmedia":[{"embeddable":true,"href":"https:\/\/www.europesays.com\/lv\/wp-json\/wp\/v2\/media\/85917"}],"wp:attachment":[{"href":"https:\/\/www.europesays.com\/lv\/wp-json\/wp\/v2\/media?parent=85916"}],"wp:term":[{"taxonomy":"category","embeddable":true,"href":"https:\/\/www.europesays.com\/lv\/wp-json\/wp\/v2\/categories?post=85916"},{"taxonomy":"post_tag","embeddable":true,"href":"https:\/\/www.europesays.com\/lv\/wp-json\/wp\/v2\/tags?post=85916"}],"curies":[{"name":"wp","href":"https:\/\/api.w.org\/{rel}","templated":true}]}}