{"id":85920,"date":"2025-12-25T16:01:10","date_gmt":"2025-12-25T16:01:10","guid":{"rendered":"https:\/\/www.europesays.com\/lv\/85920\/"},"modified":"2025-12-25T16:01:10","modified_gmt":"2025-12-25T16:01:10","slug":"kameruna-kotdivuara-un-burkinafaso-iesak-turniru-ar-uzvaram-pirmas-spelu-dienas-ietvaros-lente-lv","status":"publish","type":"post","link":"https:\/\/www.europesays.com\/lv\/85920\/","title":{"rendered":"Kamer\u016bna, Kotdivu\u0101ra un Burkinafaso ies\u0101k turn\u012bru ar uzvar\u0101m pirm\u0101s sp\u0113\u013cu dienas ietvaros\u00a0\u2014\u00a0Lente.lv"},"content":{"rendered":"<p>AFCON 2025 pirm\u0101 sp\u0113\u013cu diena nosl\u0113gusies Marok\u0101<\/p>\n<p>Pag\u0101ju\u0161aj\u0101 vakar\u0101 Marok\u0101 nosl\u0113dz\u0101s \u0100frikas N\u0101ciju kausa (AFCON) 2025 pirm\u0101 sp\u0113\u013cu diena, kuras ietvaros visas 24 komandas aizvad\u012bja savas atkl\u0101\u0161anas sp\u0113les. K\u0101 inform\u0113 telekan\u0101ls EuroNews, dienas programm\u0101 bija iek\u013cautas \u010detras sp\u0113les E un F apak\u0161grup\u0101s. S\u0101kotn\u0113ji uzman\u012bba tika piev\u0113rsta Kasablankai, valsts ekonomiskajam un r\u016bpnieciskajam centram, kur sav\u0101 starp\u0101 tik\u0101s Burkinafaso un Ekvatori\u0101l\u0101 Gvineja.<\/p>\n<p>Dramatiskas uzvaras E apak\u0161grup\u0101<\/p>\n<p>E apak\u0161grupas atkl\u0101\u0161anas sp\u0113l\u0113 p\u0113c bezv\u0101rtu pirm\u0101 puslaika sekoja aizraujo\u0161as beigu dr\u0101mas. Ekvatori\u0101l\u0101 Gvineja izvirz\u012bj\u0101s vad\u012bb\u0101, ta\u010du Burkinafaso pan\u0101ca atsp\u0113l\u0113\u0161anos un guva divus v\u0101rtus kompens\u0101cijas laika gait\u0101, pateicoties Georgija Minung\u016b un Edmonda Tapsobas v\u0101rtu guvumiem, nodro\u0161inot sev 2:1 uzvaru ar atsp\u0113l\u0113\u0161anos. V\u0113l\u0101k uzman\u012bba p\u0101rc\u0113l\u0101s uz Rab\u0101tu, Marokas galvaspils\u0113tu Atlantijas piekrast\u0113, kur \u201cPrince Moulay Hassan\u201d stadion\u0101 Al\u017e\u012brija tik\u0101s ar Sud\u0101nu. Vair\u0101k nek\u0101 16 000 skat\u012bt\u0101ju, kuru vid\u016b p\u0101rsvar\u0101 bija kaisl\u012bgi Al\u017e\u012brijas l\u012bdzjut\u0113ji, v\u0113roja Rijada Mahreza divus v\u0101rtus, kas \u201cFennecs\u201d nodro\u0161in\u0101ja p\u0101rliecino\u0161u 3:0 s\u0101kumu kampa\u0146\u0101.<\/p>\n<p>Sp\u0113l\u0113t\u0101ju reakcijas<\/p>\n<p>Al\u017e\u012brijas kreisais aizsargs D\u017eauens Had\u017eams atzina komandas sniegumu p\u0113c sp\u0113les:<\/p>\n<blockquote>\n<p>\u201cT\u0101 bija laba sp\u0113le, labs s\u0101kums mums, un, In\u0161allah, m\u0113s uzvar\u0113sim vair\u0101k sp\u0113\u013cu.\u201d<\/p>\n<\/blockquote>\n<p>Savuk\u0101rt Sud\u0101nas uzbr\u016bko\u0161ais pussargs Amirs Abdall\u0101hs nor\u0101d\u012bja uz gr\u016bt\u012bb\u0101m, ar kur\u0101m sask\u0101r\u0101s vi\u0146u komanda:<\/p>\n<blockquote>\n<p>\u201cTas bija nedaudz gr\u016bti. Ac\u012bmredzami, sarkan\u0101 kart\u012bte s\u0101kum\u0101 nepal\u012bdz, un, protams, t\u0101 bija vien\u012bg\u0101 lieta, kas Al\u017e\u012brijai bija. Tas padar\u012bja sp\u0113li patie\u0161\u0101m smagu, bet dom\u0101ju, ka m\u0113s bij\u0101m nedaudz neveiksm\u012bgi ar t\u0101m iesp\u0113j\u0101m, kas mums bija.\u201d<\/p>\n<\/blockquote>\n<p>F apak\u0161grupas sp\u0113les<\/p>\n<p>Burkinafaso negaid\u012bt\u0101 uzvara apvienojum\u0101 ar Al\u017e\u012brijas komfortablo pan\u0101kumu rad\u012bjusi intrigu pirms sv\u0113tdien gaid\u0101m\u0101s savstarp\u0113j\u0101s sp\u0113les Rab\u0101t\u0101 \u201cPrince Moulay Hassan\u201d stadion\u0101. P\u0113c E apak\u0161grupas sp\u0113l\u0113m skati piev\u0113rs\u0101s F apak\u0161grupai, kur Marok\u0101 tika aizvad\u012btas v\u0113l divas c\u012b\u0146as.<\/p>\n<p>Mar\u0101k\u0113\u0161\u0101, \u201cSarkanaj\u0101 pils\u0113t\u0101\u201d, pa\u0161reiz\u0113jie \u010dempioni Kotdivu\u0101ra tik\u0101s ar Mozambiku. Kotdivu\u0101rai rad\u0101s gr\u016bt\u012bbas at\u0161ifr\u0113t notur\u012bgo Mozambikas aizsardz\u012bbu, tom\u0113r paciet\u012bba atmaks\u0101j\u0101s neilgi p\u0113c otr\u0101 puslaika s\u0101kuma, kad Amads Diallo guva vien\u012bgos v\u0101rtus, nodro\u0161inot minim\u0101lu 1:0 uzvaru. P\u0113d\u0113j\u0101 pirm\u0101s sp\u0113\u013cu dienas sp\u0113le notika Agadir\u0101, popul\u0101raj\u0101 Marokas k\u016brortpils\u0113t\u0101, kur F apak\u0161grupas otraj\u0101 sp\u0113l\u0113 Kamer\u016bna m\u0113roj\u0101s sp\u0113kiem ar Gabonu. Kamer\u016bna izvirz\u012bj\u0101s vad\u012bb\u0101 agri, pateicoties Etta Ejong v\u0101rtu guvumam, un v\u0113l\u0101k n\u0101c\u0101s stipri aizsarg\u0101ties, jo Gabona cent\u0101s pan\u0101kt neiz\u0161\u0137irtu. Neskatoties uz vair\u0101k\u0101m v\u0101rtu g\u016b\u0161anas iesp\u0113j\u0101m, \u201cPanteras\u201d nesp\u0113ja lauzt pretinieka aizsardz\u012bbu, un Kamer\u016bna notur\u0113ja 1:0 vad\u012bbu l\u012bdz pat fin\u0101la svilpei. \u0160ie atkl\u0101\u0161anas pan\u0101kumi padara sv\u0113tdien Mar\u0101k\u0113\u0161\u0101 gaid\u0101mo dueli starp \u201cZilo\u0146iem\u201d un \u201cNeapturamajiem Lauv\u0101m\u201d v\u0113l aizraujo\u0161\u0101ku.<\/p>\n","protected":false},"excerpt":{"rendered":"AFCON 2025 pirm\u0101 sp\u0113\u013cu diena nosl\u0113gusies Marok\u0101 Pag\u0101ju\u0161aj\u0101 vakar\u0101 Marok\u0101 nosl\u0113dz\u0101s \u0100frikas N\u0101ciju kausa (AFCON) 2025 pirm\u0101 sp\u0113\u013cu&hellip;\n","protected":false},"author":2,"featured_media":85921,"comment_status":"","ping_status":"","sticky":false,"template":"","format":"standard","meta":{"footnotes":""},"categories":[17],"tags":[20626,21805,3006,21804,35,39,38,36,37,34,40,20627,67],"class_list":{"0":"post-85920","1":"post","2":"type-post","3":"status-publish","4":"format-standard","5":"has-post-thumbnail","7":"category-sports","8":"tag-afcon-2025","9":"tag-burkinafaso","10":"tag-kameruna","11":"tag-kotdivuara","12":"tag-latvia","13":"tag-latvian","14":"tag-latviesu","15":"tag-latviesu-valoda","16":"tag-latviesuvaloda","17":"tag-latvija","18":"tag-lv","19":"tag-maroka-futbols","20":"tag-sports"},"share_on_mastodon":{"url":"https:\/\/pubeurope.com\/@lv\/115781047615221315","error":""},"_links":{"self":[{"href":"https:\/\/www.europesays.com\/lv\/wp-json\/wp\/v2\/posts\/85920","targetHints":{"allow":["GET"]}}],"collection":[{"href":"https:\/\/www.europesays.com\/lv\/wp-json\/wp\/v2\/posts"}],"about":[{"href":"https:\/\/www.europesays.com\/lv\/wp-json\/wp\/v2\/types\/post"}],"author":[{"embeddable":true,"href":"https:\/\/www.europesays.com\/lv\/wp-json\/wp\/v2\/users\/2"}],"replies":[{"embeddable":true,"href":"https:\/\/www.europesays.com\/lv\/wp-json\/wp\/v2\/comments?post=85920"}],"version-history":[{"count":0,"href":"https:\/\/www.europesays.com\/lv\/wp-json\/wp\/v2\/posts\/85920\/revisions"}],"wp:featuredmedia":[{"embeddable":true,"href":"https:\/\/www.europesays.com\/lv\/wp-json\/wp\/v2\/media\/85921"}],"wp:attachment":[{"href":"https:\/\/www.europesays.com\/lv\/wp-json\/wp\/v2\/media?parent=85920"}],"wp:term":[{"taxonomy":"category","embeddable":true,"href":"https:\/\/www.europesays.com\/lv\/wp-json\/wp\/v2\/categories?post=85920"},{"taxonomy":"post_tag","embeddable":true,"href":"https:\/\/www.europesays.com\/lv\/wp-json\/wp\/v2\/tags?post=85920"}],"curies":[{"name":"wp","href":"https:\/\/api.w.org\/{rel}","templated":true}]}}