{"id":85922,"date":"2025-12-25T16:03:08","date_gmt":"2025-12-25T16:03:08","guid":{"rendered":"https:\/\/www.europesays.com\/lv\/85922\/"},"modified":"2025-12-25T16:03:08","modified_gmt":"2025-12-25T16:03:08","slug":"krievijas-armija-uzbrukusi-hersonas-tirgum-nogalinats-viens-cilveks","status":"publish","type":"post","link":"https:\/\/www.europesays.com\/lv\/85922\/","title":{"rendered":"Krievijas armija uzbrukusi Hersonas tirgum. Nogalin\u0101ts viens cilv\u0113ks"},"content":{"rendered":"<p>Ap\u0161aud\u0113 izn\u012bcin\u0101tas tirdzniec\u012bbas vietas, izc\u0113lu\u0161ies ugunsgr\u0113ki.<\/p>\n<p>&#8220;25. decembra pusdienlaik\u0101 krievi uzs\u0101ka pla\u0161u uzbrukumu Hersonas centr\u0101. Dienas vid\u016b okupanti ciniski uzbruka tirgum, kur cilv\u0113ki gatavoj\u0101s sv\u0113tkiem. Vair\u0101ku uzbrukumu rezult\u0101t\u0101 tika izn\u012bcin\u0101ti veikali,&#8221; sac\u012bja Prokudins.<\/p>\n<p>Hersonas aizsardz\u012bbas gvardes vad\u012bt\u0101js Jaroslavs \u0160anko piez\u012bm\u0113ja, ka uzbruc\u0113ji labi apzin\u0101j\u0101s cilv\u0113ku daudzumu, kas dienas vid\u016b atrad\u012bsies tirg\u016b. &#8220;Krievu okupanti Herson\u0101 sar\u012bkoja asi\u0146ainus Ziemassv\u0113tkus,&#8221; vi\u0146\u0161 uzsv\u0113ra.<\/p>\n<p>Nogalin\u0101tais ir 47 gadus vecs tirgus darbinieks.<\/p>\n<p><a href=\"https:\/\/www.apollo.lv\/term\/676141\/hersona\" class=\"topicLink\" target=\"_blank\" rel=\"nofollow noopener\">Hersona<\/a> atrodas pie frontes l\u012bnijas, to past\u0101v\u012bgi ap\u0161auda Krievijas karasp\u0113ks un pils\u0113t\u0101 notiek Krievijas dronu uzbrukumi.<\/p>\n","protected":false},"excerpt":{"rendered":"Ap\u0161aud\u0113 izn\u012bcin\u0101tas tirdzniec\u012bbas vietas, izc\u0113lu\u0161ies ugunsgr\u0113ki. &#8220;25. decembra pusdienlaik\u0101 krievi uzs\u0101ka pla\u0161u uzbrukumu Hersonas centr\u0101. Dienas vid\u016b okupanti&hellip;\n","protected":false},"author":2,"featured_media":85923,"comment_status":"","ping_status":"","sticky":false,"template":"","format":"standard","meta":{"footnotes":""},"categories":[14],"tags":[23,57,28,29,32,33,22,12002,74,30,31,35,39,38,36,37,34,40,20,26,27,24,25,276,54,55,56,21,58],"class_list":{"0":"post-85922","1":"post","2":"type-post","3":"status-publish","4":"format-standard","5":"has-post-thumbnail","7":"category-zinas-no-arvalstim","8":"tag-aktualitates","9":"tag-arvalstim","10":"tag-breaking-news","11":"tag-breakingnews","12":"tag-featured-news","13":"tag-featurednews","14":"tag-headlines","15":"tag-hersona","16":"tag-krievijas-iebrukums-ukraina","17":"tag-latest-news","18":"tag-latestnews","19":"tag-latvia","20":"tag-latvian","21":"tag-latviesu","22":"tag-latviesu-valoda","23":"tag-latviesuvaloda","24":"tag-latvija","25":"tag-lv","26":"tag-news","27":"tag-popularakas-zinas","28":"tag-popularakaszinas","29":"tag-top-stories","30":"tag-topstories","31":"tag-ukraina","32":"tag-world","33":"tag-world-news","34":"tag-worldnews","35":"tag-zinas","36":"tag-zinas-no-arvalstim"},"share_on_mastodon":{"url":"https:\/\/pubeurope.com\/@lv\/115781055563025623","error":""},"_links":{"self":[{"href":"https:\/\/www.europesays.com\/lv\/wp-json\/wp\/v2\/posts\/85922","targetHints":{"allow":["GET"]}}],"collection":[{"href":"https:\/\/www.europesays.com\/lv\/wp-json\/wp\/v2\/posts"}],"about":[{"href":"https:\/\/www.europesays.com\/lv\/wp-json\/wp\/v2\/types\/post"}],"author":[{"embeddable":true,"href":"https:\/\/www.europesays.com\/lv\/wp-json\/wp\/v2\/users\/2"}],"replies":[{"embeddable":true,"href":"https:\/\/www.europesays.com\/lv\/wp-json\/wp\/v2\/comments?post=85922"}],"version-history":[{"count":0,"href":"https:\/\/www.europesays.com\/lv\/wp-json\/wp\/v2\/posts\/85922\/revisions"}],"wp:featuredmedia":[{"embeddable":true,"href":"https:\/\/www.europesays.com\/lv\/wp-json\/wp\/v2\/media\/85923"}],"wp:attachment":[{"href":"https:\/\/www.europesays.com\/lv\/wp-json\/wp\/v2\/media?parent=85922"}],"wp:term":[{"taxonomy":"category","embeddable":true,"href":"https:\/\/www.europesays.com\/lv\/wp-json\/wp\/v2\/categories?post=85922"},{"taxonomy":"post_tag","embeddable":true,"href":"https:\/\/www.europesays.com\/lv\/wp-json\/wp\/v2\/tags?post=85922"}],"curies":[{"name":"wp","href":"https:\/\/api.w.org\/{rel}","templated":true}]}}