{"id":85942,"date":"2025-12-25T16:21:08","date_gmt":"2025-12-25T16:21:08","guid":{"rendered":"https:\/\/www.europesays.com\/lv\/85942\/"},"modified":"2025-12-25T16:21:08","modified_gmt":"2025-12-25T16:21:08","slug":"skarbas-atminas-par-sumahera-sleposanas-negadijumu-brivdienu-celojums-tragiski-beidzas-vacu-futbolistam","status":"publish","type":"post","link":"https:\/\/www.europesays.com\/lv\/85942\/","title":{"rendered":"Skarbas atmi\u0146as par \u0160\u016bmahera sl\u0113po\u0161anas negad\u012bjumu \u2013 br\u012bvdienu ce\u013cojums tra\u0123iski beidzas v\u0101cu futbolistam"},"content":{"rendered":"<p>V\u0101cu futbola zvaigzne nokrita no aptuveni 70 metru augstum\u0101, kad pac\u0113l\u0101js, ar kuru vi\u0146\u0161 atrad\u0101s Savin Kuk sl\u0113po\u0161anas k\u016brort\u0101 Melnkalnes zieme\u013cos, p\u0113k\u0161\u0146i sal\u016bza, nogalinot vi\u0146u. Vi\u0146a sieva bija kop\u0101 ar vi\u0146u, kad vi\u0146\u0161 krita, un vi\u0146a izdz\u012bvoja, bet guva smagus ievainojumus un bija spiesta doties uz slimn\u012bcu ar k\u0101jas l\u016bzumu p\u0113c tam, kad bija iesprostota salauztaj\u0101 kr\u0113sl\u0101.<\/p>\n<blockquote class=\"twitter-tweet\">\n<p dir=\"ltr\" lang=\"en\">\ud83d\udea8 German footballer Sebastian Hertner dies after falling 70 meters from a chairlift during a ski holiday in Montenegro.<\/p>\n<p>\u00b7 Sebastian Hertner, 34, fell about 70 meters when a chairlift he was riding at the Savin Kuk ski resort in northern Montenegro suddenly detached, causing him\u2026 <a href=\"https:\/\/t.co\/go1E9amnhQ\" rel=\"nofollow\">pic.twitter.com\/go1E9amnhQ<\/a><\/p>\n<p>\u2014 The Touchline | \ud835\udc13 (@TouchlineX) <a href=\"https:\/\/twitter.com\/TouchlineX\/status\/2003707209788850683?ref_src=twsrc%5Etfw\" rel=\"nofollow noopener\" target=\"_blank\">December 24, 2025<\/a><\/p>\n<\/blockquote>\n<p>Septi\u0146k\u0101rt\u0113js F1 pasaules \u010dempions Mihaels \u0160\u016bmahers, kur\u0161 bija lielisk\u0101 form\u0101 un labpr\u0101t izaicin\u0101ja sevi, sl\u0113pojot paz\u012bstam\u0101 viet\u0101 \u0101rpus iez\u012bm\u0113taj\u0101m tras\u0113m un ietriec\u0101s akmen\u012b. Vi\u0146a dz\u012bv\u012bbu izgl\u0101ba vi\u0146a \u0137ivere, ta\u010du \u0101rsti teica, ka vi\u0146\u0161 \u201cc\u012bn\u012bj\u0101s par savu dz\u012bv\u012bbu\u201d turpm\u0101kaj\u0101s stund\u0101s. Hertneram briesmas nerad\u0101s no k\u013c\u016bdas izaicino\u0161\u0101 skr\u0113jien\u0101; t\u0101s rad\u0101s no briesm\u012bgas meh\u0101niskas probl\u0113mas sl\u0113po\u0161anas k\u016brort\u0101, kas garant\u0113 dro\u0161\u012bbu, raksta essentiallysports.com.<\/p>\n<p>Incidenta d\u0113\u013c vismaz tr\u012bs citi t\u016bristi uz vair\u0101k\u0101m stund\u0101m bija iesprostoti pac\u0113l\u0101j\u0101, kas v\u0113l vair\u0101k saasin\u0101ja dienas \u0161ausmas. Viet\u0113jais m\u0113rs nekav\u0113joties lika veikt visaptvero\u0161u izmekl\u0113\u0161anu un sl\u0113gt pac\u0113l\u0101ju, ta\u010du zi\u0146as par tra\u0123\u0113diju sniedz\u0101s t\u0101lu aiz Durmitoras kalniem.<\/p>\n<p>Ne maz\u0101k s\u0101p\u012bgi k\u0101 Mihaela \u0160\u016bmahera tra\u0123\u0113dija<\/p>\n<p>Pla\u0161i izplat\u012bt\u0101s s\u0113ru zi\u0146a p\u0113c n\u0101v\u0113jo\u0161\u0101s sl\u0113po\u0161anas negad\u012bjuma, kur\u0101 g\u0101ja boj\u0101 v\u0101cu futbolists Sebastians Hertners, liecina, ka tra\u0123\u0113dija ir daudz dzi\u013c\u0101ka nek\u0101 viena sportista n\u0101ve. Daudzas atsauksmes saista \u0161o notikumu ar dzi\u013c\u0101m bail\u0113m, kas ir daudziem ziemas sporta faniem, k\u0101 to teica k\u0101ds cilv\u0113ks: \u201cLiel\u0101k\u0101s bailes atkl\u0101tas. \u0160\u012b ir tik liela tra\u0123\u0113dija daudzos l\u012bme\u0146os. Es vienm\u0113r esmu baid\u012bjies no kaut k\u0101 t\u0101da, kad esmu \u0161ajos kr\u0113slu pac\u0113l\u0101jos, jo da\u017ei no tiem ir biju\u0161i nedaudz sar\u016bs\u0113ju\u0161i un rad\u012bju\u0161i vadu ska\u0146as. Lai mier\u0101 dus.\u201d<\/p>\n<p class=\"ad-desc ad-desc-main\">Saturs turpin\u0101s p\u0113c rekl\u0101mas<\/p>\n<p class=\"ad-desc ad-desc-sec\">Rekl\u0101ma<\/p>\n<p>\u0100tr\u0101, gandr\u012bz instinkt\u012bv\u0101 saikne ar citu sporta le\u0123endu Mihaelu \u0160\u016bmaheru pie\u0161\u0137ir dzi\u013cu skumju dimensiju. \u201cTik tra\u0123isks st\u0101sts. V\u0113l \u0161ausmino\u0161\u0101ku to padara tas, k\u0101 tas atspogu\u013co Mihaela \u0160\u016bmahera sl\u0113po\u0161anas negad\u012bjumu \u2013 vien\u0101 br\u012bd\u012b esi atva\u013cin\u0101jum\u0101 un dari kaut ko t\u0101du, ko miljoniem cilv\u0113ku dara prieka p\u0113c, un sekundes simtda\u013c\u0101 viss main\u0101s uz visiem laikiem. Lai mier\u0101 dus Sebastian, un lai sp\u0113ks tavai sievai un \u0123imenei,\u201d teica k\u0101ds fans.<\/p>\n<p>\u0160\u012b tra\u0123\u0113dija ir izrais\u012bjusi s\u0101p\u012bgu sakrit\u012bbas saj\u016btu V\u0101cijas sporta aprind\u0101s, un viens cilv\u0113ks jaut\u0101: \u201cKas notiek ar v\u0101cu sportistiem un sl\u0113po\u0161anu\u2026 \u0160\u016bmahers, kur\u0161 bija kom\u0101, Neiers ar lauztu k\u0101ju, kas gandr\u012bz izjauca vi\u0146a karjeru, un tagad \u0161is\u2026 esmu tik nikns, dzirdot \u0161\u012bs slikt\u0101s zi\u0146as.\u201d<\/p>\n<p>Tas ir l\u012bdz\u012bgi vair\u0101kiem labi zin\u0101miem notikumiem, piem\u0113ram, smadze\u0146u traum\u0101m, kas main\u012bja Mihaela \u0160\u016bmahera dz\u012bvi, un k\u0101jas traumai, kas gandr\u012bz izbeidza Manuela Neiera karjeru sl\u0113po\u0161anas laik\u0101. Inform\u0101cija par to, ka Hertnera sieva izdz\u012bvoja kritien\u0101, smagi ievainota un iesprostota vi\u0146am blakus, nav atst\u0101jusi cilv\u0113kus vienaldz\u012bgus.<\/p>\n<p>K\u0101ds fans rakst\u012bja: \u201cBriesm\u012bgi. Lai miers, Sebastianam. L\u012bdzj\u016bt\u012bba un v\u0113l\u0113jumi \u0101trai un piln\u012bgai atvese\u013co\u0161anai vi\u0146a sievai.\u201d<\/p>\n<p>Kam\u0113r k\u0101ds cits fans pauda l\u012bdz\u012bgu viedokli: \u201cR.I.P., \u010dempion\u2026 Sv\u0113tki p\u0101rv\u0113r\u0161as tra\u0123\u0113dij\u0101, tikai iedom\u0101joties, ko j\u016bt sieva.\u201d<\/p>\n<p>\u0160is briesm\u012bgais negad\u012bjums ir sp\u0113c\u012bgs atg\u0101din\u0101jums par to, cik trausla ir dz\u012bve.<\/p>\n<p>Skaties Pirm\u0101s formulas sac\u012bkstes <a href=\"https:\/\/go3.lv\/categories\/formula1,category-6886369utm_source=tv3.lv&amp;utm_medium=local&amp;utm_campaign=formula1\" target=\"_blank\" rel=\"noopener nofollow\">Go3 telev\u012bzij\u0101<\/a>!<\/p>\n<p class=\"tv3-fw-500\">Zi\u0146o par k\u013c\u016bdu rakst\u0101<\/p>\n<p class=\"d-md-block d-none\">Iez\u012bm\u0113 k\u013c\u016bdaino tekstu un spied Ctrl+Enter.<\/p>\n<p class=\"d-md-none d-block\">Iez\u012bm\u0113 k\u013c\u016bdaino tekstu un zi\u0146o par to!<\/p>\n<p>                <script async src=\"https:\/\/platform.twitter.com\/widgets.js\" charset=\"utf-8\"><\/script><\/p>\n","protected":false},"excerpt":{"rendered":"V\u0101cu futbola zvaigzne nokrita no aptuveni 70 metru augstum\u0101, kad pac\u0113l\u0101js, ar kuru vi\u0146\u0161 atrad\u0101s Savin Kuk sl\u0113po\u0161anas&hellip;\n","protected":false},"author":2,"featured_media":85943,"comment_status":"","ping_status":"","sticky":false,"template":"","format":"standard","meta":{"footnotes":""},"categories":[14],"tags":[23,57,28,29,21818,32,33,22,30,31,35,39,38,36,37,34,40,20,26,27,24,25,54,55,56,21,58],"class_list":{"0":"post-85942","1":"post","2":"type-post","3":"status-publish","4":"format-standard","5":"has-post-thumbnail","7":"category-zinas-no-arvalstim","8":"tag-aktualitates","9":"tag-arvalstim","10":"tag-breaking-news","11":"tag-breakingnews","12":"tag-f1futbolsin-memoriammihaels-sumaherssebastians-hertners","13":"tag-featured-news","14":"tag-featurednews","15":"tag-headlines","16":"tag-latest-news","17":"tag-latestnews","18":"tag-latvia","19":"tag-latvian","20":"tag-latviesu","21":"tag-latviesu-valoda","22":"tag-latviesuvaloda","23":"tag-latvija","24":"tag-lv","25":"tag-news","26":"tag-popularakas-zinas","27":"tag-popularakaszinas","28":"tag-top-stories","29":"tag-topstories","30":"tag-world","31":"tag-world-news","32":"tag-worldnews","33":"tag-zinas","34":"tag-zinas-no-arvalstim"},"share_on_mastodon":{"url":"https:\/\/pubeurope.com\/@lv\/115781126295102874","error":""},"_links":{"self":[{"href":"https:\/\/www.europesays.com\/lv\/wp-json\/wp\/v2\/posts\/85942","targetHints":{"allow":["GET"]}}],"collection":[{"href":"https:\/\/www.europesays.com\/lv\/wp-json\/wp\/v2\/posts"}],"about":[{"href":"https:\/\/www.europesays.com\/lv\/wp-json\/wp\/v2\/types\/post"}],"author":[{"embeddable":true,"href":"https:\/\/www.europesays.com\/lv\/wp-json\/wp\/v2\/users\/2"}],"replies":[{"embeddable":true,"href":"https:\/\/www.europesays.com\/lv\/wp-json\/wp\/v2\/comments?post=85942"}],"version-history":[{"count":0,"href":"https:\/\/www.europesays.com\/lv\/wp-json\/wp\/v2\/posts\/85942\/revisions"}],"wp:featuredmedia":[{"embeddable":true,"href":"https:\/\/www.europesays.com\/lv\/wp-json\/wp\/v2\/media\/85943"}],"wp:attachment":[{"href":"https:\/\/www.europesays.com\/lv\/wp-json\/wp\/v2\/media?parent=85942"}],"wp:term":[{"taxonomy":"category","embeddable":true,"href":"https:\/\/www.europesays.com\/lv\/wp-json\/wp\/v2\/categories?post=85942"},{"taxonomy":"post_tag","embeddable":true,"href":"https:\/\/www.europesays.com\/lv\/wp-json\/wp\/v2\/tags?post=85942"}],"curies":[{"name":"wp","href":"https:\/\/api.w.org\/{rel}","templated":true}]}}