{"id":85965,"date":"2025-12-25T16:49:09","date_gmt":"2025-12-25T16:49:09","guid":{"rendered":"https:\/\/www.europesays.com\/lv\/85965\/"},"modified":"2025-12-25T16:49:09","modified_gmt":"2025-12-25T16:49:09","slug":"ko-legendu-parsteidza-jaunakas-paaudzes-hokejistu-vide-lente-lv","status":"publish","type":"post","link":"https:\/\/www.europesays.com\/lv\/85965\/","title":{"rendered":"Ko le\u0123endu p\u0101rsteidza jaun\u0101k\u0101s paaudzes hokejistu vid\u0113?\u00a0\u2014\u00a0Lente.lv"},"content":{"rendered":"<p>No laukuma l\u012bdz soli\u0146am: P\u0101rdomas par p\u0101rmai\u0146\u0101m hokeja vid\u0113<\/p>\n<p>Latvijas hokeja le\u0123enda un Stenlija kausa ieguv\u0113js Sandis Ozoli\u0146\u0161 nesen dal\u012bjies ar sav\u0101m atzi\u0146\u0101m un p\u0101rsteigumiem, atgrie\u017eoties Latvijas nacion\u0101l\u0101s hokeja izlases \u0123\u0113rbtuv\u0113, ta\u010du \u0161oreiz jau trenera asistentu lom\u0101. K\u0101 zi\u0146o Latvijas Av\u012bze, \u0161\u012bs domas tika izteiktas sporta sarunu \u0161ova \u201ceXi\u201d jaun\u0101kaj\u0101 epizod\u0113, kur\u0101 Ozoli\u0146\u0161 sniedza ieskatu sav\u0101 jaunaj\u0101 perspekt\u012bv\u0101 p\u0113c vair\u0101k nek\u0101 desmit gadiem, kop\u0161 vi\u0146\u0161 beidza akt\u012bvo sp\u0113l\u0113t\u0101ja karjeru 2014. gad\u0101.<\/p>\n<p>Ozoli\u0146a atgrie\u0161an\u0101s Latvijas izlases treneru korpus\u0101 notika 2025. gada oktobr\u012b, kad vi\u0146\u0161 k\u013cuva par galven\u0101 trenera Harija V\u012btoli\u0146a pal\u012bgu, gatavojoties 2026. gada ziemas olimpiskaj\u0101m sp\u0113l\u0113m Mil\u0101n\u0101. \u0160\u012b loma iez\u012bm\u0113 noz\u012bm\u012bgu pav\u0113rsienu vi\u0146a karjer\u0101, kur\u0101 jau bijusi pieredze gan R\u012bgas \u201cDinamo\u201d trenera asistenta un \u012bslaic\u012bga galven\u0101 trenera amat\u0101, gan ar\u012b NHL kluba Kolor\u0101do \u201cAvalanche\u201d skauta pien\u0101kumi.<\/p>\n<p>\u0122\u0113rbtuves dinamika: Jauna attieksme un atv\u0113rt\u012bba<\/p>\n<p>P\u0101rce\u013coties no sp\u0113l\u0113t\u0101ja uz trenera kr\u0113slu, Ozoli\u0146\u0161 atkl\u0101jis, ka vi\u0146u visvair\u0101k p\u0101rsteigusi sp\u0113l\u0113t\u0101ju attieksme un jaun\u0101s paaudzes dom\u0101\u0161anas veids. Biju\u0161ais aizsargs atzinis, ka tagad, v\u0113rojot notieko\u0161o no malas, vi\u0146\u0161 saskata b\u016btiskas at\u0161\u0137ir\u012bbas hokeja vid\u0113.<\/p>\n<blockquote>\n<p>\u201cMain\u012bjusies ir visa vide, visa dinamika. Ir citas sarunas, citi sp\u0113l\u0113t\u0101ji, un tas ir interesanti,\u201d atkl\u0101j Ozoli\u0146\u0161.<\/p>\n<\/blockquote>\n<p>K\u0101 viens no noz\u012bm\u012bg\u0101kajiem nov\u0113rojumiem bijusi jaun\u0101ko hokejistu liel\u0101k\u0101 atv\u0113rt\u012bba un gatav\u012bba uzklaus\u012bt treneru padomus. \u0160is aspekts krietni at\u0161\u0137iras no t\u0101 laika, kad Ozoli\u0146\u0161 pats v\u0113l bija akt\u012bvs sp\u0113l\u0113t\u0101js laukum\u0101, sniedzot vi\u0146am jaunu izpratni par m\u016bsdienu sportistu psiholo\u0123iju un motiv\u0101cijas avotiem, kas ir vit\u0101li svar\u012bga trenera darb\u0101.<\/p>\n<p>Pirmie treni\u0146sezoni un praktisk\u0101 pieredze<\/p>\n<p>Ozoli\u0146a praktisk\u0101 ievirze trenera lom\u0101 Latvijas izlas\u0113 s\u0101k\u0101s jau novembra s\u0101kum\u0101, piedaloties turn\u012br\u0101 \u201cDeutschland Cup\u201d V\u0101cij\u0101. \u0160is starptautiskais p\u0101rbaud\u012bjums \u013c\u0101va vi\u0146am nekav\u0113joties pielietot savas jaun\u0101s prasmes un notest\u0113t nov\u0113rot\u0101s izmai\u0146as hokeja vid\u0113 praks\u0113. \u0160\u012b pieredze tiek uzskat\u012bta par b\u016btisku, \u0146emot v\u0113r\u0101 Ozoli\u0146a ilgtermi\u0146a amb\u012bcijas trenera karjer\u0101.<\/p>\n<p>Treneru korpuss, kur\u0101 Ozoli\u0146\u0161 pievienoj\u0101s V\u012btoli\u0146am, ietver ar\u012b citus pieredz\u0113ju\u0161us speci\u0101listus, tostarp Art\u016bru Irbi, Petteri Nummelinu un Lauri D\u0101rzi\u0146u. LHF pazi\u0146ojum\u0101 tika uzsv\u0113rts, ka komanda ir l\u012bdzsvarota, katram ar skaidri defin\u0113t\u0101m atbild\u012bbas jom\u0101m, lai nodro\u0161in\u0101tu efekt\u012bvu sagatavo\u0161anos gaid\u0101majiem olimpiskajiem ma\u010diem, kuros Latvijas izlase C apak\u0161grup\u0101 tiksies ar ASV, V\u0101ciju un D\u0101niju.<\/p>\n<p>Ambicijas un n\u0101kotnes v\u012bzijas<\/p>\n<p>Lai gan Ozoli\u0146\u0161 iepriek\u0161 ir paudis piesardz\u012bbu attiec\u012bb\u0101 uz darbu izlas\u0113, ja LHF vad\u012bb\u0101 atrastos konkr\u0113tas amatpersonas, vi\u0146a piekri\u0161ana V\u012btoli\u0146a pied\u0101v\u0101jumam liecina par jaunu skat\u012bjumu un iesp\u0113jamu viedok\u013cu saska\u0146o\u0161anos jaut\u0101jumos par Latvijas hokeja att\u012bst\u012bbu. Vi\u0146\u0161 izteicis gatav\u012bbu piel\u0101goties galven\u0101 trenera redz\u0113jumam, lai gan sarun\u0101s nor\u0101d\u012bjis, ka pien\u0101kumu sadal\u012bjums tiks preciz\u0113ts gatavo\u0161an\u0101s f\u0101zes gait\u0101. Ilgtermi\u0146\u0101 Ozoli\u0146\u0161 cer, ka \u0161is asistentu posms pav\u0113rs ce\u013cu ar\u012b uz galven\u0101 trenera amatu n\u0101kotn\u0113. \u0160obr\u012bd galvenais fokuss, protams, ir uz pan\u0101kumiem Mil\u0101nas olimpiskaj\u0101s sp\u0113l\u0113s, kur pieredzes apmai\u0146a un jaun\u0101s ener\u0123ijas iek\u013cau\u0161ana var dot b\u016btisku pievienoto v\u0113rt\u012bbu komandai.<\/p>\n<p>Hokeja vide main\u0101s, bet saikne paliek<\/p>\n<p>Fakts, ka Ozoli\u0146\u0161, viens no valsts ikonisk\u0101kajiem hokejistiem, atgriezies sav\u0101 sporta vid\u0113, kalpo k\u0101 spilgts piem\u0113rs tam, k\u0101 hokejs un t\u0101 profesion\u0101l\u0101 kult\u016bra laika gait\u0101 transform\u0113jas. Lai gan \u0123\u0113rbtuves atmosf\u0113ra un sp\u0113l\u0113t\u0101ju paaudzes mentalit\u0101te ir main\u012bjusies, Ozoli\u0146a bag\u0101t\u012bg\u0101 pieredze gan laukum\u0101, gan aiz t\u0101 robe\u017e\u0101m, sniedz unik\u0101lu ieguld\u012bjumu trenera korpus\u0101, m\u0113\u0123inot nodro\u0161in\u0101t Latvijas izlasei maksim\u0101li labus rezult\u0101tus gaid\u0101maj\u0101 olimpiskaj\u0101 cikl\u0101.<\/p>\n","protected":false},"excerpt":{"rendered":"No laukuma l\u012bdz soli\u0146am: P\u0101rdomas par p\u0101rmai\u0146\u0101m hokeja vid\u0113 Latvijas hokeja le\u0123enda un Stenlija kausa ieguv\u0113js Sandis Ozoli\u0146\u0161&hellip;\n","protected":false},"author":2,"featured_media":85966,"comment_status":"","ping_status":"","sticky":false,"template":"","format":"standard","meta":{"footnotes":""},"categories":[17],"tags":[21822,4242,9857,35,39,38,36,37,34,1532,40,3474,67],"class_list":{"0":"post-85965","1":"post","2":"type-post","3":"status-publish","4":"format-standard","5":"has-post-thumbnail","7":"category-sports","8":"tag-exi-sarunu-sovs","9":"tag-harijs-vitolins","10":"tag-hokeja-treneris","11":"tag-latvia","12":"tag-latvian","13":"tag-latviesu","14":"tag-latviesu-valoda","15":"tag-latviesuvaloda","16":"tag-latvija","17":"tag-latvijas-hokeja-izlase","18":"tag-lv","19":"tag-sandis-ozolins","20":"tag-sports"},"share_on_mastodon":{"url":"https:\/\/pubeurope.com\/@lv\/115781236368689822","error":""},"_links":{"self":[{"href":"https:\/\/www.europesays.com\/lv\/wp-json\/wp\/v2\/posts\/85965","targetHints":{"allow":["GET"]}}],"collection":[{"href":"https:\/\/www.europesays.com\/lv\/wp-json\/wp\/v2\/posts"}],"about":[{"href":"https:\/\/www.europesays.com\/lv\/wp-json\/wp\/v2\/types\/post"}],"author":[{"embeddable":true,"href":"https:\/\/www.europesays.com\/lv\/wp-json\/wp\/v2\/users\/2"}],"replies":[{"embeddable":true,"href":"https:\/\/www.europesays.com\/lv\/wp-json\/wp\/v2\/comments?post=85965"}],"version-history":[{"count":0,"href":"https:\/\/www.europesays.com\/lv\/wp-json\/wp\/v2\/posts\/85965\/revisions"}],"wp:featuredmedia":[{"embeddable":true,"href":"https:\/\/www.europesays.com\/lv\/wp-json\/wp\/v2\/media\/85966"}],"wp:attachment":[{"href":"https:\/\/www.europesays.com\/lv\/wp-json\/wp\/v2\/media?parent=85965"}],"wp:term":[{"taxonomy":"category","embeddable":true,"href":"https:\/\/www.europesays.com\/lv\/wp-json\/wp\/v2\/categories?post=85965"},{"taxonomy":"post_tag","embeddable":true,"href":"https:\/\/www.europesays.com\/lv\/wp-json\/wp\/v2\/tags?post=85965"}],"curies":[{"name":"wp","href":"https:\/\/api.w.org\/{rel}","templated":true}]}}