{"id":85973,"date":"2025-12-25T17:04:31","date_gmt":"2025-12-25T17:04:31","guid":{"rendered":"https:\/\/www.europesays.com\/lv\/85973\/"},"modified":"2025-12-25T17:04:31","modified_gmt":"2025-12-25T17:04:31","slug":"darzkopibas-instituta-verojumi-par-klimata-izmainam-latvija-lente-lv","status":"publish","type":"post","link":"https:\/\/www.europesays.com\/lv\/85973\/","title":{"rendered":"D\u0101rzkop\u012bbas Instit\u016bta V\u0113rojumi Par Klimata Izmai\u0146\u0101m Latvij\u0101\u00a0\u2014\u00a0Lente.lv"},"content":{"rendered":"<p>Klimata p\u0101rmai\u0146as: Redzams Raksturs un Sekas<\/p>\n<p>Klimata p\u0101rmai\u0146as vairs nav tikai teor\u0113tisks j\u0113dziens; t\u0101s k\u013c\u016bst par ikdienas realit\u0101ti, ko izj\u016bt iedz\u012bvot\u0101ji un, \u012bpa\u0161i, lauksaimniec\u012bbas nozare Latvij\u0101. P\u0113d\u0113jos gados nov\u0113rot\u0101s tendences \u2013 no negaid\u012bti aukst\u0101m un p\u0101rmitr\u0101m vasar\u0101m l\u012bdz neparasti silt\u0101m ziem\u0101m, k\u0101 ar\u012b intens\u012bvi un posto\u0161i lietusg\u0101zes un krusas uzliesmojumi \u2013 liecina par notieko\u0161o ekstr\u0113mu laikapst\u0101k\u013cu pieaugumu. K\u0101 inform\u0113 Latvijas Sabiedriskie Mediji, tie\u0161i \u0161ie apst\u0101k\u013ci liek satraukties par n\u0101kotnes ra\u017e\u0101m un ekosist\u0113mu stabilit\u0101ti.<\/p>\n<p>Par \u0161\u012bm b\u016btiskaj\u0101m izmai\u0146\u0101m, kas skar visu Latvijas teritoriju, detaliz\u0113ti st\u0101sta D\u0101rzkop\u012bbas instit\u016bta (DI) zin\u0101tnieces. Jau \u010detru desmitga\u017eu garum\u0101 veikt\u0101 datu anal\u012bze Dobel\u0113 apliecina ac\u012bmredzamo: vid\u0113j\u0101 temperat\u016bra Latvij\u0101 vi\u013c\u0146veid\u012bgi, bet nep\u0101rtraukti k\u0101pj. \u0160\u012b prognoz\u0113t\u0101 temperat\u016bras tendence, kas atbilst ar\u012b visp\u0101r\u0113j\u0101m glob\u0101laj\u0101m noris\u0113m, rada jaunas probl\u0113mas un adapt\u0101cijas nepiecie\u0161am\u012bbu lauksaimniec\u012bb\u0101.<\/p>\n<p>D\u0101rzkop\u012bbas Instit\u016bta Datu Anal\u012bze: Temperat\u016bras Virz\u012bba<\/p>\n<p>D\u0101rzkop\u012bbas instit\u016bta meteorolo\u0123isk\u0101s stacijas Dobel\u0113 m\u0113ra prec\u012bzus datus par temperat\u016bru (ik pa 15 min\u016bt\u0113m), mitrumu, nokri\u0161\u0146u daudzumu un saules sp\u012bd\u0113\u0161anas laiku. \u0160ie dati, kas v\u0101kti ilgtermi\u0146\u0101, sniedz objekt\u012bvu pamatu secin\u0101jumiem par klimata nians\u0113m re\u0123ion\u0101. Vado\u0161\u0101 p\u0113tniece, akad\u0113mi\u0137e L\u012bga Lepse, nor\u0101da, ka, analiz\u0113jot \u0161os gadu desmitiem uzkr\u0101tos datus, var p\u0101rliecin\u0101ties par temperat\u016bras pieaugumu, kas ir b\u016btisks faktors, lai izprastu agrovides dinamiku.<\/p>\n<p>Lai gan prec\u012bzi 40 gadu interv\u0101la dati par temperat\u016bras pieaugumu \u0161obr\u012bd nav tie\u0161i cit\u0113ti, Latvijas Vides \u0123eolo\u0123ijas un meteorolo\u0123ijas centra (LV\u0122MC) dati par laika periodu no 1961. l\u012bdz 2020. gadam jau iepriek\u0161 liecin\u0101ja par vienm\u0113r\u012bgu gaisa temperat\u016bras paaugstin\u0101\u0161anos, kas izteikta gan vid\u0113j\u0101s, gan minim\u0101l\u0101s un maksim\u0101l\u0101s v\u0113rt\u012bb\u0101s. Piem\u0113ram, vid\u0113j\u0101 gada gaisa temperat\u016bra atbilsto\u0161i normas periodam (1981.\u20132010. gads) bija par 1,1 \u00b0C augst\u0101ka nek\u0101 iepriek\u0161\u0113j\u0101 referen\u010du period\u0101 (1961.\u20131990. gads). \u0160\u0101da tendence, kas noz\u012bm\u0113 silt\u0101kas ziemas un iesp\u0113jami agr\u0101kas sezonu s\u0101ktas, ir galvenais izaicin\u0101jums, ar ko saskaras augu selekcija un audz\u0113\u0161ana.<\/p>\n<p>Ekstr\u0113mo Nokri\u0161\u0146u Uzliesmojumi un To Post\u012bjumi<\/p>\n<p>Ja temperat\u016bras k\u0101pums ir l\u0113na, bet stabila tendence, tad nokri\u0161\u0146u re\u017e\u012bma izmai\u0146as ir strauj\u0101kas un daudz j\u016btamas. P\u0113d\u0113jie gadi Latvijas lauksaimniec\u012bb\u0101 biju\u0161i \u012bpa\u0161i smagi, ko ilustr\u0113 ar\u012b 2025. gada vasara. P\u0101rm\u0113r\u012bgs mitrums, kas s\u0101k\u0101s jau pavasar\u012b, kulmin\u0113ja ar \u0101rk\u0101rt\u0113j\u0101s situ\u0101cijas izsludin\u0101\u0161anu lauksaimniec\u012bb\u0101 5. august\u0101. \u0160is mitrums rad\u012bja virkni probl\u0113mu:<\/p>\n<ul>\n<li>Nevienm\u0113r\u012bga s\u0113jumu d\u012bg\u0161ana un sak\u0146u sist\u0113mu att\u012bst\u012bbas kav\u0113\u0161an\u0101s.<\/li>\n<li>Augsnes sabl\u012bv\u0113jums un sk\u0101bek\u013ca tr\u016bkums sakn\u0113m.<\/li>\n<li>Tie\u0161a ra\u017eas kvalit\u0101tes pasliktin\u0101\u0161an\u0101s, piem\u0113ram, graudaugiem krit\u0101s kri\u0161anas skaitlis un prote\u012bna saturs, bet rap\u0161a s\u0113klas zaud\u0113ja e\u013c\u013cas saturu un s\u0101ka d\u012bgt v\u0113l nep\u013caut\u0101s plat\u012bb\u0101s.<\/li>\n<\/ul>\n<p>\u0160\u0101du ekstr\u0113mu notikumu bie\u017eums, tostarp sp\u0113c\u012bgas krusas, liecina par to, ka nokri\u0161\u0146i k\u013c\u016bst nevis tikai bie\u017e\u0101ki, bet ar\u012b ekstr\u0113m\u0101ki. Lauksaimnieki ir spiesti main\u012bt strat\u0113\u0123iju, piem\u0113ram, samazinot ziem\u0101ju plat\u012bbas, lai mazin\u0101tu riskus, kas n\u0101kamaj\u0101 gad\u0101 var rezult\u0113ties ar zem\u0101ku ra\u017eas potenci\u0101lu, jo atk\u0101rtota s\u0113ja ar vasar\u0101jiem main\u012bgos apst\u0101k\u013cos rada papildu nenoteikt\u012bbu.<\/p>\n<p>Adapt\u0101cijas Strat\u0113\u0123ijas Lauksaimniec\u012bb\u0101 un D\u0101rzkop\u012bb\u0101<\/p>\n<p>Klimata p\u0101rmai\u0146u izaicin\u0101jumi pieprasa akt\u012bvu adapt\u0101ciju. D\u0101rzkop\u012bbas instit\u016bts, kas p\u0113ta \u0161\u0137ir\u0146u notur\u012bbu un jaunas audz\u0113\u0161anas metodes, cen\u0161as rast risin\u0101jumus. Main\u012bgie apst\u0101k\u013ci liek p\u0101rskat\u012bt selekcijas priorit\u0101tes \u2013 augiem j\u0101b\u016bt iztur\u012bg\u0101kiem ne tikai pret specifisk\u0101m slim\u012bb\u0101m, bet ar\u012b pret visp\u0101r\u0113ju stresu, ko rada gan sausums, gan p\u0101rm\u0113r\u012bgs mitrums. Agr\u0101kas ziemas un v\u0113l\u0101kas rudens salnas var atv\u0113rt iesp\u0113jas audz\u0113t kult\u016bras, kas iepriek\u0161 Latvijas klimat\u0101 nebija tik veiksm\u012bgas. Piem\u0113ram, ir jaut\u0101jums par to, k\u0101das jaunas kult\u016bras var\u0113tu ieviest vai k\u0101das \u0161\u0137irnes k\u013c\u016bst piem\u0113rot\u0101kas ilgsto\u0161am sausumam.<\/p>\n<blockquote><p> Klimata apst\u0101k\u013ci, ko nov\u0113ro D\u0101rzkop\u012bbas instit\u016bt\u0101, tie\u0161\u0101 veid\u0101 ietekm\u0113 lauksaimniec\u012bbas sp\u0113ju nodro\u0161in\u0101t ne tikai apjomu, bet ar\u012b nepiecie\u0161amo kvalit\u0101ti. \u0160obr\u012bd ir j\u0101fokus\u0113jas uz augsnes atjauno\u0161anu, kult\u016braugu aizsardz\u012bbu un ilgtsp\u0113j\u012bgu prak\u0161u ievie\u0161anu, lai mazin\u0101tu sist\u0113misku ra\u017eas potenci\u0101la kritumu.<\/p><\/blockquote>\n<p>Zin\u0101tnieki izmanto ar\u012b modern\u0101s tehnolo\u0123ijas. Meteodatu apkopo\u0161ana tiek integr\u0113ta slim\u012bbu un kait\u0113k\u013cu att\u012bst\u012bbas prognoz\u0113\u0161anas algoritmos, \u013caujot prec\u012bz\u0101k noteikt optim\u0101lo laiku, piem\u0113ram, fungic\u012bdu vai citu aizsardz\u012bbas l\u012bdzek\u013cu lieto\u0161anai, kas ir vit\u0101li svar\u012bgi, kad mitrums veicina slim\u012bbu izplat\u012bbu.<\/p>\n<p>N\u0101kotnes Perspekt\u012bva un Sabiedr\u012bbas Riski<\/p>\n<p>Lauksaimniec\u012bbas nozare, kas ir \u013coti atkar\u012bga no laika apst\u0101k\u013ciem, saskaras ar milz\u012bg\u0101m probl\u0113m\u0101m nodro\u0161inot p\u0101rtiku un saimniec\u012bbu ien\u0101kumus main\u012bgos apst\u0101k\u013cos. Latvijas iedz\u012bvot\u0101ji ar\u012b apzin\u0101s \u0161o risku. Eiropas Invest\u012bciju bankas 2024. gada dati liecina, ka iev\u0113rojama da\u013ca Latvijas iedz\u012bvot\u0101ju uztraucas par sek\u0101m, kas var\u0113tu piespiest p\u0101rcelties uz dro\u0161\u0101k\u0101m viet\u0101m, piem\u0113ram, tie\u0161u pl\u016bdu, me\u017ea ugunsgr\u0113ku vai citu ekstr\u0113mu notikumu d\u0113\u013c. Turkl\u0101t Latvij\u0101 ir nov\u0113rojams augsts risks saskarties ar upju pl\u016bdiem.<\/p>\n<p>Lai tiktu gal\u0101 ar \u0161iem izaicin\u0101jumiem, tiek izstr\u0101d\u0101ti nacion\u0101lie piel\u0101go\u0161an\u0101s pl\u0101ni, kas skar gan ekonomiskos, gan vides aspektus. \u0160\u012b p\u0101rmai\u0146u f\u0101ze prasa gan zin\u0101tnes, gan prakses cie\u0161u sadarb\u012bbu, lai nodro\u0161in\u0101tu Latvijas p\u0101rtikas dro\u0161\u012bbu un lauku ilgtsp\u0113j\u012bgu att\u012bst\u012bbu n\u0101kamaj\u0101s dek\u0101d\u0113s, \u0146emot v\u0113r\u0101 gan m\u0113ren\u0101kus (RCP 4.5), gan noz\u012bm\u012bgus (RCP 8.5) klimata p\u0101rmai\u0146u scen\u0101rijus.<\/p>\n","protected":false},"excerpt":{"rendered":"Klimata p\u0101rmai\u0146as: Redzams Raksturs un Sekas Klimata p\u0101rmai\u0146as vairs nav tikai teor\u0113tisks j\u0113dziens; t\u0101s k\u013c\u016bst par ikdienas realit\u0101ti,&hellip;\n","protected":false},"author":2,"featured_media":85974,"comment_status":"","ping_status":"","sticky":false,"template":"","format":"standard","meta":{"footnotes":""},"categories":[12],"tags":[23,28,29,21825,32,33,22,3761,30,31,35,39,38,36,37,34,7604,21827,40,20,21826,26,27,24,25,21],"class_list":{"0":"post-85973","1":"post","2":"type-post","3":"status-publish","4":"format-standard","5":"has-post-thumbnail","7":"category-latvija","8":"tag-aktualitates","9":"tag-breaking-news","10":"tag-breakingnews","11":"tag-darzkopibas-instituts","12":"tag-featured-news","13":"tag-featurednews","14":"tag-headlines","15":"tag-klimata-parmainas","16":"tag-latest-news","17":"tag-latestnews","18":"tag-latvia","19":"tag-latvian","20":"tag-latviesu","21":"tag-latviesu-valoda","22":"tag-latviesuvaloda","23":"tag-latvija","24":"tag-lauksaimnieciba","25":"tag-liga-lepse","26":"tag-lv","27":"tag-news","28":"tag-nokrisnu-ekstremi","29":"tag-popularakas-zinas","30":"tag-popularakaszinas","31":"tag-top-stories","32":"tag-topstories","33":"tag-zinas"},"share_on_mastodon":{"url":"https:\/\/pubeurope.com\/@lv\/115781295463685001","error":""},"_links":{"self":[{"href":"https:\/\/www.europesays.com\/lv\/wp-json\/wp\/v2\/posts\/85973","targetHints":{"allow":["GET"]}}],"collection":[{"href":"https:\/\/www.europesays.com\/lv\/wp-json\/wp\/v2\/posts"}],"about":[{"href":"https:\/\/www.europesays.com\/lv\/wp-json\/wp\/v2\/types\/post"}],"author":[{"embeddable":true,"href":"https:\/\/www.europesays.com\/lv\/wp-json\/wp\/v2\/users\/2"}],"replies":[{"embeddable":true,"href":"https:\/\/www.europesays.com\/lv\/wp-json\/wp\/v2\/comments?post=85973"}],"version-history":[{"count":0,"href":"https:\/\/www.europesays.com\/lv\/wp-json\/wp\/v2\/posts\/85973\/revisions"}],"wp:featuredmedia":[{"embeddable":true,"href":"https:\/\/www.europesays.com\/lv\/wp-json\/wp\/v2\/media\/85974"}],"wp:attachment":[{"href":"https:\/\/www.europesays.com\/lv\/wp-json\/wp\/v2\/media?parent=85973"}],"wp:term":[{"taxonomy":"category","embeddable":true,"href":"https:\/\/www.europesays.com\/lv\/wp-json\/wp\/v2\/categories?post=85973"},{"taxonomy":"post_tag","embeddable":true,"href":"https:\/\/www.europesays.com\/lv\/wp-json\/wp\/v2\/tags?post=85973"}],"curies":[{"name":"wp","href":"https:\/\/api.w.org\/{rel}","templated":true}]}}