{"id":85984,"date":"2025-12-25T17:27:10","date_gmt":"2025-12-25T17:27:10","guid":{"rendered":"https:\/\/www.europesays.com\/lv\/85984\/"},"modified":"2025-12-25T17:27:10","modified_gmt":"2025-12-25T17:27:10","slug":"turcija-aiztureti-vairak-neka-100-islama-valsts-dalibnieku","status":"publish","type":"post","link":"https:\/\/www.europesays.com\/lv\/85984\/","title":{"rendered":"Turcij\u0101 aiztur\u0113ti vair\u0101k nek\u0101 100 &#8220;Isl\u0101ma valsts&#8221; dal\u012bbnieku"},"content":{"rendered":"<p class=\"descr\">Turcijas liel\u0101kaj\u0101 pils\u0113t\u0101 Stambul\u0101 aiztur\u0113ti vair\u0101k nek\u0101 100 teroristu grup\u0113juma &#8220;Isl\u0101ma valsts&#8221; dal\u012bbnieku, kas tiek tur\u0113ti aizdom\u0101s par to, ka pl\u0101noju\u0161i uzbrukumus nemusulma\u0146iem Ziemassv\u0113tku laik\u0101, ceturtdien pazi\u0146oja prokurat\u016bra.<\/p>\n<p>Krat\u012b\u0161anas notiku\u0161as 124 adres\u0113s vis\u0101 Stambul\u0101, un atrasti <a href=\"https:\/\/nra.lv\/pasaule\/509292-australijas-hanukas-apsaude-jaunaka-informacija-un-iemesli.htm\" data-item-link=\"true\" data-item-id=\"509292\" rel=\"nofollow noopener\" target=\"_blank\">\u0161aujamiero\u010di<\/a>, mun\u012bcija un organizatoriski dokumenti.<\/p>\n<p>Policija aiztur\u0113jusi 115 aizdom\u0101s turamos, bet v\u0113l tiek mekl\u0113ti v\u0113l 22 aizdom\u0101s turamie.<\/p>\n<blockquote><p>Uzbrukumus bijis pl\u0101nots veikt vis\u0101 Turcij\u0101, galvenik\u0101rt pret nemusulma\u0146iem.<\/p><\/blockquote>\n<p>Prokurat\u016bra nor\u0101d\u012bja, ka aizdom\u0101s turamie uztur\u0113ju\u0161i kontaktus ar &#8220;<a href=\"https:\/\/nra.lv\/pasaule\/509151-aiztureti-islamisti-par-planotu-uzbrukumu-vacijas-ziemassvetku-tirdzinam.htm\" data-item-link=\"true\" data-item-id=\"509151\" rel=\"nofollow noopener\" target=\"_blank\">Isl\u0101ma valsts<\/a>&#8221; akt\u012bvistiem \u0101rpus Turcijas.<\/p>\n<p>\u0160oned\u0113\u013c Turcijas izl\u016bkdienests ar\u012b veica oper\u0101ciju Afganist\u0101nas un Pakist\u0101nas pierobe\u017e\u0101, aizturot Turcijas pilsoni, kuram bijusi svar\u012bga loma &#8220;Isl\u0101ma valsts&#8221; strukt\u016br\u0101.<\/p>\n<p>Aiztur\u0113tais Mehmets Gerens, kur\u0161 ir p\u0101rvests uz Turciju, tiek tur\u0113ts aizdom\u0101s par pa\u0161n\u0101vnieku uzbrukumu organiz\u0113\u0161anu Afganist\u0101n\u0101, Pakist\u0101n\u0101, Turcij\u0101 un Eirop\u0101.<\/p>\n<p>\t\t\t\t\t\tinfo<\/p>\n<p>Uzzini pirmais<br \/>kas interesants noticis Latvij\u0101 un pasaul\u0113,<br \/>pievienojoties mums <a href=\"https:\/\/t.me\/neatkariga\" rel=\"nofollow\">Telegram<\/a> vai <a href=\"https:\/\/whatsapp.com\/channel\/0029VaMLFUH5K3zLU5s4wm3y\" rel=\"nofollow noopener\" target=\"_blank\">Whatsapp<\/a> kan\u0101l\u0101<\/p>\n","protected":false},"excerpt":{"rendered":"Turcijas liel\u0101kaj\u0101 pils\u0113t\u0101 Stambul\u0101 aiztur\u0113ti vair\u0101k nek\u0101 100 teroristu grup\u0113juma &#8220;Isl\u0101ma valsts&#8221; dal\u012bbnieku, kas tiek tur\u0113ti aizdom\u0101s par&hellip;\n","protected":false},"author":2,"featured_media":85985,"comment_status":"","ping_status":"","sticky":false,"template":"","format":"standard","meta":{"footnotes":""},"categories":[14],"tags":[23,57,28,29,32,33,22,30,31,35,39,38,36,37,34,40,20,26,27,24,25,54,55,56,21,58],"class_list":{"0":"post-85984","1":"post","2":"type-post","3":"status-publish","4":"format-standard","5":"has-post-thumbnail","7":"category-zinas-no-arvalstim","8":"tag-aktualitates","9":"tag-arvalstim","10":"tag-breaking-news","11":"tag-breakingnews","12":"tag-featured-news","13":"tag-featurednews","14":"tag-headlines","15":"tag-latest-news","16":"tag-latestnews","17":"tag-latvia","18":"tag-latvian","19":"tag-latviesu","20":"tag-latviesu-valoda","21":"tag-latviesuvaloda","22":"tag-latvija","23":"tag-lv","24":"tag-news","25":"tag-popularakas-zinas","26":"tag-popularakaszinas","27":"tag-top-stories","28":"tag-topstories","29":"tag-world","30":"tag-world-news","31":"tag-worldnews","32":"tag-zinas","33":"tag-zinas-no-arvalstim"},"share_on_mastodon":{"url":"https:\/\/pubeurope.com\/@lv\/115781385838011630","error":""},"_links":{"self":[{"href":"https:\/\/www.europesays.com\/lv\/wp-json\/wp\/v2\/posts\/85984","targetHints":{"allow":["GET"]}}],"collection":[{"href":"https:\/\/www.europesays.com\/lv\/wp-json\/wp\/v2\/posts"}],"about":[{"href":"https:\/\/www.europesays.com\/lv\/wp-json\/wp\/v2\/types\/post"}],"author":[{"embeddable":true,"href":"https:\/\/www.europesays.com\/lv\/wp-json\/wp\/v2\/users\/2"}],"replies":[{"embeddable":true,"href":"https:\/\/www.europesays.com\/lv\/wp-json\/wp\/v2\/comments?post=85984"}],"version-history":[{"count":0,"href":"https:\/\/www.europesays.com\/lv\/wp-json\/wp\/v2\/posts\/85984\/revisions"}],"wp:featuredmedia":[{"embeddable":true,"href":"https:\/\/www.europesays.com\/lv\/wp-json\/wp\/v2\/media\/85985"}],"wp:attachment":[{"href":"https:\/\/www.europesays.com\/lv\/wp-json\/wp\/v2\/media?parent=85984"}],"wp:term":[{"taxonomy":"category","embeddable":true,"href":"https:\/\/www.europesays.com\/lv\/wp-json\/wp\/v2\/categories?post=85984"},{"taxonomy":"post_tag","embeddable":true,"href":"https:\/\/www.europesays.com\/lv\/wp-json\/wp\/v2\/tags?post=85984"}],"curies":[{"name":"wp","href":"https:\/\/api.w.org\/{rel}","templated":true}]}}