{"id":86000,"date":"2025-12-25T17:38:11","date_gmt":"2025-12-25T17:38:11","guid":{"rendered":"https:\/\/www.europesays.com\/lv\/86000\/"},"modified":"2025-12-25T17:38:11","modified_gmt":"2025-12-25T17:38:11","slug":"vilna-pie-ladetaja-nodegusi-tris-elektromobili","status":"publish","type":"post","link":"https:\/\/www.europesays.com\/lv\/86000\/","title":{"rendered":"Vi\u013c\u0146\u0101 pie l\u0101d\u0113t\u0101ja nodegu\u0161i tr\u012bs elektromobi\u013ci"},"content":{"rendered":"<p><a rel=\"noopener nofollow\" target=\"_blank\" href=\"https:\/\/www.delfi.lv\/temas\/38938071\/lietuva\" tag-id=\"38938071\">Lietuvas<\/a> galvaspils\u0113t\u0101 Vi\u013c\u0146\u0101 otrdien, 23. decembr\u012b, pirms pulksten 6 no r\u012bta pie k\u0101da lielveikala \u0101tr\u0101s uzl\u0101des stacijas aizdeg\u0101s &#8220;Volkswagen e-up!&#8221; elektromobilis, no kura izrais\u012btaj\u0101m liesm\u0101m nodega v\u0113l divi pie l\u0101d\u0113t\u0101ja novietotie <a rel=\"noopener nofollow\" target=\"_blank\" href=\"https:\/\/www.delfi.lv\/temas\/53600957\/elektroauto\" tag-id=\"53600957\">elektroauto<\/a>.<\/p>\n<p class=\"m-0\">Seko &#8220;Delfi&#8221; ar\u012b  <a target=\"_blank\" href=\"https:\/\/www.instagram.com\/delfi.lv\/\" rel=\"nofollow noopener\">Instagram<\/a>  un <a target=\"_blank\" href=\"https:\/\/www.youtube.com\/channel\/UCw5foWtcJvAbUm64rv7jwUQ\" rel=\"nofollow noopener\">YouTube<\/a>  profil\u0101 \u2013 pievienojies, lai uzzin\u0101tu svar\u012bg\u0101ko un interesant\u0101ko pirmais!<\/p>\n<p>Publik\u0101cijas saturs vai t\u0101s jebk\u0101da apjoma da\u013ca ir aizsarg\u0101ts autorties\u012bbu objekts Autorties\u012bbu likuma izpratn\u0113, un t\u0101 izmanto\u0161ana bez izdev\u0113ja at\u013caujas ir aizliegta. Vair\u0101k lasi  <a target=\"_blank\" href=\"https:\/\/www.delfi.lv\/noteikumi#autortiesibas\" rel=\"nofollow noopener\">\u0161eit<\/a><script async src=\"\/\/www.instagram.com\/embed.js\"><\/script><\/p>\n","protected":false},"excerpt":{"rendered":"Lietuvas galvaspils\u0113t\u0101 Vi\u013c\u0146\u0101 otrdien, 23. decembr\u012b, pirms pulksten 6 no r\u012bta pie k\u0101da lielveikala \u0101tr\u0101s uzl\u0101des stacijas aizdeg\u0101s&hellip;\n","protected":false},"author":2,"featured_media":86001,"comment_status":"","ping_status":"","sticky":false,"template":"","format":"standard","meta":{"footnotes":""},"categories":[16],"tags":[77,76,2558,35,39,38,36,37,34,1464,40,2290],"class_list":{"0":"post-86000","1":"post","2":"type-post","3":"status-publish","4":"format-standard","5":"has-post-thumbnail","7":"category-bizness","8":"tag-bizness","9":"tag-business","10":"tag-elektroauto","11":"tag-latvia","12":"tag-latvian","13":"tag-latviesu","14":"tag-latviesu-valoda","15":"tag-latviesuvaloda","16":"tag-latvija","17":"tag-lietuva","18":"tag-lv","19":"tag-ugunsdzeseji"},"share_on_mastodon":{"url":"https:\/\/pubeurope.com\/@lv\/115781429132489318","error":""},"_links":{"self":[{"href":"https:\/\/www.europesays.com\/lv\/wp-json\/wp\/v2\/posts\/86000","targetHints":{"allow":["GET"]}}],"collection":[{"href":"https:\/\/www.europesays.com\/lv\/wp-json\/wp\/v2\/posts"}],"about":[{"href":"https:\/\/www.europesays.com\/lv\/wp-json\/wp\/v2\/types\/post"}],"author":[{"embeddable":true,"href":"https:\/\/www.europesays.com\/lv\/wp-json\/wp\/v2\/users\/2"}],"replies":[{"embeddable":true,"href":"https:\/\/www.europesays.com\/lv\/wp-json\/wp\/v2\/comments?post=86000"}],"version-history":[{"count":0,"href":"https:\/\/www.europesays.com\/lv\/wp-json\/wp\/v2\/posts\/86000\/revisions"}],"wp:featuredmedia":[{"embeddable":true,"href":"https:\/\/www.europesays.com\/lv\/wp-json\/wp\/v2\/media\/86001"}],"wp:attachment":[{"href":"https:\/\/www.europesays.com\/lv\/wp-json\/wp\/v2\/media?parent=86000"}],"wp:term":[{"taxonomy":"category","embeddable":true,"href":"https:\/\/www.europesays.com\/lv\/wp-json\/wp\/v2\/categories?post=86000"},{"taxonomy":"post_tag","embeddable":true,"href":"https:\/\/www.europesays.com\/lv\/wp-json\/wp\/v2\/tags?post=86000"}],"curies":[{"name":"wp","href":"https:\/\/api.w.org\/{rel}","templated":true}]}}