{"id":86031,"date":"2025-12-25T18:46:38","date_gmt":"2025-12-25T18:46:38","guid":{"rendered":"https:\/\/www.europesays.com\/lv\/86031\/"},"modified":"2025-12-25T18:46:38","modified_gmt":"2025-12-25T18:46:38","slug":"zinas-vieglaja-valoda-24-decembri-raksts","status":"publish","type":"post","link":"https:\/\/www.europesays.com\/lv\/86031\/","title":{"rendered":"Zi\u0146as vieglaj\u0101 valod\u0101 24. decembr\u012b \/ Raksts"},"content":{"rendered":"<p>Zi\u0146as vieglaj\u0101 valod\u0101 24. decembr\u012b.\u00a0<\/p>\n<p>Zi\u0146as vieglaj\u0101 valod\u0101 24. decembr\u012b<\/p>\n<p>Sv\u0113taj\u0101 zem\u0113 s\u0101kas Ziemassv\u0113tku svin\u012bbas\u00a0<\/p>\n<p>Sv\u0113taj\u0101 zem\u0113 \u0161odien s\u0101kas Ziemassv\u0113tku svin\u012bbas.<\/p>\n<p>Cilv\u0113ki dodas procesij\u0101 no Jeruzalemes uz B\u0113tlemi.<\/p>\n<p>Tur, k\u0101 v\u0113sta le\u0123enda, piedzimis J\u0113zus.\u00a0<\/p>\n<p>Kara d\u0113\u013c Gazas josl\u0101 svin\u012bbas B\u0113tlem\u0113 p\u0113d\u0113jos divus gadus biju\u0161as klusas.<\/p>\n<p>Bet p\u0113c pamiera starp Izra\u0113lu un grup\u0113jumu &#8220;Ham\u0101s&#8221; 10. oktobr\u012b pie J\u0113zus dzim\u0161anas bazn\u012bcas uzst\u0101d\u012bta liela Ziemassv\u0113tku egle.<\/p>\n<p>Izra\u0113las T\u016brisma ministrija \u0161ogad gaida ap 40 000 sv\u0113tce\u013cnieku.<\/p>\n<p>Kristie\u0161i ir neliela grupa Izra\u0113l\u0101 un palest\u012bnie\u0161u teritorij\u0101s.<\/p>\n<p>\u00a0<\/p>\n<p>Ziemassv\u0113tku vec\u012btis nov\u0113l mierpilnus Ziemassv\u0113tkus\u00a0<\/p>\n<p>Santaklauss jeb Ziemassv\u0113tku vec\u012btis, kas dz\u012bvo Somij\u0101, nov\u0113l mums visiem censties b\u016bt lab\u0101kiem, bet ne ide\u0101liem.<\/p>\n<p>Pirms d\u0101vanu nog\u0101d\u0101\u0161anas vi\u0146\u0161 aicina dom\u0101t par mieru pasaul\u0113, kad kar\u0161 turpin\u0101s Ukrain\u0101, Sud\u0101n\u0101 un citur.<\/p>\n<p>\u00a0<\/p>\n<p>Zelenskis: Sarun\u0101s ar ASV teritori\u0101lie jaut\u0101jumi nav atrisin\u0101ti\u00a0<\/p>\n<p>Ukrainas prezidents Volodimirs Zelenskis saka, ka ASV un Ukrainas sarun\u0101s par kara izbeig\u0161anu nav pan\u0101kta vienpr\u0101t\u012bba par teritorij\u0101m.<\/p>\n<p>Doneckas apgabala un Zapori\u017ejas kodolsp\u0113kstacijas jaut\u0101jumi esot j\u0101apsprie\u017e augst\u0101kaj\u0101 l\u012bmen\u012b.<\/p>\n<p>ASV miera pl\u0101na p\u0113d\u0113j\u0101 versija paredzot frontes l\u012bnijas iesald\u0113\u0161anu un sarunas par demilitariz\u0113t\u0101m zon\u0101m.<\/p>\n<p>\u00a0<\/p>\n<p>Krievija\u00a0uz Ukrainu raid\u012bjusi 116 lidrobotus<\/p>\n<p>Krievija pag\u0101ju\u0161aj\u0101 nakt\u012b uz Ukrainu raid\u012bjusi 116 dronus.<\/p>\n<p>Ukrainas Gaisa sp\u0113ki zi\u0146o, ka 60 droni notriekti vai padar\u012bti nekait\u012bgi.<\/p>\n<p>Diem\u017e\u0113l 48 droni tr\u0101p\u012bju\u0161i 19 viet\u0101s, \u012bpa\u0161i \u010cer\u0146ihivas apgabal\u0101.<\/p>\n<p>\u00a0<\/p>\n<p>Ukrai\u0146u lidroboti izraisa ugunsgr\u0113ku polim\u0113ru r\u016bpn\u012bc\u0101 Tulas apgabal\u0101\u00a0<\/p>\n<p>Ukrai\u0146u dronu uzlidojum\u0101 izc\u0113lies ugunsgr\u0113ks k\u0101d\u0101 Krievijas r\u016bpn\u012bc\u0101.<\/p>\n<p>Soci\u0101lajos t\u012bklos redzams ugunsgr\u0113ks.\u00a0<\/p>\n<p>\u00a0<\/p>\n<p>Polij\u0101 darbu s\u0101kusi mobil\u0101 lietotne, kas \u013cauj atrast tuv\u0101ko patvertni\u00a0<\/p>\n<p>Polij\u0101 s\u0101kusi darboties lietotne un m\u0101jaslapa &#8220;Kur pasl\u0113pties&#8221;.<\/p>\n<p>T\u0101 pal\u012bdz atrast tuv\u0101k\u0101s patvertnes kara vai citos \u0101rk\u0101rtas gad\u012bjumos.<\/p>\n<p>\u00a0<\/p>\n<p>V\u0101cij\u0101 apcietina \u0160veices izdoto ukrai\u0146u diversantu\u00a0<\/p>\n<p>\u0160veice izdevusi V\u0101cijai Ukrainas pilsoni, ko tur aizdom\u0101s par diversiju gatavo\u0161anu Krievijas uzdevum\u0101.<\/p>\n<p>Tr\u012bs Ukrainas pilso\u0146i pl\u0101noju\u0161i s\u016bt\u012bt paci\u0146as ar spridzek\u013ciem uz V\u0101ciju.<\/p>\n<p>\u00a0<\/p>\n<p>Atrasta\u00a0avar\u0113ju\u0161\u0101s L\u012bbijas lidma\u0161\u012bnas meln\u0101 kaste\u00a0<\/p>\n<p>Turcijas dienesti atradu\u0161i vakar avar\u0113ju\u0161\u0101s L\u012bbijas lidma\u0161\u012bnas melno kasti.<\/p>\n<p>Lidma\u0161\u012bna bija ce\u013c\u0101 uz Tripoli, bet avar\u0113ja p\u0113c pacel\u0161an\u0101s.<\/p>\n<p>Lidma\u0161\u012bn\u0101 bija asto\u0146i cilv\u0113ki, visi g\u0101ja boj\u0101.<\/p>\n<p>\u00a0<\/p>\n<p>Maskav\u0101 uzspridzin\u0101ti divi policisti\u00a0<\/p>\n<p>Maskav\u0101 spr\u0101dzien\u0101 nogalin\u0101ti divi policisti un v\u012brietis, kas iedarbin\u0101jis spridzekli.<\/p>\n<p>Spr\u0101dziens noticis net\u0101lu no vietas, kur uzspridzin\u0101ts Krievijas \u0123ener\u0101lleitnants.<\/p>\n<p>\u00a0<\/p>\n<p>Polij\u0101 politisku atbalstu g\u016bst ideja veidot jaunu megapoli\u00a0<\/p>\n<p>Polij\u0101 atbalsta ideju rad\u012bt megapoli, kas b\u016btu liel\u0101ka par Londonu.<\/p>\n<p>Projekts apvienotu 41 pils\u0113tu, lai efekt\u012bvi izmantotu resursus un uzlabotu dz\u012bves kvalit\u0101ti.<\/p>\n<p>\u00a0<\/p>\n<p>Kalifornij\u0101\u00a0v\u0113tra piespiedusi simtiem cilv\u0113ku evaku\u0113ties\u00a0<\/p>\n<p>Kalifornij\u0101 ziemas v\u0113tra piespiedusi simtiem cilv\u0113ku evaku\u0113ties un izjaukusi ce\u013cojumu pl\u0101nus.<\/p>\n<p>V\u0113tra nes\u012b\u0161ot lietu un sniegu vair\u0101kas dienas.<\/p>\n<p>\u00a0<\/p>\n<p>Valsts augst\u0101k\u0101s amatpersonas Ziemassv\u0113tkos nov\u0113l satikt sen neredz\u0113tus draugus un saglab\u0101t sirds siltumu\u00a0<\/p>\n<p>Latvijas premjere Evika Sili\u0146a un prezidents Edgars Rink\u0113vi\u010ds Ziemassv\u0113tkos nov\u0113l satikt draugus un saglab\u0101t sirds siltumu.<\/p>\n<p>Sili\u0146a aicina d\u0101vin\u0101t prieku, sveicin\u0101t kaimi\u0146us un pateikties \u0123imenei.<\/p>\n<p>Rink\u0113vi\u010ds aicina ieraudz\u012bt gaismu un atmest lieko.<\/p>\n<p>\u00a0<\/p>\n<p>Sv\u0113tkos vieglu saslim\u0161anu gad\u012bjum\u0101 aicina zvan\u012bt uz 66016001\u00a0<\/p>\n<p>Nacion\u0101lais vesel\u012bbas dienests atg\u0101dina, ka vieglu saslim\u0161anu gad\u012bjum\u0101 var zvan\u012bt uz \u0122imenes \u0101rstu konsultat\u012bvo t\u0101lruni.<\/p>\n<p>Sv\u0113tku dien\u0101s str\u0101d\u0101s de\u017e\u016br\u0101rsti.<\/p>\n<p>\u00a0<\/p>\n<p>Laika zi\u0146as\u00a0<\/p>\n<p>Sinopti\u0137i prognoz\u0113, ka \u0161onakt Latvij\u0101 b\u016bs m\u0101ko\u0146ains laiks, viet\u0101m rietumos skaidrosies.<\/p>\n<p>Da\u017eviet neliels sniegs.<\/p>\n<p>Atsevi\u0161\u0137os posmos b\u016bs slideni ce\u013ci.<\/p>\n<p>L\u0113ns rietumu v\u0113j\u0161.<\/p>\n<p>Gaisa temperat\u016bra 1&#8230;-3 gr\u0101di, piekrast\u0113 1&#8230;4 gr\u0101di.<\/p>\n<p>\u00a0<\/p>\n<p>R\u012bt b\u016bs m\u0101ko\u0146ains laiks, viet\u0101m rietumu un centr\u0101lajos rajonos skaidrosies.<\/p>\n<p>No priek\u0161pusdienas valsts austrumos nelieli nokri\u0161\u0146i \u2013 lietus, viet\u0101m slapj\u0161 sniegs.<\/p>\n<p>M\u0113rens rietumu, zieme\u013crietumu v\u0113j\u0161, no p\u0113cpusdienas piekrast\u0113, vakar\u0101 ar\u012b valsts austrumos br\u0101zm\u0101s l\u012bdz 17 metriem sekund\u0113.<\/p>\n<p>Gaisa temperat\u016bra 0&#8230;4 gr\u0101di, viet\u0101m piekrast\u0113 5&#8230;6 gr\u0101di.<\/p>\n<p>\u00a0<\/p>\n<p>R\u012bg\u0101 b\u016bs m\u0101ko\u0146ains laiks, r\u012bt p\u0113cpusdien\u0101 br\u012b\u017eiem skaidrosies.<\/p>\n<p>Nakts s\u0101kum\u0101 iesp\u0113jams neliels sniegs.<\/p>\n<p>M\u0113rens rietumu, zieme\u013crietumu v\u0113j\u0161, r\u012bt no p\u0113cpusdienas br\u0101zm\u0101s l\u012bdz 15 metriem sekund\u0113.<\/p>\n<p>Gaisa temperat\u016bra nakt\u012b 0&#8230;2 gr\u0101di, r\u012bt dien\u0101 2&#8230;4 gr\u0101di.<\/p>\n","protected":false},"excerpt":{"rendered":"Zi\u0146as vieglaj\u0101 valod\u0101 24. decembr\u012b.\u00a0 Zi\u0146as vieglaj\u0101 valod\u0101 24. decembr\u012b Sv\u0113taj\u0101 zem\u0113 s\u0101kas Ziemassv\u0113tku svin\u012bbas\u00a0 Sv\u0113taj\u0101 zem\u0113 \u0161odien&hellip;\n","protected":false},"author":2,"featured_media":6849,"comment_status":"","ping_status":"","sticky":false,"template":"","format":"standard","meta":{"footnotes":""},"categories":[12],"tags":[23,28,29,32,33,22,30,31,35,39,38,36,37,34,40,20,26,27,24,25,21],"class_list":{"0":"post-86031","1":"post","2":"type-post","3":"status-publish","4":"format-standard","5":"has-post-thumbnail","7":"category-latvija","8":"tag-aktualitates","9":"tag-breaking-news","10":"tag-breakingnews","11":"tag-featured-news","12":"tag-featurednews","13":"tag-headlines","14":"tag-latest-news","15":"tag-latestnews","16":"tag-latvia","17":"tag-latvian","18":"tag-latviesu","19":"tag-latviesu-valoda","20":"tag-latviesuvaloda","21":"tag-latvija","22":"tag-lv","23":"tag-news","24":"tag-popularakas-zinas","25":"tag-popularakaszinas","26":"tag-top-stories","27":"tag-topstories","28":"tag-zinas"},"share_on_mastodon":{"url":"https:\/\/pubeurope.com\/@lv\/115781696461035851","error":""},"_links":{"self":[{"href":"https:\/\/www.europesays.com\/lv\/wp-json\/wp\/v2\/posts\/86031","targetHints":{"allow":["GET"]}}],"collection":[{"href":"https:\/\/www.europesays.com\/lv\/wp-json\/wp\/v2\/posts"}],"about":[{"href":"https:\/\/www.europesays.com\/lv\/wp-json\/wp\/v2\/types\/post"}],"author":[{"embeddable":true,"href":"https:\/\/www.europesays.com\/lv\/wp-json\/wp\/v2\/users\/2"}],"replies":[{"embeddable":true,"href":"https:\/\/www.europesays.com\/lv\/wp-json\/wp\/v2\/comments?post=86031"}],"version-history":[{"count":0,"href":"https:\/\/www.europesays.com\/lv\/wp-json\/wp\/v2\/posts\/86031\/revisions"}],"wp:featuredmedia":[{"embeddable":true,"href":"https:\/\/www.europesays.com\/lv\/wp-json\/wp\/v2\/media\/6849"}],"wp:attachment":[{"href":"https:\/\/www.europesays.com\/lv\/wp-json\/wp\/v2\/media?parent=86031"}],"wp:term":[{"taxonomy":"category","embeddable":true,"href":"https:\/\/www.europesays.com\/lv\/wp-json\/wp\/v2\/categories?post=86031"},{"taxonomy":"post_tag","embeddable":true,"href":"https:\/\/www.europesays.com\/lv\/wp-json\/wp\/v2\/tags?post=86031"}],"curies":[{"name":"wp","href":"https:\/\/api.w.org\/{rel}","templated":true}]}}