{"id":86035,"date":"2025-12-25T19:01:13","date_gmt":"2025-12-25T19:01:13","guid":{"rendered":"https:\/\/www.europesays.com\/lv\/86035\/"},"modified":"2025-12-25T19:01:13","modified_gmt":"2025-12-25T19:01:13","slug":"tenisa-legenda-venusa-viljamsa-apprecas-ar-italu-aktieri-andreu-preti-divas-ceremonijas-lente-lv","status":"publish","type":"post","link":"https:\/\/www.europesays.com\/lv\/86035\/","title":{"rendered":"Tenisa Le\u0123enda Venusa Viljamsa Apprecas ar It\u0101\u013cu Aktieri Andreu Pret\u012b Div\u0101s Ceremonij\u0101s\u00a0\u2014\u00a0Lente.lv"},"content":{"rendered":"<p>Tenisa Zvaigzne Atvad\u0101s no Vecpui\u0161u Dz\u012bves<\/p>\n<p>Pasaulslaven\u0101 tenisa ikona Venusa Viljamsa, 45 gadus vec\u0101 septi\u0146k\u0101rt\u0113j\u0101 \u00abGrand Slam\u00bb turn\u012bru uzvar\u0113t\u0101ja, ir k\u013cuvusi par prec\u0113tu sievieti. K\u0101 zi\u0146o telekan\u0101ls TV3, Viljamsa soci\u0101lajos t\u012bklos un eksklat\u012bv\u0101 intervij\u0101 izdevumam \u201cVogue\u201d apstiprin\u0101jusi savu laul\u012bbu ar it\u0101\u013cu aktieri un producentu Andreu Pret\u012b. \u0160is notikums iez\u012bm\u0113 noz\u012bm\u012bgu pav\u0113rsienu Viljamsas dz\u012bv\u0113, kura vienm\u0113r \u013coti r\u016bp\u012bgi sarg\u0101jusi savu priv\u0101to dz\u012bvi no mediju ac\u012bm.<\/p>\n<p>Divi K\u0101zu Uzvedumi: It\u0101lija un Florida<\/p>\n<p>P\u0101ris savu savien\u012bbu svin\u0113ja divreiz, \u012bstenojot gan int\u012bmu It\u0101lijas ceremoniju, gan v\u0113rien\u012bg\u0101kas svin\u012bbas Florid\u0101. Pirm\u0101s k\u0101zas notika 2025. gada septembr\u012b It\u0101lij\u0101, kas ir Preti dzimtene. Tom\u0113r ofici\u0101lo laul\u012bbu re\u0123istr\u0101cija pras\u012bja ilg\u0101ku laiku sare\u017e\u0123\u012btas pap\u012brniec\u012bbas d\u0113\u013c, kas, k\u0101 atkl\u0101jusi Viljamsa, \u0101rzemniekiem var aiz\u0146emt l\u012bdz pat asto\u0146iem m\u0113ne\u0161iem. T\u0101d\u0113\u013c nesen, Floridas Palmb\u012b\u010d\u0101, notika otr\u0101, juridiski saisto\u0161\u0101 ceremonija.<\/p>\n<blockquote><p>\u201cMums bija sapnis r\u012bkot k\u0101zas It\u0101lij\u0101,\u201d Viljamsa past\u0101st\u012bja \u017eurn\u0101lam, atkl\u0101jot, ka otr\u0101 ceremonija tika r\u012bkota praktisku iemeslu d\u0113\u013c.<\/p><\/blockquote>\n<p>Otr\u0101s k\u0101zas Palmb\u012b\u010d\u0101, kur\u0101s 45 gadus vec\u0101 sportiste bija t\u0113rpusi \u201cMorilee New York\u201d kleit\u0101, norisin\u0101j\u0101s decembr\u012b. \u017durn\u0101ls \u201cVogue\u201d v\u0113sta, ka t\u0101s bija da\u013ca no piecu dienu gar\u0101m svin\u012bb\u0101m.<\/p>\n<p>Kas ir Andrea Preti?<\/p>\n<p>37 gadus vecais Andrea Preti nav tikai Viljamsas dz\u012bvesbiedrs; vi\u0146\u0161 ir daudzpus\u012bgs m\u0101kslinieks. Preti, kura dzimis D\u0101nij\u0101 1988. gad\u0101, bet liel\u0101ko da\u013cu dz\u012bves pavad\u012bjis It\u0101lij\u0101, ir veidojis karjeru k\u0101 modelis, aktieris un producents. Vi\u0146\u0161 ieguvis aktiermeistar\u012bbas izgl\u012bt\u012bbu \u0145ujorkas presti\u017eaj\u0101 Susan Batson Academy. Preti darbi ietver gan kino lomas, piem\u0113ram, 2014. gada film\u0101 \u201cOne More Day\u201d, kuru vi\u0146\u0161 ar\u012b rakst\u012bjis un re\u017eis\u0113jis, gan dal\u012bbu popul\u0101ros It\u0101lijas telev\u012bzijas projektos, piem\u0113ram, seri\u0101l\u0101 \u201cA Professor\u201d.<\/p>\n<p>Attiec\u012bbu V\u0113sture un Saderin\u0101\u0161an\u0101s<\/p>\n<p>Lai gan p\u0101ris savas attiec\u012bbas cen\u0161as tur\u0113t diskr\u0113tas, sabiedr\u012bbas uzman\u012bba tika piesaist\u012bta 2024. gada j\u016blij\u0101, kad vi\u0146i tika paman\u012bti atp\u016b\u0161oties Amalf\u012b krast\u0101, It\u0101lij\u0101. Saderin\u0101\u0161an\u0101s, kas notika \u0161\u012b gada janv\u0101r\u012b Tosk\u0101n\u0101, tika ofici\u0101li apstiprin\u0101ta j\u016blij\u0101, kad Viljamsa publiski atzina, ka vi\u0146as \u201cl\u012bgavainis ir \u0161eit un mudin\u0101ja mani turpin\u0101t sp\u0113l\u0113t.\u201d Tie\u0161i Preti atbalsts tiek min\u0113ts k\u0101 b\u016btisks faktors, kas pal\u012bdz\u0113jis Viljamsai p\u0101rvar\u0113t da\u017e\u0101dus karjeras posmus.<\/p>\n","protected":false},"excerpt":{"rendered":"Tenisa Zvaigzne Atvad\u0101s no Vecpui\u0161u Dz\u012bves Pasaulslaven\u0101 tenisa ikona Venusa Viljamsa, 45 gadus vec\u0101 septi\u0146k\u0101rt\u0113j\u0101 \u00abGrand Slam\u00bb turn\u012bru&hellip;\n","protected":false},"author":2,"featured_media":86036,"comment_status":"","ping_status":"","sticky":false,"template":"","format":"standard","meta":{"footnotes":""},"categories":[19],"tags":[21543,89,21849,90,35,39,38,36,37,34,5874,40,683,21542],"class_list":{"0":"post-86035","1":"post","2":"type-post","3":"status-publish","4":"format-standard","5":"has-post-thumbnail","7":"category-izklaide","8":"tag-andrea-preti","9":"tag-entertainment","10":"tag-italijas-aktieris","11":"tag-izklaide","12":"tag-latvia","13":"tag-latvian","14":"tag-latviesu","15":"tag-latviesu-valoda","16":"tag-latviesuvaloda","17":"tag-latvija","18":"tag-laulibas","19":"tag-lv","20":"tag-teniss","21":"tag-venusa-viljamsa"},"share_on_mastodon":{"url":"https:\/\/pubeurope.com\/@lv\/115781755512653460","error":""},"_links":{"self":[{"href":"https:\/\/www.europesays.com\/lv\/wp-json\/wp\/v2\/posts\/86035","targetHints":{"allow":["GET"]}}],"collection":[{"href":"https:\/\/www.europesays.com\/lv\/wp-json\/wp\/v2\/posts"}],"about":[{"href":"https:\/\/www.europesays.com\/lv\/wp-json\/wp\/v2\/types\/post"}],"author":[{"embeddable":true,"href":"https:\/\/www.europesays.com\/lv\/wp-json\/wp\/v2\/users\/2"}],"replies":[{"embeddable":true,"href":"https:\/\/www.europesays.com\/lv\/wp-json\/wp\/v2\/comments?post=86035"}],"version-history":[{"count":0,"href":"https:\/\/www.europesays.com\/lv\/wp-json\/wp\/v2\/posts\/86035\/revisions"}],"wp:featuredmedia":[{"embeddable":true,"href":"https:\/\/www.europesays.com\/lv\/wp-json\/wp\/v2\/media\/86036"}],"wp:attachment":[{"href":"https:\/\/www.europesays.com\/lv\/wp-json\/wp\/v2\/media?parent=86035"}],"wp:term":[{"taxonomy":"category","embeddable":true,"href":"https:\/\/www.europesays.com\/lv\/wp-json\/wp\/v2\/categories?post=86035"},{"taxonomy":"post_tag","embeddable":true,"href":"https:\/\/www.europesays.com\/lv\/wp-json\/wp\/v2\/tags?post=86035"}],"curies":[{"name":"wp","href":"https:\/\/api.w.org\/{rel}","templated":true}]}}